{"id":11825,"date":"2023-08-13T13:20:08","date_gmt":"2023-08-13T13:20:08","guid":{"rendered":"https:\/\/kraios.app\/news\/spor\/2023\/08\/13\/aninin-fethinin-959-yil-donumunde-sporcular-pedal-cevirdi-kulac-atti\/"},"modified":"2023-08-13T13:20:08","modified_gmt":"2023-08-13T13:20:08","slug":"aninin-fethinin-959-yil-donumunde-sporcular-pedal-cevirdi-kulac-atti","status":"publish","type":"post","link":"https:\/\/kraios.app\/news\/spor\/2023\/08\/13\/aninin-fethinin-959-yil-donumunde-sporcular-pedal-cevirdi-kulac-atti\/","title":{"rendered":"Ani&#8217;nin fethinin 959. y\u0131l d\u00f6n\u00fcm\u00fcnde sporcular pedal \u00e7evirdi, kula\u00e7 att\u0131"},"content":{"rendered":"<p><\/p>\n<div>\n<p>T\u00fcrkiye-Ermenistan s\u0131n\u0131r\u0131nda bulunan UNESCO D\u00fcnya Miras Listesi&#8217;ndeki Ani \u00d6ren Yeri&#8217;nin fethinin 959. y\u0131l d\u00f6n\u00fcm\u00fc kutlamalar\u0131 ba\u015flad\u0131.<\/p>\n<p>Kars Valili\u011fi ve \u0130l K\u00fclt\u00fcr ve Turizm M\u00fcd\u00fcrl\u00fc\u011f\u00fc koordinesinde ger\u00e7ekle\u015fen etkinlikler \u00e7er\u00e7evesinde Bisikletliler Derne\u011fi Kars \u015eubesi ekibi, Ani&#8217;ye gitmek i\u00e7in Valilik \u00f6n\u00fcnde topland\u0131.<\/p>\n<p><img decoding=\"async\" alt=\"\" src=\"https:\/\/www.aa.com.tr\/uploads\/userFiles\/96f91bbd-282f-4a24-a12c-1b1092cfeb3b\/009_2023%2F05_2023%2F23_Agustos%2F20%2F20230813_2_59866821_91856852.jpg\"\/><\/p>\n<p>T\u00fcrkiye Bisikletliler Federasyonu Kars Temsilcisi Batuhan Caner Kayhan, gazetecilere, Ani \u00d6ren Yeri&#8217;nin tarihte \u00e7ok \u00f6nemli yere sahip oldu\u011funu belirterek, &#8220;Fethin 959. y\u0131l\u0131 etkinlikleri kapsam\u0131nda Ani&#8217;nin \u00f6nemini anlatmak i\u00e7in 100 kilometreye yak\u0131n pedal \u00e7evirece\u011fiz, hepinizi Ani&#8217;ye bekliyoruz. \u0130lk defa Ani&#8217;de Anadolu\u2019ya T\u00fcrklerin giri\u015fini bu \u015fekilde kutlayaca\u011f\u0131z.&#8221; dedi.<\/p>\n<p><img decoding=\"async\" alt=\"\" src=\"https:\/\/www.aa.com.tr\/uploads\/userFiles\/96f91bbd-282f-4a24-a12c-1b1092cfeb3b\/009_2023%2F05_2023%2F23_Agustos%2F20%2F20230813_2_59866821_91856853.jpg\"\/><\/p>\n<p>Etkinli\u011fe kat\u0131lan Asl\u0131 Ku\u015f&#8217;da herkesi Ani \u00d6ren Yeri&#8217;ni g\u00f6rmeye beklediklerini ifade ederek, daha \u00f6nce Ani&#8217;ye bisikletle gitmedi\u011fini dile getirdi.<\/p>\n<p>\u0130lk kez bisikletle uzun yol yapaca\u011f\u0131n\u0131 anlatan Ku\u015f, &#8220;Bu etkinlikte arkada\u015flar\u0131mla olaca\u011f\u0131m i\u00e7in \u00e7ok heyecanl\u0131 ve mutluyum. Atalar\u0131m\u0131z bu topraklara 959 y\u0131l \u00f6nce geldi ve bize buralar\u0131 b\u0131rakt\u0131. Bunu anmam\u0131z gerekti\u011fini d\u00fc\u015f\u00fcn\u00fcyoruz.&#8221; diye konu\u015ftu.<\/p>\n<p><img decoding=\"async\" alt=\"\" src=\"https:\/\/www.aa.com.tr\/uploads\/userFiles\/96f91bbd-282f-4a24-a12c-1b1092cfeb3b\/009_2023%2F05_2023%2F23_Agustos%2F20%2F20230813_2_59866821_91856857.jpg\"\/><\/p>\n<p>Kat\u0131l\u0131mc\u0131lardan Zeynal Narin\u00e7 ise bisiklet turunun tarih ve turizm a\u00e7\u0131s\u0131ndan g\u00fczel bir faaliyet olaca\u011f\u0131n\u0131 belirterek, \u015f\u00f6yle devam etti:<\/p>\n<p>&#8220;Daha \u00f6nce hi\u00e7 gitmedi\u011fim tarihi yere ilk defa bisikletle gidece\u011fim, bunun heyecan\u0131n\u0131 ve mutlulu\u011funu ya\u015f\u0131yorum. Bize bu imkanlar\u0131 sa\u011flayan herkese te\u015fekk\u00fcrlerimi sunar\u0131m. Gurur verici \u00e7\u00fcnk\u00fc hem uzun bir yol olacak hem de bu kadar kalabal\u0131k ekiple oraya gitmek daha g\u00fczel.&#8221;<\/p>\n<p>Ekip daha sonra Ani&#8217;ye dikkati \u00e7ekmek i\u00e7in yakla\u015f\u0131k 100 kilometre pedal \u00e7evirdi. Bisikletli sporculara jandarma ekipleri de e\u015flik etti.<\/p>\n<p><img decoding=\"async\" alt=\"\" src=\"https:\/\/www.aa.com.tr\/uploads\/userFiles\/96f91bbd-282f-4a24-a12c-1b1092cfeb3b\/009_2023%2F05_2023%2F23_Agustos%2F20%2F20230813_2_59866821_91856862.jpg\"\/><\/p>\n<h3>Sporcular kula\u00e7 att\u0131<\/h3>\n<p>Etkinlikler \u00e7er\u00e7evesinde ayr\u0131ca Kars Yar\u0131 Olimpik Kapal\u0131 Y\u00fczme Havuzu&#8217;nda da Ani Y\u00fczme Yar\u0131\u015flar\u0131 d\u00fczenlendi.<\/p>\n<p>K\u0131z ve erkekler kategorisinde d\u00fczenlenen yar\u0131\u015fmada \u00f6\u011frenciler Ani&#8217;nin fethi i\u00e7in kula\u00e7 atarak k\u0131yas\u0131ya m\u00fccadele etti. Dereceye girenlere madalyalar\u0131 16 A\u011fustos&#8217;ta Ani \u00d6ren Yeri&#8217;nde takdim edilecek.<\/p>\n<p><img decoding=\"async\" alt=\"\" src=\"https:\/\/www.aa.com.tr\/uploads\/userFiles\/96f91bbd-282f-4a24-a12c-1b1092cfeb3b\/009_2023%2F05_2023%2F23_Agustos%2F20%2F20230813_2_59866821_91856863.jpg\"\/><\/p>\n<p>Yar\u0131\u015fmalar\u0131 izleyen \u0130l K\u00fclt\u00fcr ve Turizm M\u00fcd\u00fcr\u00fc Hayrettin \u00c7etin ise her y\u0131l farkl\u0131 etkinliklerle Ani&#8217;nin fethin kutlad\u0131klar\u0131n\u0131 dile getirerek, &#8220;Her y\u0131l oldu\u011fu gibi bu y\u0131l da Ani \u00d6ren Yeri&#8217;nin fethini kutluyoruz. Bisiklet turu, y\u00fczme, ok\u00e7uluk, satran\u00e7 gibi yar\u0131\u015fmalar\u0131z da devam ediyor. 16 A\u011fustos \u00c7ar\u015famba g\u00fcn\u00fc Ani \u00d6ren Yeri&#8217;nde t\u00f6renle etkinliklerimiz sona erecek.&#8221; \u015feklinde konu\u015ftu.<\/p>\n<p>                            <span class=\"detay-foto-editor\">&#13;<br \/>\n                                <a href=\"https:\/\/www.aa.com.tr\/tr\/p\/abonelik-talep-formu\/1001\" target=\"_blank\" style=\"font-size:12px; color:#444; text-decoration:none;\" rel=\"noopener\">&#13;<br \/>\n                                    Anadolu Ajans\u0131 web sitesinde, AA Haber Ak\u0131\u015f Sistemi (HAS) \u00fczerinden abonelere sunulan haberler, \u00f6zetlenerek yay\u0131mlanmaktad\u0131r. <b style=\"color:#1897F7\">Abonelik i\u00e7in l\u00fctfen ileti\u015fime ge\u00e7iniz.<\/b>&#13;<br \/>\n                                <\/a>&#13;<br \/>\n                            <\/span>\n                        <\/div>\n<p><script>\n\t  window.fbAsyncInit = function() {\n\t\tFB.init({\n\t\t  appId: '1855843514662870',\n\t\t  status : true, \/\/ check login status\n\t\t  cookie : true, \/\/ enable cookies to allow the server to access the session\n\t\t  xfbml  : true  \/\/ parse XFBML\n\t\t});\n\t  };<\/p>\n<p>\t  (function() {\n\t\tvar e = document.createElement('script');\n\t\te.src=\"https:\/\/connect.facebook.net\/tr_TR\/all.js\";\n\t\te.async = true;\n\t\tdocument.getElementById('fb-root').appendChild(e);\n\t  }());\n    <\/script><\/p>\n","protected":false},"excerpt":{"rendered":"<p>T\u00fcrkiye-Ermenistan s\u0131n\u0131r\u0131nda bulunan UNESCO D\u00fcnya Miras Listesi&#8217;ndeki Ani \u00d6ren Yeri&#8217;nin fethinin 959. y\u0131l d\u00f6n\u00fcm\u00fc kutlamalar\u0131 ba\u015flad\u0131. Kars Valili\u011fi ve \u0130l K\u00fclt\u00fcr ve Turizm M\u00fcd\u00fcrl\u00fc\u011f\u00fc koordinesinde ger\u00e7ekle\u015fen etkinlikler \u00e7er\u00e7evesinde Bisikletliler Derne\u011fi Kars \u015eubesi ekibi, Ani&#8217;ye gitmek i\u00e7in Valilik \u00f6n\u00fcnde topland\u0131. T\u00fcrkiye Bisikletliler Federasyonu Kars Temsilcisi Batuhan Caner Kayhan, gazetecilere, Ani \u00d6ren Yeri&#8217;nin tarihte \u00e7ok \u00f6nemli yere [&hellip;]<\/p>\n","protected":false},"author":1,"featured_media":11826,"comment_status":"","ping_status":"","sticky":false,"template":"","format":"standard","meta":[],"categories":[48],"tags":[],"_links":{"self":[{"href":"https:\/\/kraios.app\/news\/wp-json\/wp\/v2\/posts\/11825"}],"collection":[{"href":"https:\/\/kraios.app\/news\/wp-json\/wp\/v2\/posts"}],"about":[{"href":"https:\/\/kraios.app\/news\/wp-json\/wp\/v2\/types\/post"}],"author":[{"embeddable":true,"href":"https:\/\/kraios.app\/news\/wp-json\/wp\/v2\/users\/1"}],"replies":[{"embeddable":true,"href":"https:\/\/kraios.app\/news\/wp-json\/wp\/v2\/comments?post=11825"}],"version-history":[{"count":0,"href":"https:\/\/kraios.app\/news\/wp-json\/wp\/v2\/posts\/11825\/revisions"}],"wp:featuredmedia":[{"embeddable":true,"href":"https:\/\/kraios.app\/news\/wp-json\/wp\/v2\/media\/11826"}],"wp:attachment":[{"href":"https:\/\/kraios.app\/news\/wp-json\/wp\/v2\/media?parent=11825"}],"wp:term":[{"taxonomy":"category","embeddable":true,"href":"https:\/\/kraios.app\/news\/wp-json\/wp\/v2\/categories?post=11825"},{"taxonomy":"post_tag","embeddable":true,"href":"https:\/\/kraios.app\/news\/wp-json\/wp\/v2\/tags?post=11825"}],"curies":[{"name":"wp","href":"https:\/\/api.w.org\/{rel}","templated":true}]}}