{"id":11816,"date":"2023-08-13T08:20:05","date_gmt":"2023-08-13T08:20:05","guid":{"rendered":"https:\/\/kraios.app\/news\/ekonomi\/2023\/08\/13\/depremden-etkilenen-genclere-tesk-unicef-isbirligiyle-destek-verilecek\/"},"modified":"2023-08-13T08:20:05","modified_gmt":"2023-08-13T08:20:05","slug":"depremden-etkilenen-genclere-tesk-unicef-isbirligiyle-destek-verilecek","status":"publish","type":"post","link":"https:\/\/kraios.app\/news\/ekonomi\/2023\/08\/13\/depremden-etkilenen-genclere-tesk-unicef-isbirligiyle-destek-verilecek\/","title":{"rendered":"Depremden etkilenen gen\u00e7lere TESK-UNICEF i\u015fbirli\u011fiyle destek verilecek"},"content":{"rendered":"<p> <br \/>\n<br \/>T\u00fcrkiye Esnaf ve Sanatkarlar\u0131 Konfederasyonu (TESK) Genel Ba\u015fkan\u0131 Bendevi Paland\u00f6ken, 6 \u015eubat&#8217;ta meydana gelen Kahramanmara\u015f merkezli depremlerden etkilenen gen\u00e7lere UNICEF arac\u0131l\u0131\u011f\u0131 ile nakdi ve psiko-sosyal destek sa\u011flayacaklar\u0131n\u0131 belirtti.<br \/>\n<br \/><br \/>\n<br \/><a href=\"https:\/\/www.aa.com.tr\/tr\/ekonomi\/depremden-etkilenen-genclere-tesk-unicef-isbirligiyle-destek-verilecek\/2966721\">Source link <\/a><\/p>\n","protected":false},"excerpt":{"rendered":"<p>T\u00fcrkiye Esnaf ve Sanatkarlar\u0131 Konfederasyonu (TESK) Genel Ba\u015fkan\u0131 Bendevi Paland\u00f6ken, 6 \u015eubat&#8217;ta meydana gelen Kahramanmara\u015f merkezli depremlerden etkilenen gen\u00e7lere UNICEF arac\u0131l\u0131\u011f\u0131 ile nakdi ve psiko-sosyal destek sa\u011flayacaklar\u0131n\u0131 belirtti. Source link<\/p>\n","protected":false},"author":1,"featured_media":11817,"comment_status":"","ping_status":"","sticky":false,"template":"","format":"standard","meta":[],"categories":[44],"tags":[],"_links":{"self":[{"href":"https:\/\/kraios.app\/news\/wp-json\/wp\/v2\/posts\/11816"}],"collection":[{"href":"https:\/\/kraios.app\/news\/wp-json\/wp\/v2\/posts"}],"about":[{"href":"https:\/\/kraios.app\/news\/wp-json\/wp\/v2\/types\/post"}],"author":[{"embeddable":true,"href":"https:\/\/kraios.app\/news\/wp-json\/wp\/v2\/users\/1"}],"replies":[{"embeddable":true,"href":"https:\/\/kraios.app\/news\/wp-json\/wp\/v2\/comments?post=11816"}],"version-history":[{"count":0,"href":"https:\/\/kraios.app\/news\/wp-json\/wp\/v2\/posts\/11816\/revisions"}],"wp:featuredmedia":[{"embeddable":true,"href":"https:\/\/kraios.app\/news\/wp-json\/wp\/v2\/media\/11817"}],"wp:attachment":[{"href":"https:\/\/kraios.app\/news\/wp-json\/wp\/v2\/media?parent=11816"}],"wp:term":[{"taxonomy":"category","embeddable":true,"href":"https:\/\/kraios.app\/news\/wp-json\/wp\/v2\/categories?post=11816"},{"taxonomy":"post_tag","embeddable":true,"href":"https:\/\/kraios.app\/news\/wp-json\/wp\/v2\/tags?post=11816"}],"curies":[{"name":"wp","href":"https:\/\/api.w.org\/{rel}","templated":true}]}}