{"id":11802,"date":"2023-08-13T05:20:05","date_gmt":"2023-08-13T05:20:05","guid":{"rendered":"https:\/\/kraios.app\/news\/ekonomi\/2023\/08\/13\/bakan-bolat-cari-dengenin-20-ay-sonra-fazla-vermesi-faaliyetlerimizi-kararlilikla-surdurecegiz\/"},"modified":"2023-08-13T05:20:05","modified_gmt":"2023-08-13T05:20:05","slug":"bakan-bolat-cari-dengenin-20-ay-sonra-fazla-vermesi-faaliyetlerimizi-kararlilikla-surdurecegiz","status":"publish","type":"post","link":"https:\/\/kraios.app\/news\/ekonomi\/2023\/08\/13\/bakan-bolat-cari-dengenin-20-ay-sonra-fazla-vermesi-faaliyetlerimizi-kararlilikla-surdurecegiz\/","title":{"rendered":"Bakan Bolat: (Cari dengenin 20 ay sonra fazla vermesi) Faaliyetlerimizi kararl\u0131l\u0131kla s\u00fcrd\u00fcrece\u011fiz"},"content":{"rendered":"<p> <br \/>\n<br \/>Ticaret Bakan\u0131 \u00d6mer Bolat, haziranda cari i\u015flemler hesab\u0131n\u0131n 20 ay sonra fazla verdi\u011fini belirterek, &#8220;Ticaret Bakanl\u0131\u011f\u0131 olarak faaliyetlerimizi kararl\u0131l\u0131kla s\u00fcrd\u00fcrece\u011fiz.&#8221; ifadesini kulland\u0131.<br \/>\n<br \/><br \/>\n<br \/><a href=\"https:\/\/www.aa.com.tr\/tr\/ekonomi\/bakan-bolat-cari-dengenin-20-ay-sonra-fazla-vermesi-faaliyetlerimizi-kararlilikla-surdurecegiz\/2966078\">Source link <\/a><\/p>\n","protected":false},"excerpt":{"rendered":"<p>Ticaret Bakan\u0131 \u00d6mer Bolat, haziranda cari i\u015flemler hesab\u0131n\u0131n 20 ay sonra fazla verdi\u011fini belirterek, &#8220;Ticaret Bakanl\u0131\u011f\u0131 olarak faaliyetlerimizi kararl\u0131l\u0131kla s\u00fcrd\u00fcrece\u011fiz.&#8221; ifadesini kulland\u0131. Source link<\/p>\n","protected":false},"author":1,"featured_media":11803,"comment_status":"","ping_status":"","sticky":false,"template":"","format":"standard","meta":[],"categories":[44],"tags":[],"_links":{"self":[{"href":"https:\/\/kraios.app\/news\/wp-json\/wp\/v2\/posts\/11802"}],"collection":[{"href":"https:\/\/kraios.app\/news\/wp-json\/wp\/v2\/posts"}],"about":[{"href":"https:\/\/kraios.app\/news\/wp-json\/wp\/v2\/types\/post"}],"author":[{"embeddable":true,"href":"https:\/\/kraios.app\/news\/wp-json\/wp\/v2\/users\/1"}],"replies":[{"embeddable":true,"href":"https:\/\/kraios.app\/news\/wp-json\/wp\/v2\/comments?post=11802"}],"version-history":[{"count":0,"href":"https:\/\/kraios.app\/news\/wp-json\/wp\/v2\/posts\/11802\/revisions"}],"wp:featuredmedia":[{"embeddable":true,"href":"https:\/\/kraios.app\/news\/wp-json\/wp\/v2\/media\/11803"}],"wp:attachment":[{"href":"https:\/\/kraios.app\/news\/wp-json\/wp\/v2\/media?parent=11802"}],"wp:term":[{"taxonomy":"category","embeddable":true,"href":"https:\/\/kraios.app\/news\/wp-json\/wp\/v2\/categories?post=11802"},{"taxonomy":"post_tag","embeddable":true,"href":"https:\/\/kraios.app\/news\/wp-json\/wp\/v2\/tags?post=11802"}],"curies":[{"name":"wp","href":"https:\/\/api.w.org\/{rel}","templated":true}]}}