{"id":11772,"date":"2023-08-12T22:20:05","date_gmt":"2023-08-12T22:20:05","guid":{"rendered":"https:\/\/kraios.app\/news\/spor\/2023\/08\/12\/galatasaray-sezonun-ilk-haftasinda-mondihome-kayserispor-ile-berabere-kaldi\/"},"modified":"2023-08-12T22:20:05","modified_gmt":"2023-08-12T22:20:05","slug":"galatasaray-sezonun-ilk-haftasinda-mondihome-kayserispor-ile-berabere-kaldi","status":"publish","type":"post","link":"https:\/\/kraios.app\/news\/spor\/2023\/08\/12\/galatasaray-sezonun-ilk-haftasinda-mondihome-kayserispor-ile-berabere-kaldi\/","title":{"rendered":"Galatasaray sezonun ilk haftas\u0131nda Mondihome Kayserispor ile berabere kald\u0131"},"content":{"rendered":"<p><\/p>\n<div>\n                            Trendyol S\u00fcper Ligi&#8217;nin son \u015fampiyonu Galatasaray, 2023-2024 sezonun ilk haftas\u0131nda deplasmanda Mondihome Kayserispor ile 0-0 berabere kald\u0131.<\/p>\n<h3>\u0130lk Yar\u0131<\/h3>\n<p>14. dakikada Kayserispor gole yakla\u015ft\u0131. Galatasaray savunmadan \u00e7\u0131kmak isterken Kerem Akt\u00fcrko\u011flu&#8217;nun hatal\u0131 pas\u0131nda top G\u00f6khan Sazda\u011f\u0131&#8217;nda kald\u0131. Ayn\u0131 oyuncunun topu birka\u00e7 metre s\u00fcrd\u00fckten sonra uzak mesafeden kaleye g\u00f6nderdi\u011fi sert \u015futta, me\u015fin yuvarlak \u00fcst kale dire\u011fine \u00e7arparak auta \u00e7\u0131kt\u0131.<\/p>\n<p>24. dakikada rakip yar\u0131 alanda pas aras\u0131 yapan Mertens, kaleye yakla\u015f\u0131k 25 metre mesafeden topa sert vurdu ama kaleci Bilal Bayazit \u00fczerine gelen me\u015fin yuvarla\u011f\u0131 \u00e7eldi.<\/p>\n<p>30. dakikada seri paslarla Kayserispor yar\u0131 alan\u0131na yerle\u015fen Galatasaray&#8217;da Mertens&#8217;in \u015f\u0131k topuk pas\u0131na ko\u015fu yapan Kerem Akt\u00fcrko\u011flu&#8217;nun sol \u00e7aprazdan ceza sahas\u0131na girer girmez sa\u011f aya\u011f\u0131 ile yapt\u0131\u011f\u0131 vuru\u015fta, me\u015fin yuvarlak sol kale dire\u011finin dibinden auta gitti.<\/p>\n<p><img decoding=\"async\" alt=\"\" src=\"https:\/\/www.aa.com.tr\/uploads\/userFiles\/40b5e6df-807a-4c96-8fee-5e91cbea23a3\/2023%2FAgustos%2Fmig2.jpg\"\/><\/p>\n<p>34. dakikada Kerem Akt\u00fcrko\u011flu&#8217;nun kulland\u0131\u011f\u0131 kornerde penalt\u0131 noktas\u0131 \u00fczerinde bo\u015f kalan Berkan Kutlu&#8217;nun kafa vuru\u015funda, kaleci Bilal Bayazit, son anda parmaklar\u0131n\u0131n ucuyla topu kornere \u00e7elmeyi ba\u015fard\u0131.<\/p>\n<p>37. dakikada rakip yar\u0131 alanda topla bulu\u015fan Oliveira&#8217;n\u0131n ceza sahas\u0131 d\u0131\u015f\u0131 sol \u00e7aprazdan kaleye g\u00f6nderdi\u011fi sert \u015futta me\u015fin yuvarlak az farkla auta \u00e7\u0131kt\u0131.<\/p>\n<p>44. dakikada Bar\u0131\u015f Alper Y\u0131lmaz&#8217;\u0131n pas\u0131nda sol \u00e7aprazda topla bulu\u015fan Kerem Akt\u00fcrko\u011flu&#8217;nun uzak k\u00f6\u015feye vuru\u015funda, top az farkla auta gitti.<\/p>\n<p>45+3. dakikada Oliveira&#8217;n\u0131n uzun pas\u0131nda sol \u00e7aprazdan ceza sahas\u0131na giren Mertens kaleciyle kar\u015f\u0131 kar\u015f\u0131ya pozisyonda topu iyi kontrol edemeyince topu kaleci Bilal Bayazit topu kontrol etti.<\/p>\n<p>Kar\u015f\u0131la\u015fman\u0131n ilk yar\u0131s\u0131 gols\u00fcz berabere tamamland\u0131.<\/p>\n<p><img decoding=\"async\" alt=\"\" src=\"https:\/\/www.aa.com.tr\/uploads\/userFiles\/40b5e6df-807a-4c96-8fee-5e91cbea23a3\/2023%2FAgustos%2Fmig1.jpg\"\/><\/p>\n<h3>\u0130kinci Yar\u0131<\/h3>\n<p>47. dakikada Attamah&#8217;\u0131n kendi yar\u0131 alan\u0131n ilk metrelerinden savunman\u0131n arkas\u0131na g\u00f6nderdi\u011fi uzun pasa ko\u015fu yapan Cardoso&#8217;nun topu kontrol ettikten sonra ceza sahas\u0131na girer girmez sa\u011f \u00e7aprazdan \u015futunda, kaleci Muslera, kapatt\u0131\u011f\u0131 k\u00f6\u015feye y\u00f6nelen me\u015fin yuvarla\u011f\u0131 uzanarak kontrol etti.<\/p>\n<p>53. dakikada Karimi&#8217;nin pas\u0131nda ceza sahas\u0131 i\u00e7erisinde topla bulu\u015fan Cardoso&#8217;nun kale alan\u0131na \u00e7\u0131kard\u0131\u011f\u0131 pasa ko\u015fu yapan G\u00f6khan Sazda\u011f\u0131&#8217;n\u0131n vuru\u015funda, me\u015fin yuvarlak kale dire\u011finin dibinden auta \u00e7\u0131kt\u0131.<\/p>\n<p>69. dakikada Oliveira&#8217;n\u0131n sa\u011f kanattan ortas\u0131nda \u00f6n dire\u011fe ko\u015fu yapan Icardi&#8217;nin kafa vuru\u015funda, kaleci Bilal Bayazit son anda topu \u00e7elmeyi ba\u015fard\u0131. Kaleciden seken topu savunma uzakla\u015ft\u0131rd\u0131.<\/p>\n<p><img decoding=\"async\" alt=\"\" src=\"https:\/\/www.aa.com.tr\/uploads\/userFiles\/40b5e6df-807a-4c96-8fee-5e91cbea23a3\/2023%2FAgustos%2Fmondiho.jpg\"\/><\/p>\n<p>89. dakikada Ackah&#8217;\u0131n savunman\u0131n arkas\u0131na havadan g\u00f6nderdi\u011fi pasa ko\u015fu yapan Thiam kaleciyle kar\u015f\u0131 kar\u015f\u0131ya pozisyonda topu \u0131skalad\u0131. Thiam&#8217;dan seken topu kaleci Muslera kontrol etti.<\/p>\n<p>90+8. dakikada sa\u011f kanattan geli\u015fen Kayserispor ata\u011f\u0131nda Mane&#8217;nin ortas\u0131nda kale alan\u0131 i\u00e7erisinde kaleciyle kar\u015f\u0131 kar\u015f\u0131ya pozisyonda Ramazan Civelek&#8217;in kontrol edemedi\u011fi me\u015fin yuvarlak kaleci Muslera&#8217;da kald\u0131.<\/p>\n<p>Kar\u015f\u0131la\u015fma gols\u00fcz e\u015fitlikle sona erdi.<\/p>\n<p>                            <span class=\"detay-foto-editor\">&#13;<br \/>\n                                <a href=\"https:\/\/www.aa.com.tr\/tr\/p\/abonelik-talep-formu\/1001\" target=\"_blank\" style=\"font-size:12px; color:#444; text-decoration:none;\" rel=\"noopener\">&#13;<br \/>\n                                    Anadolu Ajans\u0131 web sitesinde, AA Haber Ak\u0131\u015f Sistemi (HAS) \u00fczerinden abonelere sunulan haberler, \u00f6zetlenerek yay\u0131mlanmaktad\u0131r. <b style=\"color:#1897F7\">Abonelik i\u00e7in l\u00fctfen ileti\u015fime ge\u00e7iniz.<\/b>&#13;<br \/>\n                                <\/a>&#13;<br \/>\n                            <\/span>\n                        <\/div>\n<p><script>\n\t  window.fbAsyncInit = function() {\n\t\tFB.init({\n\t\t  appId: '1855843514662870',\n\t\t  status : true, \/\/ check login status\n\t\t  cookie : true, \/\/ enable cookies to allow the server to access the session\n\t\t  xfbml  : true  \/\/ parse XFBML\n\t\t});\n\t  };<\/p>\n<p>\t  (function() {\n\t\tvar e = document.createElement('script');\n\t\te.src=\"https:\/\/connect.facebook.net\/tr_TR\/all.js\";\n\t\te.async = true;\n\t\tdocument.getElementById('fb-root').appendChild(e);\n\t  }());\n    <\/script><\/p>\n","protected":false},"excerpt":{"rendered":"<p>Trendyol S\u00fcper Ligi&#8217;nin son \u015fampiyonu Galatasaray, 2023-2024 sezonun ilk haftas\u0131nda deplasmanda Mondihome Kayserispor ile 0-0 berabere kald\u0131. \u0130lk Yar\u0131 14. dakikada Kayserispor gole yakla\u015ft\u0131. Galatasaray savunmadan \u00e7\u0131kmak isterken Kerem Akt\u00fcrko\u011flu&#8217;nun hatal\u0131 pas\u0131nda top G\u00f6khan Sazda\u011f\u0131&#8217;nda kald\u0131. Ayn\u0131 oyuncunun topu birka\u00e7 metre s\u00fcrd\u00fckten sonra uzak mesafeden kaleye g\u00f6nderdi\u011fi sert \u015futta, me\u015fin yuvarlak \u00fcst kale dire\u011fine \u00e7arparak [&hellip;]<\/p>\n","protected":false},"author":1,"featured_media":11773,"comment_status":"","ping_status":"","sticky":false,"template":"","format":"standard","meta":[],"categories":[48],"tags":[],"_links":{"self":[{"href":"https:\/\/kraios.app\/news\/wp-json\/wp\/v2\/posts\/11772"}],"collection":[{"href":"https:\/\/kraios.app\/news\/wp-json\/wp\/v2\/posts"}],"about":[{"href":"https:\/\/kraios.app\/news\/wp-json\/wp\/v2\/types\/post"}],"author":[{"embeddable":true,"href":"https:\/\/kraios.app\/news\/wp-json\/wp\/v2\/users\/1"}],"replies":[{"embeddable":true,"href":"https:\/\/kraios.app\/news\/wp-json\/wp\/v2\/comments?post=11772"}],"version-history":[{"count":0,"href":"https:\/\/kraios.app\/news\/wp-json\/wp\/v2\/posts\/11772\/revisions"}],"wp:featuredmedia":[{"embeddable":true,"href":"https:\/\/kraios.app\/news\/wp-json\/wp\/v2\/media\/11773"}],"wp:attachment":[{"href":"https:\/\/kraios.app\/news\/wp-json\/wp\/v2\/media?parent=11772"}],"wp:term":[{"taxonomy":"category","embeddable":true,"href":"https:\/\/kraios.app\/news\/wp-json\/wp\/v2\/categories?post=11772"},{"taxonomy":"post_tag","embeddable":true,"href":"https:\/\/kraios.app\/news\/wp-json\/wp\/v2\/tags?post=11772"}],"curies":[{"name":"wp","href":"https:\/\/api.w.org\/{rel}","templated":true}]}}