{"id":11770,"date":"2023-08-12T20:20:05","date_gmt":"2023-08-12T20:20:05","guid":{"rendered":"https:\/\/kraios.app\/news\/yasam\/2023\/08\/12\/ankara-kedisi-seymen-yeni-yuvasi-ayasofya-i-kebir-camiinde\/"},"modified":"2023-08-12T20:20:05","modified_gmt":"2023-08-12T20:20:05","slug":"ankara-kedisi-seymen-yeni-yuvasi-ayasofya-i-kebir-camiinde","status":"publish","type":"post","link":"https:\/\/kraios.app\/news\/yasam\/2023\/08\/12\/ankara-kedisi-seymen-yeni-yuvasi-ayasofya-i-kebir-camiinde\/","title":{"rendered":"Ankara kedisi &#8220;Seymen&#8221; yeni yuvas\u0131 Ayasofya-i Kebir Camii&#8217;nde"},"content":{"rendered":"<p><\/p>\n<div>\n<p><strong>Ayasofya-i Kebir Camii<\/strong>&#8216;nde ya\u015fayan &#8220;Gli&#8221; adl\u0131 kediye arkada\u015f olmas\u0131 i\u00e7in 2020&#8217;de Pursaklar Belediyesi Ankara Kedisi Koruma ve Ya\u015fatma Merkezi&#8217;nden g\u00f6nderilen ve bir s\u00fcre sonra kaybolan <strong>Ankara kedisi<\/strong> K\u0131l\u0131\u00e7&#8217;\u0131n yerini torunu Seymen ald\u0131.<\/p>\n<p>Seymen, Ankara&#8217;dan kara yoluyla uzun bir yolculu\u011fun ard\u0131ndan Pursaklar Belediyesi Ankara Kedisi Koruma ve Ya\u015fatma Merkezi&#8217;nde veteriner teknikeri olarak g\u00f6rev yapan lisansl\u0131 kedi yeti\u015ftiricisi Ay\u015feg\u00fcl Korkmaz g\u00f6zetiminde \u0130stanbul&#8217;a ula\u015ft\u0131.<\/p>\n<p>Korkmaz, Seymen&#8217;i, \u00fczerinde isimli\u011fi bulunan tasmay\u0131 takt\u0131ktan sonra bir s\u00fcre Ayasofya \u00e7evresinde gezdirdi.<\/p>\n<p>Yolculu\u011fun kendilerini biraz yordu\u011funu belirten Korkmaz, 2020&#8217;de do\u011fan Seymen\u2019i bebekli\u011finden beri kendisinin yeti\u015ftirdi\u011fini s\u00f6yledi.<\/p>\n<div class=\"col-12 videoembed\">\n<div class=\"row\">\n<p class=\"row videoAciklama\">Korkmaz, Seymen&#8217;in Ankara\u2019daki tesisin en iri k\u0131y\u0131m kedisi oldu\u011funu, o nedenle bu ad\u0131n verildi\u011fini ifade ederek, &#8220;Ayr\u0131lmak \u00fcz\u00fcyor. Bulundu\u011fu ortam\u0131 g\u00f6rmek istedim. Ba\u015fka yerde huzursuz olmas\u0131n diye kendim gelmek istedim.&#8221; dedi.<\/p>\n<\/div>\n<\/div>\n<p>Seymen&#8217;e mikro\u00e7ip tak\u0131ld\u0131\u011f\u0131n\u0131, b\u00f6ylece takip edilece\u011fini aktaran Korkmaz, kaybolan dedesi K\u0131l\u0131\u00e7\u2019ta da \u00e7ip oldu\u011funu, herhangi bir sa\u011fl\u0131k kurulu\u015funa ba\u015fvurulursa kedinin bulunabilece\u011fini kaydetti.<\/p>\n<p><img decoding=\"async\" alt=\"\" src=\"https:\/\/www.aa.com.tr\/uploads\/userFiles\/40b5e6df-807a-4c96-8fee-5e91cbea23a3\/2023%2FAgustos%2Fardi1.jpg\"\/><\/p>\n<p>Korkmaz, K\u0131l\u0131\u00e7\u2019\u0131n \u00e7ok g\u00fczel, mavi-ye\u015fil g\u00f6zl\u00fc ve uzun t\u00fcyl\u00fc bir kedi oldu\u011funu dile getirerek, &#8220;Torunu Seymen kedi evimizin en iri k\u0131y\u0131m kedisi. Irk standartlar\u0131n\u0131 en y\u00fcksek derecede ta\u015f\u0131yan bir kedi. Buradaki bak\u0131c\u0131s\u0131yla irtibatta oluyoruz. Herhangi bir sorununda temasa ge\u00e7iyoruz. Ben yard\u0131mc\u0131 oluyorum. Ayr\u0131ca mamas\u0131, kumu ve di\u011fer ihtiya\u00e7lar\u0131n\u0131 biz temin ediyoruz. Onlar bittik\u00e7e ben al\u0131p gelirim.&#8221; ifadelerini kulland\u0131.<\/p>\n<p>Seymen daha sonra Uluslararas\u0131 \u015eecere ve Soy A\u011fac\u0131 Belgesi ve pasaportuyla, Ayasofya K\u00fclliyesi biriminden Selman Sayg\u0131l\u0131&#8217;ya teslim edildi.<\/p>\n<p>Sayg\u0131l\u0131, Ayasofya\u2019da ba\u015fka kedilerin de oldu\u011funa i\u015faret ederek, &#8220;G\u00f6z bebe\u011fimiz Ayasofya\u2019ya bakt\u0131\u011f\u0131m\u0131z gibi bakaca\u011f\u0131z.&#8221; dedi.<\/p>\n<p><img decoding=\"async\" alt=\"\" src=\"https:\/\/www.aa.com.tr\/uploads\/userFiles\/40b5e6df-807a-4c96-8fee-5e91cbea23a3\/2023%2FAgustos%2Fardi2.jpg\"\/><\/p>\n<p>Yuvas\u0131na b\u0131rak\u0131lan Seymen\u2019e, camiyi ziyaret eden \u00e7ocuklar yo\u011fun ilgi g\u00f6sterdi.<\/p>\n<p>\u00d6te yandan, 24 Temmuz 2022 do\u011fumlu Seymen\u2019in \u015feceresinde annesi Cank\u0131z ve babas\u0131 Cankat\u2019\u0131n kay\u0131tl\u0131 oldu\u011fu, birinci, ikinci ve \u00fc\u00e7\u00fcnc\u00fc ku\u015fak b\u00fcy\u00fckanne ve b\u00fcy\u00fckbabalar\u0131n\u0131n aras\u0131nda K\u0131l\u0131\u00e7&#8217;\u0131n ad\u0131n\u0131n da yer ald\u0131\u011f\u0131 g\u00f6r\u00fcld\u00fc.<\/p>\n<h3>&#8220;Ayasofya&#8217;y\u0131 ziyaret edenler bizim muhte\u015fem kedimizi de g\u00f6recek&#8221;<\/h3>\n<p>Pursaklar Belediye Ba\u015fkan\u0131 Ertu\u011frul \u00c7etin de Ankara&#8217;da yap\u0131lan u\u011furlamada, 2020&#8217;de Ayasofya-i Kebir Camii a\u00e7\u0131ld\u0131\u011f\u0131nda, tesislerinden K\u0131l\u0131\u00e7 isimli kediyi yollad\u0131klar\u0131n\u0131 hat\u0131rlatt\u0131.<\/p>\n<p>K\u0131l\u0131\u00e7&#8217;\u0131n yakla\u015f\u0131k 1,5 y\u0131l Ayasofya&#8217;da ya\u015fad\u0131\u011f\u0131n\u0131, oraya gelen ziyaret\u00e7ilerin K\u0131l\u0131\u00e7&#8217;\u0131, onun da ziyaret\u00e7ileri sevdi\u011fini ifade eden \u00c7etin, \u015funlar\u0131 kaydetti:<\/p>\n<p><img decoding=\"async\" alt=\"\" src=\"https:\/\/www.aa.com.tr\/uploads\/userFiles\/40b5e6df-807a-4c96-8fee-5e91cbea23a3\/2023%2FAgustos%2Fardi3.jpg\"\/><\/p>\n<p>&#8220;Fakat bir s\u00fcre sonra K\u0131l\u0131\u00e7 kayboldu, bulamad\u0131k. \u015eimdi de onun \u00fc\u00e7\u00fcnc\u00fc ku\u015fak torunu olan Seymen isimli kedimizi Ayasofya&#8217;ya yolluyoruz. Bu sefer yan\u0131nda \u015feceresi ve pasaportu da olacak. Tar\u0131m ve Orman Bakanl\u0131\u011f\u0131n\u0131n uygulad\u0131\u011f\u0131 mikro\u00e7ip sistemini de kulland\u0131k. Kaybolma ve \u00e7al\u0131nma riskine kar\u015f\u0131 Seymen&#8217;imiz daha g\u00fcvende olacak. Ayasofya herkesin g\u00f6z bebe\u011fi. Ankara kedisi de Ankara&#8217;n\u0131n g\u00f6z bebe\u011fi. \u0130kisinin bir arada olmas\u0131 bizi inan\u0131lmaz derecede mutlu ediyor. Ayasofya&#8217;y\u0131 ziyaret edenler bizim muhte\u015fem Ankara kedimizi de g\u00f6rm\u00fc\u015f olacak.&#8221;<\/p>\n<p>                            <span class=\"detay-foto-editor\">&#13;<br \/>\n                                <a href=\"https:\/\/www.aa.com.tr\/tr\/p\/abonelik-talep-formu\/1001\" target=\"_blank\" style=\"font-size:12px; color:#444; text-decoration:none;\" rel=\"noopener\">&#13;<br \/>\n                                    Anadolu Ajans\u0131 web sitesinde, AA Haber Ak\u0131\u015f Sistemi (HAS) \u00fczerinden abonelere sunulan haberler, \u00f6zetlenerek yay\u0131mlanmaktad\u0131r. <b style=\"color:#1897F7\">Abonelik i\u00e7in l\u00fctfen ileti\u015fime ge\u00e7iniz.<\/b>&#13;<br \/>\n                                <\/a>&#13;<br \/>\n                            <\/span>\n                        <\/div>\n<p><script>\n\t  window.fbAsyncInit = function() {\n\t\tFB.init({\n\t\t  appId: '1855843514662870',\n\t\t  status : true, \/\/ check login status\n\t\t  cookie : true, \/\/ enable cookies to allow the server to access the session\n\t\t  xfbml  : true  \/\/ parse XFBML\n\t\t});\n\t  };<\/p>\n<p>\t  (function() {\n\t\tvar e = document.createElement('script');\n\t\te.src=\"https:\/\/connect.facebook.net\/tr_TR\/all.js\";\n\t\te.async = true;\n\t\tdocument.getElementById('fb-root').appendChild(e);\n\t  }());\n    <\/script><\/p>\n","protected":false},"excerpt":{"rendered":"<p>Ayasofya-i Kebir Camii&#8216;nde ya\u015fayan &#8220;Gli&#8221; adl\u0131 kediye arkada\u015f olmas\u0131 i\u00e7in 2020&#8217;de Pursaklar Belediyesi Ankara Kedisi Koruma ve Ya\u015fatma Merkezi&#8217;nden g\u00f6nderilen ve bir s\u00fcre sonra kaybolan Ankara kedisi K\u0131l\u0131\u00e7&#8217;\u0131n yerini torunu Seymen ald\u0131. Seymen, Ankara&#8217;dan kara yoluyla uzun bir yolculu\u011fun ard\u0131ndan Pursaklar Belediyesi Ankara Kedisi Koruma ve Ya\u015fatma Merkezi&#8217;nde veteriner teknikeri olarak g\u00f6rev yapan lisansl\u0131 kedi [&hellip;]<\/p>\n","protected":false},"author":1,"featured_media":11771,"comment_status":"","ping_status":"","sticky":false,"template":"","format":"standard","meta":[],"categories":[50],"tags":[],"_links":{"self":[{"href":"https:\/\/kraios.app\/news\/wp-json\/wp\/v2\/posts\/11770"}],"collection":[{"href":"https:\/\/kraios.app\/news\/wp-json\/wp\/v2\/posts"}],"about":[{"href":"https:\/\/kraios.app\/news\/wp-json\/wp\/v2\/types\/post"}],"author":[{"embeddable":true,"href":"https:\/\/kraios.app\/news\/wp-json\/wp\/v2\/users\/1"}],"replies":[{"embeddable":true,"href":"https:\/\/kraios.app\/news\/wp-json\/wp\/v2\/comments?post=11770"}],"version-history":[{"count":0,"href":"https:\/\/kraios.app\/news\/wp-json\/wp\/v2\/posts\/11770\/revisions"}],"wp:featuredmedia":[{"embeddable":true,"href":"https:\/\/kraios.app\/news\/wp-json\/wp\/v2\/media\/11771"}],"wp:attachment":[{"href":"https:\/\/kraios.app\/news\/wp-json\/wp\/v2\/media?parent=11770"}],"wp:term":[{"taxonomy":"category","embeddable":true,"href":"https:\/\/kraios.app\/news\/wp-json\/wp\/v2\/categories?post=11770"},{"taxonomy":"post_tag","embeddable":true,"href":"https:\/\/kraios.app\/news\/wp-json\/wp\/v2\/tags?post=11770"}],"curies":[{"name":"wp","href":"https:\/\/api.w.org\/{rel}","templated":true}]}}