{"id":11734,"date":"2023-08-12T14:01:59","date_gmt":"2023-08-12T14:01:59","guid":{"rendered":"https:\/\/kraios.app\/news\/ekonomi\/2023\/08\/12\/karadenizde-findik-hasadi-basladi\/"},"modified":"2023-08-12T14:01:59","modified_gmt":"2023-08-12T14:01:59","slug":"karadenizde-findik-hasadi-basladi","status":"publish","type":"post","link":"https:\/\/kraios.app\/news\/ekonomi\/2023\/08\/12\/karadenizde-findik-hasadi-basladi\/","title":{"rendered":"Karadeniz&#8217;de f\u0131nd\u0131k hasad\u0131 ba\u015flad\u0131"},"content":{"rendered":"<p> <br \/>\n<\/p>\n<div>\n<p>\u00c7ar\u015famba Ovas\u0131&#8217;nda d\u00fcz arazilere ekilen f\u0131nd\u0131k, bah\u00e7elere serilen file \u00f6rg\u00fcler sayesinde kolayca toplan\u0131yor.<\/p>\n<p>Sabah saatlerinde bah\u00e7elerine giren \u00e7ift\u00e7iler, f\u0131nd\u0131\u011f\u0131 silkeleyerek filenin \u00fczerinden toplad\u0131ktan sonra \u00e7uvallara koyuyor. Toplanan f\u0131nd\u0131klar trakt\u00f6r kasalar\u0131na konularak kurutulmak i\u00e7in harmana g\u00f6t\u00fcr\u00fcl\u00fcyor.<\/p>\n<p><img decoding=\"async\" alt=\"\" src=\"https:\/\/www.aa.com.tr\/uploads\/userFiles\/96f91bbd-282f-4a24-a12c-1b1092cfeb3b\/009_2023%2F05_2023%2F24_Agustos%2F23%2F20230812_2_59857122_91828283.jpg\"\/><\/p>\n<p>Samsun Tar\u0131m ve Orman M\u00fcd\u00fcr\u00fc \u0130brahim Sa\u011flam AA muhabirine, Samsun&#8217;da f\u0131nd\u0131k hasad\u0131n\u0131n ba\u015flad\u0131\u011f\u0131n\u0131 s\u00f6yledi.<\/p>\n<p>\u00c7ar\u015famba&#8217;n\u0131n T\u00fcrkiye&#8217;de en fazla f\u0131nd\u0131k \u00fcretimi yap\u0131lan il\u00e7e oldu\u011funu dile getiren Sa\u011flam, &#8220;Ge\u00e7en y\u0131l Samsun&#8217;da 112 bin 500 ton f\u0131nd\u0131k rekoltesi olmu\u015ftu. Bunun 50 bin tonu sadece \u00c7ar\u015famba il\u00e7esinde \u00fcretildi. \u00c7ar\u015famba&#8217;da istemedi\u011fimiz bir durum var asl\u0131nda, ovada f\u0131nd\u0131k \u00fcretimi var. Biz daha \u00e7ok f\u0131nd\u0131\u011f\u0131n da\u011fl\u0131k b\u00f6lgelerde veya engebeli b\u00f6lgelerde \u00fcretilmesini istiyoruz. Ancak, \u00fcreticimiz karl\u0131 bir \u00fcr\u00fcn olmas\u0131 nedeniyle ovalara da f\u0131nd\u0131k bah\u00e7eleri olu\u015fturuyor. Tabii d\u00fcz ovada f\u0131nd\u0131k toplaman\u0131n avantajlar\u0131 var. Bah\u00e7enin i\u00e7ine file sererek daha kolay ve rahat \u015fekilde f\u0131nd\u0131k toplanabiliyor.&#8221; dedi.<\/p>\n<p><img decoding=\"async\" alt=\"\" src=\"https:\/\/www.aa.com.tr\/uploads\/userFiles\/96f91bbd-282f-4a24-a12c-1b1092cfeb3b\/009_2023%2F05_2023%2F24_Agustos%2F23%2F20230812_2_59857122_91828284.jpg\"\/><\/p>\n<p>Karadeniz B\u00f6lgesi i\u00e7in f\u0131nd\u0131\u011f\u0131n \u00e7ok de\u011ferli bir ge\u00e7im kayna\u011f\u0131 oldu\u011funa i\u015faret eden Sa\u011flam, &#8220;Ge\u00e7en y\u0131l i\u00e7erisinde 1 milyon 200 bin dekar alanda 112 bin 500 ton f\u0131nd\u0131k rekoltesi olmu\u015ftu, bu y\u0131l 124 bin 484 ton rekolte bekliyoruz. T\u00fcrkiye&#8217;de f\u0131nd\u0131k \u00fcretiminde Ordu&#8217;dan sonra ikinci s\u0131raday\u0131z. Aram\u0131zdaki mesafeyi 40 bin ton daha k\u0131saltt\u0131k. Samsun&#8217;da f\u0131nd\u0131k hasad\u0131 12 A\u011fustos g\u00fcn\u00fc itibar\u0131yla ba\u015flad\u0131. Ta ki eyl\u00fcl\u00fcn ortas\u0131na kadar devam edecek. \u00d6zellikle orta ku\u015fak dedi\u011fimiz 250-500 rak\u0131m aras\u0131nda 12 A\u011fustos&#8217;ta ba\u015flayan hasat sahil kesiminde 19 A\u011fustos&#8217;ta ve yukar\u0131 kesime gitti\u011fimizde ise 26 A\u011fustos&#8217;ta ba\u015fl\u0131yor. Yani burada \u00e7ok farkl\u0131 bir ekosistem var.&#8221; ifadesini kulland\u0131.<\/p>\n<p><img decoding=\"async\" alt=\"\" src=\"https:\/\/www.aa.com.tr\/uploads\/userFiles\/96f91bbd-282f-4a24-a12c-1b1092cfeb3b\/009_2023%2F05_2023%2F24_Agustos%2F23%2F20230812_2_59857122_91828285.jpg\"\/><\/p>\n<p>Sa\u011flam, f\u0131nd\u0131k fiyatlar\u0131n\u0131 Cumhurba\u015fkan\u0131 Recep Tayyip Erdo\u011fan&#8217;\u0131n a\u00e7\u0131klad\u0131\u011f\u0131 hat\u0131rlatarak, \u015f\u00f6yle devam etti.<\/p>\n<p>&#8220;F\u0131nd\u0131k fiyatlar\u0131ndan \u00e7ift\u00e7ilerin memnun. Samsun&#8217;da f\u0131nd\u0131k \u00e7ok \u00f6nemli bir \u00fcr\u00fcnd\u00fcr. Yakla\u015f\u0131k 35 bin \u00e7ift\u00e7imizin ge\u00e7im kayna\u011f\u0131d\u0131r. Yani hemen hemen \u00f6zellikle Samsun&#8217;un do\u011fu kesiminde Ayvac\u0131k, Terme, Sal\u0131pazar\u0131, \u00c7ar\u015famba, Tekkek\u00f6y ve Canik&#8217;in \u00fcst k\u0131s\u0131mlar\u0131nda bir\u00e7ok \u00e7ift\u00e7imizin mutlaka gelir kayna\u011f\u0131d\u0131r. Art\u0131 bu bir k\u00fclt\u00fcrd\u00fcr. Ben buradan \u00e7ift\u00e7ilerimizi uyar\u0131yorum. Hasad\u0131 gelmeyenler \u00f6zellikle hasada girmesinler. \u00c7otanaklar k\u0131pk\u0131rm\u0131z\u0131 olur, i\u00e7 k\u0131s\u0131mlar\u0131n\u0131 a\u00e7t\u0131\u011f\u0131nda k\u0131zar\u0131r ve sallan\u0131rlar. O zaman hasat yapabilirler. Bu hale vakti gelmeden hasat etmesinler. Toprak Mahsulleri Ofisimiz gerekli tedbirlerini ald\u0131. \u00c7ift\u00e7imizin gerek bu\u011fdayda oldu\u011fu gibi f\u0131nd\u0131kta da bir tek \u00fcr\u00fcn\u00fcn\u00fc b\u0131rakmadan hepsini alacaklar. Onun i\u00e7in hi\u00e7bir \u015fekilde duyduklar\u0131na veya farkl\u0131 bir \u015fekilde ticari s\u00f6ylemlere itibar etmesinler. Devletimiz her t\u00fcrl\u00fc tedbirini alm\u0131\u015ft\u0131r. Tar\u0131m ve Orman Bakanl\u0131\u011f\u0131m\u0131z ve Toprak Mahsulleri Ofisimiz f\u0131nd\u0131k depolar\u0131n\u0131 haz\u0131r hale getirmi\u015ftir. Yeter ki kaliteli olsun, yeter ki nem olmas\u0131n, k\u0131r\u0131k olmas\u0131n, hepsini alacaklar.&#8221;<\/p>\n<p><img decoding=\"async\" alt=\"\" src=\"https:\/\/www.aa.com.tr\/uploads\/userFiles\/96f91bbd-282f-4a24-a12c-1b1092cfeb3b\/009_2023%2F05_2023%2F24_Agustos%2F23%2F20230812_2_59857122_91828287.jpg\"\/><\/p>\n<p>F\u0131nd\u0131\u011f\u0131n\u0131 hemen satmak istemeyen \u00e7ift\u00e7ilere tavsiyede bulunan Sa\u011flam, &#8220;Para ihtiyac\u0131 olmad\u0131\u011f\u0131 i\u00e7in hemen f\u0131nd\u0131\u011f\u0131n\u0131 satmak istemeyen \u00e7ift\u00e7ilerimiz saklama ko\u015fullar\u0131na dikkat etmelidir. Depolar\u0131n\u0131n mutlaka havaland\u0131r\u0131lmas\u0131 laz\u0131m, ya\u011f\u0131\u015f almayan yerlerde olmas\u0131 laz\u0131m \u00e7\u00fcnk\u00fc aflatoksin dedi\u011fimiz k\u00fcflenme veya bozulmalar olu\u015fabilir. Kuru yemi\u015ftir sonu\u00e7ta bu, kesinlikle bunlara dikkat edilip depolayabilirler.&#8221; \u015feklinde konu\u015ftu.<\/p>\n<p><img decoding=\"async\" alt=\"\" src=\"https:\/\/www.aa.com.tr\/uploads\/userFiles\/96f91bbd-282f-4a24-a12c-1b1092cfeb3b\/009_2023%2F05_2023%2F24_Agustos%2F23%2F20230812_2_59857122_91828290.jpg\"\/><\/p>\n<p>A\u015fa\u011f\u0131dikencik Mahallesi Muhtar\u0131 ve f\u0131nd\u0131k \u00fcreticisi Nevzat Ak ise ge\u00e7en y\u0131l 40 d\u00f6n\u00fcm arazide 15 tona yak\u0131n f\u0131nd\u0131k \u00fcretimi yapt\u0131\u011f\u0131n\u0131 bu y\u0131l ise 20 ton beklediklerine i\u015faret ederek, &#8220;\u015eu an f\u0131nd\u0131k bah\u00e7elerinde verim \u00e7ok iyi g\u00f6z\u00fck\u00fcyor. Say\u0131n Cumhurba\u015fkan\u0131&#8217;m\u0131z da \u00e7ok iyi bir fiyat a\u00e7\u0131klad\u0131. Toprak Mahsulleri Ofisinin al\u0131m\u0131 yapmas\u0131yla birlikte f\u0131nd\u0131k sezonunun daha da g\u00fczel olaca\u011f\u0131na inan\u0131yoruz. Biz ovada \u00fcretim yapt\u0131\u011f\u0131m\u0131z i\u00e7in file ile hasat yap\u0131yoruz. Dekar ba\u015f\u0131 450 ile 500 kilogram aras\u0131nda verim alabiliyoruz.&#8221; dedi.<\/p>\n<p>                            <span class=\"detay-foto-editor\">&#13;<br \/>\n                                <a href=\"https:\/\/www.aa.com.tr\/tr\/p\/abonelik-talep-formu\/1001\" target=\"_blank\" style=\"font-size:12px; color:#444; text-decoration:none;\" rel=\"noopener\">&#13;<br \/>\n                                    Anadolu Ajans\u0131 web sitesinde, AA Haber Ak\u0131\u015f Sistemi (HAS) \u00fczerinden abonelere sunulan haberler, \u00f6zetlenerek yay\u0131mlanmaktad\u0131r. <b style=\"color:#1897F7\">Abonelik i\u00e7in l\u00fctfen ileti\u015fime ge\u00e7iniz.<\/b>&#13;<br \/>\n                                <\/a>&#13;<br \/>\n                            <\/span>\n                        <\/div>\n<p><script>\n\t  window.fbAsyncInit = function() {\n\t\tFB.init({\n\t\t  appId: '1855843514662870',\n\t\t  status : true, \/\/ check login status\n\t\t  cookie : true, \/\/ enable cookies to allow the server to access the session\n\t\t  xfbml  : true  \/\/ parse XFBML\n\t\t});\n\t  };<\/p>\n<p>\t  (function() {\n\t\tvar e = document.createElement('script');\n\t\te.src=\"https:\/\/connect.facebook.net\/tr_TR\/all.js\";\n\t\te.async = true;\n\t\tdocument.getElementById('fb-root').appendChild(e);\n\t  }());\n    <\/script><br \/>\n<br \/><br \/>\n<br \/><a href=\"https:\/\/www.aa.com.tr\/tr\/ekonomi\/karadenizde-findik-hasadi-basladi\/2966337\">Source link <\/a><\/p>\n","protected":false},"excerpt":{"rendered":"<p>\u00c7ar\u015famba Ovas\u0131&#8217;nda d\u00fcz arazilere ekilen f\u0131nd\u0131k, bah\u00e7elere serilen file \u00f6rg\u00fcler sayesinde kolayca toplan\u0131yor. Sabah saatlerinde bah\u00e7elerine giren \u00e7ift\u00e7iler, f\u0131nd\u0131\u011f\u0131 silkeleyerek filenin \u00fczerinden toplad\u0131ktan sonra \u00e7uvallara koyuyor. Toplanan f\u0131nd\u0131klar trakt\u00f6r kasalar\u0131na konularak kurutulmak i\u00e7in harmana g\u00f6t\u00fcr\u00fcl\u00fcyor. Samsun Tar\u0131m ve Orman M\u00fcd\u00fcr\u00fc \u0130brahim Sa\u011flam AA muhabirine, Samsun&#8217;da f\u0131nd\u0131k hasad\u0131n\u0131n ba\u015flad\u0131\u011f\u0131n\u0131 s\u00f6yledi. \u00c7ar\u015famba&#8217;n\u0131n T\u00fcrkiye&#8217;de en fazla f\u0131nd\u0131k \u00fcretimi [&hellip;]<\/p>\n","protected":false},"author":1,"featured_media":11735,"comment_status":"","ping_status":"","sticky":false,"template":"","format":"standard","meta":[],"categories":[44],"tags":[],"_links":{"self":[{"href":"https:\/\/kraios.app\/news\/wp-json\/wp\/v2\/posts\/11734"}],"collection":[{"href":"https:\/\/kraios.app\/news\/wp-json\/wp\/v2\/posts"}],"about":[{"href":"https:\/\/kraios.app\/news\/wp-json\/wp\/v2\/types\/post"}],"author":[{"embeddable":true,"href":"https:\/\/kraios.app\/news\/wp-json\/wp\/v2\/users\/1"}],"replies":[{"embeddable":true,"href":"https:\/\/kraios.app\/news\/wp-json\/wp\/v2\/comments?post=11734"}],"version-history":[{"count":0,"href":"https:\/\/kraios.app\/news\/wp-json\/wp\/v2\/posts\/11734\/revisions"}],"wp:featuredmedia":[{"embeddable":true,"href":"https:\/\/kraios.app\/news\/wp-json\/wp\/v2\/media\/11735"}],"wp:attachment":[{"href":"https:\/\/kraios.app\/news\/wp-json\/wp\/v2\/media?parent=11734"}],"wp:term":[{"taxonomy":"category","embeddable":true,"href":"https:\/\/kraios.app\/news\/wp-json\/wp\/v2\/categories?post=11734"},{"taxonomy":"post_tag","embeddable":true,"href":"https:\/\/kraios.app\/news\/wp-json\/wp\/v2\/tags?post=11734"}],"curies":[{"name":"wp","href":"https:\/\/api.w.org\/{rel}","templated":true}]}}