{"id":11713,"date":"2023-08-12T13:46:31","date_gmt":"2023-08-12T13:46:31","guid":{"rendered":"https:\/\/kraios.app\/news\/ekonomi\/2023\/08\/12\/yerli-motor-yeni-altay-tankini-yurutmeye-hazirlaniyor\/"},"modified":"2023-08-12T13:46:31","modified_gmt":"2023-08-12T13:46:31","slug":"yerli-motor-yeni-altay-tankini-yurutmeye-hazirlaniyor","status":"publish","type":"post","link":"https:\/\/kraios.app\/news\/ekonomi\/2023\/08\/12\/yerli-motor-yeni-altay-tankini-yurutmeye-hazirlaniyor\/","title":{"rendered":"Yerli motor &#8220;Yeni ALTAY Tank\u0131&#8221;n\u0131 y\u00fcr\u00fctmeye haz\u0131rlan\u0131yor"},"content":{"rendered":"<p> <br \/>\n<\/p>\n<div>\n<p>BMC Savunma Genel M\u00fcd\u00fcr\u00fc Mehmet Karaaslan, AA muhabirine, Yeni ALTAY Tank\u0131, Altu\u011f 8X8 ve Yeni Nesil FIRTINA Ob\u00fcs\u00fc projelerinin g\u00fcncel durumuna ili\u015fkin bilgi verdi.<\/p>\n<p>Karaaslan, son olarak ara\u00e7lar\u0131n\u0131 sergiledikleri 16&#8217;nc\u0131 Uluslararas\u0131 Savunma Sanayii Fuar\u0131&#8217;n\u0131n (IDEF&#8217;23) \u00e7ok yo\u011fun ge\u00e7ti\u011fini, \u00e7ok say\u0131da heyetin tedarik ihtiya\u00e7lar\u0131 i\u00e7in g\u00f6r\u00fc\u015fmeler y\u00fcr\u00fctt\u00fc\u011f\u00fcn\u00fc s\u00f6yledi.<\/p>\n<p>Yeni ALTAY Tank\u0131&#8217;n\u0131 birka\u00e7 ay \u00f6nce d\u00fczenlenen t\u00f6renle testler i\u00e7in T\u00fcrk Silahl\u0131 Kuvvetlerine teslim ettiklerini belirten Karaaslan, tankta eskisine g\u00f6re bir dizi yenilikler ve geli\u015ftirmeler s\u00f6z konusu oldu\u011funu bildirdi. Karaaslan, &#8220;Muharebe sahas\u0131n\u0131n ihtiya\u00e7lar\u0131, biraz da zorunlu yerlile\u015ftirilen alt sistemler ve bunlar\u0131n testleri bizim i\u00e7in bir s\u00fcre\u00e7. Bu s\u00fcrecin 2024 y\u0131l\u0131 i\u00e7inde de devam edece\u011finden bahsetmi\u015ftik. O plana uygun \u015fekilde kullan\u0131c\u0131yla birlikte T\u00fcrk Silahl\u0131 Kuvvetlerinin, Savunma Sanayii Ba\u015fkanl\u0131\u011f\u0131n\u0131n kat\u0131l\u0131m\u0131yla test s\u00fcre\u00e7leri devam ediyor. Seri \u00fcretime ge\u00e7erken zaten yap\u0131lmas\u0131 gereken bir ara a\u015fama bu. Fuarda sergiledi\u011fimiz m\u00fchendislik tank\u0131m\u0131z, testlerdeki 2 tanktan biri de\u011fil. Bu tank ve di\u011fer tanklar\u0131m\u0131zda b\u00fct\u00fcn testler yap\u0131l\u0131p do\u011frulanm\u0131\u015f durumda. Bir de bunlar\u0131 kullan\u0131c\u0131yla yapmam\u0131z gerekiyor, o s\u00fcrecin i\u00e7indeyiz.&#8221; dedi.<\/p>\n<p>Seri \u00fcretime haz\u0131rl\u0131\u011f\u0131n ikinci aya\u011f\u0131n\u0131n fabrika kurulumu oldu\u011funa i\u015faret eden Karaaslan, Ankara&#8217;da tank\u0131n \u00fcretimine y\u00f6nelik y\u00fcksek teknolojiye sahip fabrikan\u0131n kurulum \u00e7al\u0131\u015fmalar\u0131n\u0131n ba\u015flad\u0131\u011f\u0131n\u0131 ve plana uygun devam etti\u011fini dile getirdi.<\/p>\n<p>Karaaslan, &#8220;2025 ba\u015f\u0131na kadar bu faaliyetlerin tamam\u0131n\u0131 bitirip y\u0131l i\u00e7inde de seri \u00fcretim tanklar\u0131n\u0131n devam\u0131n\u0131 T\u00fcrk Silahl\u0131 Kuvvetlerine teslim etmeyi hedefliyoruz. Umar\u0131m herhangi bir gecikme ya\u015famadan bu s\u00fcreci tamamlar\u0131z.&#8221; diye konu\u015ftu.<\/p>\n<h3>Yerli g\u00fc\u00e7 grubu plana uygun ilerliyor<\/h3>\n<p>Yerli g\u00fc\u00e7 grubunu geli\u015ftirme \u00e7al\u0131\u015fmalar\u0131n\u0131n da plana uygun s\u00fcrd\u00fc\u011f\u00fcn\u00fc s\u00f6yleyen Mehmet Karaaslan, \u015f\u00f6yle devam etti:<\/p>\n<p>&#8220;Laboratuvar ortam\u0131nda yap\u0131lmas\u0131 gereken testler \u00e7ok \u00f6nemli \u00f6l\u00e7\u00fcde tamamland\u0131. Bir sonraki ad\u0131m tank \u00fczerindeki test a\u015famas\u0131na ge\u00e7mek. Proje \u015fu anda o noktada diyebiliriz ama o da k\u0131sa bir s\u00fcre\u00e7 de\u011fil. D\u00fcnyadaki b\u00fct\u00fcn uygulamalar da b\u00f6yle. Bir tank g\u00fc\u00e7 grubunu geli\u015ftirmek olduk\u00e7a me\u015fakkatli ve zaman alan bir i\u015f. Di\u011fer performans testlerinin d\u0131\u015f\u0131nda 10 bin kilometre dayan\u0131kl\u0131l\u0131k testinin yap\u0131lmas\u0131 laz\u0131m. G\u00fc\u00e7 grubunun sadece bir testi 10 ay s\u00fcr\u00fcyor. Dolay\u0131s\u0131yla bir s\u00fcre\u00e7 ama plan\u0131 i\u00e7inde gidiyor. Hedefimiz ALTAY&#8217;\u0131n seri \u00fcretimi ba\u015flad\u0131ktan sonra bu s\u00fcrecin tamamland\u0131\u011f\u0131 noktada ki bu 250 tankl\u0131k paketin ortalar\u0131nda bir yerde gibi g\u00f6r\u00fcn\u00fcyor, yerli ve milli motor ve transmisyonumuzu ALTAY&#8217;a entegre edip bu konudaki d\u0131\u015fa ba\u011f\u0131ml\u0131l\u0131\u011f\u0131 da tamamen ortadan kald\u0131rmak istiyoruz.&#8221;<\/p>\n<p>Karaaslan, Yeni ALTAY&#8217;\u0131n yerli g\u00fc\u00e7 grubuyla bulu\u015fup, tank\u0131 y\u00fcr\u00fctmesine ili\u015fkin takvime y\u00f6nelik soruya kar\u015f\u0131l\u0131k, &#8220;Devam eden bir s\u00fcre\u00e7 oldu\u011fu i\u00e7in detay\u0131n\u0131 s\u00f6ylemeyeyim ama \u00e7ok yak\u0131nda onu da g\u00f6rece\u011fiz.&#8221; ifadesini kulland\u0131.<\/p>\n<h3>ALTU\u011e 8X8 yurt d\u0131\u015f\u0131 testlerini ba\u015far\u0131yla tamamlad\u0131<\/h3>\n<p>T\u00fcrk Silahl\u0131 Kuvvetlerinin ihtiya\u00e7lar\u0131 i\u00e7in y\u00fcr\u00fct\u00fclen Yeni Nesil Z\u0131rhl\u0131 Ara\u00e7lar Projesi kapsam\u0131nda bir yar\u0131\u015fma i\u00e7inde olduklar\u0131n\u0131 belirten Mehmet Karaaslan, prototip araca y\u00f6nelik yar\u0131\u015fman\u0131n yak\u0131n zamanda sonu\u00e7lanmas\u0131n\u0131 beklediklerini dile getirdi.<\/p>\n<p>ALTU\u011e 8X8&#8217;in \u00e7ok ba\u015far\u0131l\u0131 \u015fekilde o testleri s\u00fcrd\u00fcrd\u00fc\u011f\u00fcn\u00fc ifade eden Karaaslan, &#8220;Dolay\u0131s\u0131yla umutlu oldu\u011fumuz bir proje bu. ALTU\u011e&#8217;un yurt d\u0131\u015f\u0131 potansiyeli de \u00e7ok y\u00fcksek. Kendi kategorisinde son tasarlanan, en y\u00fcksek teknolojiye sahip, rakiplerin b\u00fct\u00fcn iyi \u00f6zellikleri k\u0131yaslanarak en optimum tasar\u0131m\u0131 yapt\u0131\u011f\u0131m\u0131z\u0131 de\u011ferlendirdi\u011fimiz bir ara\u00e7. \u00c7ok ciddi ihracat potansiyeli oldu\u011funu de\u011ferlendiriyoruz. Bu y\u00f6nde de y\u00fcr\u00fctt\u00fc\u011f\u00fcm\u00fcz \u00e7al\u0131\u015fmalar var. Yurt d\u0131\u015f\u0131nda kat\u0131ld\u0131\u011f\u0131, \u00e7ok s\u0131ra d\u0131\u015f\u0131 \u015fartlar alt\u0131nda ba\u015far\u0131yla tamamlad\u0131\u011f\u0131 testler var. Yak\u0131n bir zamanda somut sonu\u00e7lar\u0131n\u0131 da alaca\u011f\u0131m\u0131z ve seri \u00fcretimde g\u00f6rmeyi hedefledi\u011fimiz bir ara\u00e7. Ondan da \u00e7ok \u015fey bekliyoruz.&#8221;<\/p>\n<p>ALTU\u011e 8X8&#8217;in \u00e7\u00f6l gibi en a\u011f\u0131r \u015fartlarla kar\u015f\u0131la\u015f\u0131lan K\u00f6rfez b\u00f6lgesinde test edildi\u011fi bilgisini veren Karaaslan, testleri yapan \u00fclkelerin olumlu g\u00f6r\u00fc\u015flerinin de kendilerine umut verdi\u011fini kaydetti.<\/p>\n<p>FIRTINA Ob\u00fcs\u00fc&#8217;n\u00fcn T\u00fcrk Silahl\u0131 Kuvvetlerinin en kritik silahlar\u0131 aras\u0131nda yer ald\u0131\u011f\u0131n\u0131 ve muharebe sahas\u0131ndaki en b\u00fcy\u00fck g\u00fc\u00e7 fakt\u00f6rlerinden biri oldu\u011funu belirten Mehmet Karaaslan, FIRTINA-I&#8217;in geli\u015ftirilmi\u015f versiyonu Yeni Nesil FIRTINA&#8217;n\u0131n \u00fcretimini s\u00fcrd\u00fcrd\u00fcklerini s\u00f6yledi. Karaaslan, &#8220;\u0130lk 6 taneyi teslim etmi\u015ftik. Teslimatlar\u0131 devam ediyor. Silahl\u0131 Kuvvetlerimizin bu y\u00f6ndeki ihtiyac\u0131n\u0131 da en \u00fcst d\u00fczeyde, arac\u0131 da s\u00fcrekli geli\u015ftirerek kar\u015f\u0131lamaya ve \u00fczerimize d\u00fc\u015feni yapmaya devam edece\u011fiz.&#8221; dedi. <\/p>\n<p>                            <span class=\"detay-foto-editor\">&#13;<br \/>\n                                <a href=\"https:\/\/www.aa.com.tr\/tr\/p\/abonelik-talep-formu\/1001\" target=\"_blank\" style=\"font-size:12px; color:#444; text-decoration:none;\" rel=\"noopener\">&#13;<br \/>\n                                    Anadolu Ajans\u0131 web sitesinde, AA Haber Ak\u0131\u015f Sistemi (HAS) \u00fczerinden abonelere sunulan haberler, \u00f6zetlenerek yay\u0131mlanmaktad\u0131r. <b style=\"color:#1897F7\">Abonelik i\u00e7in l\u00fctfen ileti\u015fime ge\u00e7iniz.<\/b>&#13;<br \/>\n                                <\/a>&#13;<br \/>\n                            <\/span>\n                        <\/div>\n<p><script>\n\t  window.fbAsyncInit = function() {\n\t\tFB.init({\n\t\t  appId: '1855843514662870',\n\t\t  status : true, \/\/ check login status\n\t\t  cookie : true, \/\/ enable cookies to allow the server to access the session\n\t\t  xfbml  : true  \/\/ parse XFBML\n\t\t});\n\t  };<\/p>\n<p>\t  (function() {\n\t\tvar e = document.createElement('script');\n\t\te.src=\"https:\/\/connect.facebook.net\/tr_TR\/all.js\";\n\t\te.async = true;\n\t\tdocument.getElementById('fb-root').appendChild(e);\n\t  }());\n    <\/script><br \/>\n<br \/><br \/>\n<br \/><a href=\"https:\/\/www.aa.com.tr\/tr\/ekonomi\/yerli-motor-yeni-altay-tankini-yurutmeye-hazirlaniyor\/2966420\">Source link <\/a><\/p>\n","protected":false},"excerpt":{"rendered":"<p>BMC Savunma Genel M\u00fcd\u00fcr\u00fc Mehmet Karaaslan, AA muhabirine, Yeni ALTAY Tank\u0131, Altu\u011f 8X8 ve Yeni Nesil FIRTINA Ob\u00fcs\u00fc projelerinin g\u00fcncel durumuna ili\u015fkin bilgi verdi. Karaaslan, son olarak ara\u00e7lar\u0131n\u0131 sergiledikleri 16&#8217;nc\u0131 Uluslararas\u0131 Savunma Sanayii Fuar\u0131&#8217;n\u0131n (IDEF&#8217;23) \u00e7ok yo\u011fun ge\u00e7ti\u011fini, \u00e7ok say\u0131da heyetin tedarik ihtiya\u00e7lar\u0131 i\u00e7in g\u00f6r\u00fc\u015fmeler y\u00fcr\u00fctt\u00fc\u011f\u00fcn\u00fc s\u00f6yledi. Yeni ALTAY Tank\u0131&#8217;n\u0131 birka\u00e7 ay \u00f6nce d\u00fczenlenen t\u00f6renle [&hellip;]<\/p>\n","protected":false},"author":1,"featured_media":11714,"comment_status":"","ping_status":"","sticky":false,"template":"","format":"standard","meta":[],"categories":[44],"tags":[],"_links":{"self":[{"href":"https:\/\/kraios.app\/news\/wp-json\/wp\/v2\/posts\/11713"}],"collection":[{"href":"https:\/\/kraios.app\/news\/wp-json\/wp\/v2\/posts"}],"about":[{"href":"https:\/\/kraios.app\/news\/wp-json\/wp\/v2\/types\/post"}],"author":[{"embeddable":true,"href":"https:\/\/kraios.app\/news\/wp-json\/wp\/v2\/users\/1"}],"replies":[{"embeddable":true,"href":"https:\/\/kraios.app\/news\/wp-json\/wp\/v2\/comments?post=11713"}],"version-history":[{"count":0,"href":"https:\/\/kraios.app\/news\/wp-json\/wp\/v2\/posts\/11713\/revisions"}],"wp:featuredmedia":[{"embeddable":true,"href":"https:\/\/kraios.app\/news\/wp-json\/wp\/v2\/media\/11714"}],"wp:attachment":[{"href":"https:\/\/kraios.app\/news\/wp-json\/wp\/v2\/media?parent=11713"}],"wp:term":[{"taxonomy":"category","embeddable":true,"href":"https:\/\/kraios.app\/news\/wp-json\/wp\/v2\/categories?post=11713"},{"taxonomy":"post_tag","embeddable":true,"href":"https:\/\/kraios.app\/news\/wp-json\/wp\/v2\/tags?post=11713"}],"curies":[{"name":"wp","href":"https:\/\/api.w.org\/{rel}","templated":true}]}}