{"id":11700,"date":"2023-08-12T09:41:24","date_gmt":"2023-08-12T09:41:24","guid":{"rendered":"https:\/\/kraios.app\/news\/ekonomi\/2023\/08\/12\/emekli-albay-urettigi-amortisor-sistemleriyle-ihracatci-oldu\/"},"modified":"2023-08-12T09:41:24","modified_gmt":"2023-08-12T09:41:24","slug":"emekli-albay-urettigi-amortisor-sistemleriyle-ihracatci-oldu","status":"publish","type":"post","link":"https:\/\/kraios.app\/news\/ekonomi\/2023\/08\/12\/emekli-albay-urettigi-amortisor-sistemleriyle-ihracatci-oldu\/","title":{"rendered":"Emekli albay \u00fcretti\u011fi amortis\u00f6r sistemleriyle ihracat\u00e7\u0131 oldu"},"content":{"rendered":"<p> <br \/>\n<\/p>\n<div>\n<p>Merkez Karatay il\u00e7esinde Elit Sanayi Sitesi&#8217;ndeki i\u015fletmede amortis\u00f6r sistemleri \u00fcreten 65 ya\u015f\u0131ndaki Ge\u00e7gel, AA muhabirine, \u00e7ocuklu\u011funu bak\u0131r tornac\u0131l\u0131\u011f\u0131 yapan babas\u0131n\u0131n d\u00fckkan\u0131nda ge\u00e7irdi\u011fini s\u00f6yledi.<\/p>\n<p>\u0130lk ve orta\u00f6\u011freniminin ard\u0131ndan meslek lisesinden mezun oldu\u011funu anlatan Ge\u00e7gel, daha sonra gitti\u011fi Ankara&#8217;da makine m\u00fchendisli\u011fi e\u011fitimini yar\u0131da b\u0131rak\u0131p Hava Harp Okulu&#8217;na girmeye hak kazand\u0131\u011f\u0131n\u0131 dile getirdi.<\/p>\n<p><img decoding=\"async\" alt=\"\" src=\"https:\/\/www.aa.com.tr\/uploads\/userFiles\/caec1b32-8257-4f58-87b0-6657c62b92b3\/New%20folder%2FNew%20folder%20(2)%2FAA-31901002.jpg\"\/><\/p>\n<h3>Havac\u0131l\u0131kta \u00fcst d\u00fczey g\u00f6revlerde bulundu<\/h3>\n<p>Ge\u00e7gel, burada u\u00e7ak m\u00fchendisli\u011fi e\u011fitimi de ald\u0131\u011f\u0131n\u0131 belirterek, &#8220;Hava bombard\u0131man pilotu olarak Hava Kuvvetlerinde de\u011fi\u015fik birliklere atand\u0131m. Test pilotlu\u011fu yapt\u0131m. Organizasyon e\u011fitimlerine kat\u0131ld\u0131m. Modernizasyon faaliyetlerini y\u00fcr\u00fctt\u00fcm. De\u011fi\u015fik yerlerde komutanl\u0131k yapt\u0131m. F-100 bombard\u0131man, F-4, F-16 sava\u015f u\u00e7aklar\u0131n\u0131 kulland\u0131m. F-16 u\u00e7aklar\u0131n\u0131n test pilotlu\u011funu yapt\u0131m. De\u011fi\u015fik kurs ve operasyonlara kat\u0131ld\u0131m. Uluslararas\u0131 harekatlarda komutanl\u0131k g\u00f6revi \u00fcstlendim.&#8221; diye konu\u015ftu.<\/p>\n<p>T\u00fcrk Hava Kuvvetlerinden 2001&#8217;de emekli oldu\u011funu ifade eden Ge\u00e7gel, T\u00fcrk Hava Yollar\u0131nda da \u00e7e\u015fitli kademelerde g\u00f6revler \u00fcstlendi\u011fini anlatt\u0131.<\/p>\n<p><img decoding=\"async\" alt=\"\" src=\"https:\/\/www.aa.com.tr\/uploads\/userFiles\/caec1b32-8257-4f58-87b0-6657c62b92b3\/New%20folder%2FNew%20folder%20(2)%2FAA-31901004.jpg\"\/><\/p>\n<p>Ge\u00e7gel, babas\u0131n\u0131n mesle\u011fini icra etmek \u00fczere karde\u015fleriyle sanayide \u00fcretime y\u00f6neldiklerini belirterek, \u015f\u00f6yle konu\u015ftu:<\/p>\n<p>&#8220;Tesis kurduk. Orada biraz tecr\u00fcbe kazand\u0131k. Amerika&#8217;da 6 ay kurs g\u00f6rd\u00fcm. Bu i\u015f altyap\u0131 gerektiriyor. Benim de buna m\u00fcsait altyap\u0131m oldu\u011fu i\u00e7in bu sistemi kurdum. Baba mesle\u011fini devam ettirdim. Babam ger\u00e7ekten \u00e7ok kaliteli bir ki\u015fiydi yani \u00fcretim konusunda \u00e7ok g\u00fczel \u015feyler verdi. Kendisi Konya&#8217;da haval\u0131 kornay\u0131 yapan ki\u015fi. Biz de onun yolunu takip ediyoruz. \u0130\u015fimi severek yap\u0131yorum ve \u00f6l\u00fcnceye kadar da bu i\u015fi yapaca\u011f\u0131m. \u00c7ok ciddi bir \u015fekilde ihracat\u0131m\u0131z var. ABD ve Avrupa&#8217;ya, \u00f6zellikle Rusya&#8217;ya \u00fcr\u00fcn g\u00f6nderiyoruz.&#8221;<\/p>\n<h3>&#8220;Komutan\u0131m&#8221; diyen de var, &#8220;usta&#8221; diyen de<\/h3>\n<p>At\u00f6lyede \u00e7al\u0131\u015fanlarla uyum i\u00e7inde oldu\u011funu, i\u015flerini sevgi ve sayg\u0131 \u00e7er\u00e7evesinde y\u00fcr\u00fctt\u00fcklerini dile getiren Ge\u00e7gel, &#8220;T\u00fcrkiye&#8217;de \u00e7ok g\u00fczel \u00fcretimler yap\u0131labiliyor fakat disiplinli olunmas\u0131 laz\u0131m. Disiplinle hem d\u00fczg\u00fcn i\u015f \u00e7\u0131k\u0131yor hem de verilen s\u00f6z zaman\u0131nda yerine getiriliyor. &#8216;Komutan\u0131m&#8217; diyen de var, &#8216;usta&#8217; diyen de ama d\u0131\u015far\u0131da \u00f6zellikle &#8216;komutan\u0131m&#8217; diyorlar. Herkesi seviyorum, onlara sayg\u0131 duyuyorum.&#8221; ifadelerini kulland\u0131.<\/p>\n<p>Ge\u00e7gel, i\u015fletmede 20 ki\u015fiyi istihdam ettiklerini kaydederek, sekt\u00f6rde \u00fcretim i\u00e7in belgelendirmeyle altyap\u0131n\u0131n \u00f6nemine dikkati \u00e7ekti.<\/p>\n<p>                            <span class=\"detay-foto-editor\">&#13;<br \/>\n                                <a href=\"https:\/\/www.aa.com.tr\/tr\/p\/abonelik-talep-formu\/1001\" target=\"_blank\" style=\"font-size:12px; color:#444; text-decoration:none;\" rel=\"noopener\">&#13;<br \/>\n                                    Anadolu Ajans\u0131 web sitesinde, AA Haber Ak\u0131\u015f Sistemi (HAS) \u00fczerinden abonelere sunulan haberler, \u00f6zetlenerek yay\u0131mlanmaktad\u0131r. <b style=\"color:#1897F7\">Abonelik i\u00e7in l\u00fctfen ileti\u015fime ge\u00e7iniz.<\/b>&#13;<br \/>\n                                <\/a>&#13;<br \/>\n                            <\/span>\n                        <\/div>\n<p><script>\n\t  window.fbAsyncInit = function() {\n\t\tFB.init({\n\t\t  appId: '1855843514662870',\n\t\t  status : true, \/\/ check login status\n\t\t  cookie : true, \/\/ enable cookies to allow the server to access the session\n\t\t  xfbml  : true  \/\/ parse XFBML\n\t\t});\n\t  };<\/p>\n<p>\t  (function() {\n\t\tvar e = document.createElement('script');\n\t\te.src=\"https:\/\/connect.facebook.net\/tr_TR\/all.js\";\n\t\te.async = true;\n\t\tdocument.getElementById('fb-root').appendChild(e);\n\t  }());\n    <\/script><br \/>\n<br \/><br \/>\n<br \/><a href=\"https:\/\/www.aa.com.tr\/tr\/ekonomi\/emekli-albay-urettigi-amortisor-sistemleriyle-ihracatci-oldu\/2966274\">Source link <\/a><\/p>\n","protected":false},"excerpt":{"rendered":"<p>Merkez Karatay il\u00e7esinde Elit Sanayi Sitesi&#8217;ndeki i\u015fletmede amortis\u00f6r sistemleri \u00fcreten 65 ya\u015f\u0131ndaki Ge\u00e7gel, AA muhabirine, \u00e7ocuklu\u011funu bak\u0131r tornac\u0131l\u0131\u011f\u0131 yapan babas\u0131n\u0131n d\u00fckkan\u0131nda ge\u00e7irdi\u011fini s\u00f6yledi. \u0130lk ve orta\u00f6\u011freniminin ard\u0131ndan meslek lisesinden mezun oldu\u011funu anlatan Ge\u00e7gel, daha sonra gitti\u011fi Ankara&#8217;da makine m\u00fchendisli\u011fi e\u011fitimini yar\u0131da b\u0131rak\u0131p Hava Harp Okulu&#8217;na girmeye hak kazand\u0131\u011f\u0131n\u0131 dile getirdi. Havac\u0131l\u0131kta \u00fcst d\u00fczey g\u00f6revlerde bulundu [&hellip;]<\/p>\n","protected":false},"author":1,"featured_media":11701,"comment_status":"","ping_status":"","sticky":false,"template":"","format":"standard","meta":[],"categories":[44],"tags":[],"_links":{"self":[{"href":"https:\/\/kraios.app\/news\/wp-json\/wp\/v2\/posts\/11700"}],"collection":[{"href":"https:\/\/kraios.app\/news\/wp-json\/wp\/v2\/posts"}],"about":[{"href":"https:\/\/kraios.app\/news\/wp-json\/wp\/v2\/types\/post"}],"author":[{"embeddable":true,"href":"https:\/\/kraios.app\/news\/wp-json\/wp\/v2\/users\/1"}],"replies":[{"embeddable":true,"href":"https:\/\/kraios.app\/news\/wp-json\/wp\/v2\/comments?post=11700"}],"version-history":[{"count":0,"href":"https:\/\/kraios.app\/news\/wp-json\/wp\/v2\/posts\/11700\/revisions"}],"wp:featuredmedia":[{"embeddable":true,"href":"https:\/\/kraios.app\/news\/wp-json\/wp\/v2\/media\/11701"}],"wp:attachment":[{"href":"https:\/\/kraios.app\/news\/wp-json\/wp\/v2\/media?parent=11700"}],"wp:term":[{"taxonomy":"category","embeddable":true,"href":"https:\/\/kraios.app\/news\/wp-json\/wp\/v2\/categories?post=11700"},{"taxonomy":"post_tag","embeddable":true,"href":"https:\/\/kraios.app\/news\/wp-json\/wp\/v2\/tags?post=11700"}],"curies":[{"name":"wp","href":"https:\/\/api.w.org\/{rel}","templated":true}]}}