{"id":11696,"date":"2023-08-12T09:20:04","date_gmt":"2023-08-12T09:20:04","guid":{"rendered":"https:\/\/kraios.app\/news\/spor\/2023\/08\/12\/bayern-munih-ingiliz-forvet-harry-kaneyi-transfer-etti\/"},"modified":"2023-08-12T09:20:04","modified_gmt":"2023-08-12T09:20:04","slug":"bayern-munih-ingiliz-forvet-harry-kaneyi-transfer-etti","status":"publish","type":"post","link":"https:\/\/kraios.app\/news\/spor\/2023\/08\/12\/bayern-munih-ingiliz-forvet-harry-kaneyi-transfer-etti\/","title":{"rendered":"Bayern M\u00fcnih, \u0130ngiliz forvet Harry Kane\u2019yi transfer etti"},"content":{"rendered":"<p>Almanya Birinici Futbol Ligi (Bundesliga) tak\u0131mlar\u0131ndan Bayern M\u00fcnih, \u0130ngiltere\u2019nin Tottenham tak\u0131m\u0131nda forma giyen Harry Kane\u2019yi kadrosuna katt\u0131.<\/p>\n","protected":false},"excerpt":{"rendered":"<p>Almanya Birinici Futbol Ligi (Bundesliga) tak\u0131mlar\u0131ndan Bayern M\u00fcnih, \u0130ngiltere\u2019nin Tottenham tak\u0131m\u0131nda forma giyen Harry Kane\u2019yi kadrosuna katt\u0131.<\/p>\n","protected":false},"author":1,"featured_media":11697,"comment_status":"","ping_status":"","sticky":false,"template":"","format":"standard","meta":[],"categories":[48],"tags":[],"_links":{"self":[{"href":"https:\/\/kraios.app\/news\/wp-json\/wp\/v2\/posts\/11696"}],"collection":[{"href":"https:\/\/kraios.app\/news\/wp-json\/wp\/v2\/posts"}],"about":[{"href":"https:\/\/kraios.app\/news\/wp-json\/wp\/v2\/types\/post"}],"author":[{"embeddable":true,"href":"https:\/\/kraios.app\/news\/wp-json\/wp\/v2\/users\/1"}],"replies":[{"embeddable":true,"href":"https:\/\/kraios.app\/news\/wp-json\/wp\/v2\/comments?post=11696"}],"version-history":[{"count":0,"href":"https:\/\/kraios.app\/news\/wp-json\/wp\/v2\/posts\/11696\/revisions"}],"wp:featuredmedia":[{"embeddable":true,"href":"https:\/\/kraios.app\/news\/wp-json\/wp\/v2\/media\/11697"}],"wp:attachment":[{"href":"https:\/\/kraios.app\/news\/wp-json\/wp\/v2\/media?parent=11696"}],"wp:term":[{"taxonomy":"category","embeddable":true,"href":"https:\/\/kraios.app\/news\/wp-json\/wp\/v2\/categories?post=11696"},{"taxonomy":"post_tag","embeddable":true,"href":"https:\/\/kraios.app\/news\/wp-json\/wp\/v2\/tags?post=11696"}],"curies":[{"name":"wp","href":"https:\/\/api.w.org\/{rel}","templated":true}]}}