{"id":11684,"date":"2023-08-12T05:20:04","date_gmt":"2023-08-12T05:20:04","guid":{"rendered":"https:\/\/kraios.app\/news\/spor\/2023\/08\/12\/galatasaray-ankaraspordan-ilhami-sirachan-nasi-transfer-etti\/"},"modified":"2023-08-12T05:20:04","modified_gmt":"2023-08-12T05:20:04","slug":"galatasaray-ankaraspordan-ilhami-sirachan-nasi-transfer-etti","status":"publish","type":"post","link":"https:\/\/kraios.app\/news\/spor\/2023\/08\/12\/galatasaray-ankaraspordan-ilhami-sirachan-nasi-transfer-etti\/","title":{"rendered":"Galatasaray, Ankaraspor&#039;dan \u0130lhami S\u0131ra\u00e7han Nas&#039;\u0131 transfer etti"},"content":{"rendered":"<p>Galatasaray, TFF 2. Lig ekibi Ankaraspor&#8217;dan 21 ya\u015f\u0131ndaki orta saha oyuncusu \u0130lhami S\u0131ra\u00e7han Nas&#8217;\u0131 transfer etti.<\/p>\n","protected":false},"excerpt":{"rendered":"<p>Galatasaray, TFF 2. Lig ekibi Ankaraspor&#8217;dan 21 ya\u015f\u0131ndaki orta saha oyuncusu \u0130lhami S\u0131ra\u00e7han Nas&#8217;\u0131 transfer etti.<\/p>\n","protected":false},"author":1,"featured_media":11685,"comment_status":"","ping_status":"","sticky":false,"template":"","format":"standard","meta":[],"categories":[48],"tags":[],"_links":{"self":[{"href":"https:\/\/kraios.app\/news\/wp-json\/wp\/v2\/posts\/11684"}],"collection":[{"href":"https:\/\/kraios.app\/news\/wp-json\/wp\/v2\/posts"}],"about":[{"href":"https:\/\/kraios.app\/news\/wp-json\/wp\/v2\/types\/post"}],"author":[{"embeddable":true,"href":"https:\/\/kraios.app\/news\/wp-json\/wp\/v2\/users\/1"}],"replies":[{"embeddable":true,"href":"https:\/\/kraios.app\/news\/wp-json\/wp\/v2\/comments?post=11684"}],"version-history":[{"count":0,"href":"https:\/\/kraios.app\/news\/wp-json\/wp\/v2\/posts\/11684\/revisions"}],"wp:featuredmedia":[{"embeddable":true,"href":"https:\/\/kraios.app\/news\/wp-json\/wp\/v2\/media\/11685"}],"wp:attachment":[{"href":"https:\/\/kraios.app\/news\/wp-json\/wp\/v2\/media?parent=11684"}],"wp:term":[{"taxonomy":"category","embeddable":true,"href":"https:\/\/kraios.app\/news\/wp-json\/wp\/v2\/categories?post=11684"},{"taxonomy":"post_tag","embeddable":true,"href":"https:\/\/kraios.app\/news\/wp-json\/wp\/v2\/tags?post=11684"}],"curies":[{"name":"wp","href":"https:\/\/api.w.org\/{rel}","templated":true}]}}