{"id":11681,"date":"2023-08-12T04:04:53","date_gmt":"2023-08-12T04:04:53","guid":{"rendered":"https:\/\/kraios.app\/news\/yasam\/2023\/08\/12\/universite-ogrencileri-yapamazsiniz-diyenlere-inat-2-elektrikli-otomobil-uretti\/"},"modified":"2023-08-12T04:04:53","modified_gmt":"2023-08-12T04:04:53","slug":"universite-ogrencileri-yapamazsiniz-diyenlere-inat-2-elektrikli-otomobil-uretti","status":"publish","type":"post","link":"https:\/\/kraios.app\/news\/yasam\/2023\/08\/12\/universite-ogrencileri-yapamazsiniz-diyenlere-inat-2-elektrikli-otomobil-uretti\/","title":{"rendered":"\u00dcniversite \u00f6\u011frencileri &#8220;yapamazs\u0131n\u0131z&#8221; diyenlere inat 2 elektrikli otomobil \u00fcretti"},"content":{"rendered":"<p><\/p>\n<div>\n<p>\u00dcniversitede Elektrik ve Elektronik, Makine M\u00fchendisli\u011fi, End\u00fcstri M\u00fchendisli\u011fi, Matematik B\u00f6l\u00fcm\u00fc, Metalurji ve Malzeme M\u00fchendisli\u011fi \u00f6\u011frencilerinin bulundu\u011fu 45 ki\u015filik \u00f6\u011frenci tak\u0131m\u0131, 2021&#8217;de hayalleri olan elektrikli otomobili \u00fcretme karar\u0131 ald\u0131.<\/p>\n<p>Yapt\u0131klar\u0131 ara\u015ft\u0131rma ve planlara g\u00f6re \u00e7al\u0131\u015fmaya ba\u015flayan \u00f6\u011frenciler, i\u00e7, d\u0131\u015f, batarya, motor ve y\u00fcr\u00fcyen aksam\u0131n\u0131 yapt\u0131klar\u0131, 80 kilometre h\u0131zla 85 kilometre yol kat edebilen &#8220;Zeugma&#8221; adl\u0131 otomobili \u00fcretti.<\/p>\n<p><img decoding=\"async\" alt=\"\" src=\"https:\/\/www.aa.com.tr\/uploads\/userFiles\/c9f1ae26-3cf3-4ab4-9d72-230dedd01a4c\/20230811_2_59846150_91802235.jpg\"\/><\/p>\n<p>\u00dcrettikleri otomobille \u00e7e\u015fitli yar\u0131\u015fmalarda dereceler alan \u00f6\u011frenciler bu sefer de elektrikli spor araba \u00fcretmek i\u00e7in kollar\u0131 s\u0131vad\u0131.<\/p>\n<p>K\u0131sa s\u00fcre i\u00e7inde \u00e7al\u0131\u015fmalara ba\u015flayan \u00f6\u011frenciler, &#8220;Zeugma&#8221;daki tecr\u00fcbeleriyle yakla\u015f\u0131k 6 ayl\u0131k \u00e7al\u0131\u015fma sonucu &#8220;Hilal&#8221; ad\u0131n\u0131 verdikleri elektrikli spor arabay\u0131 \u00fcretti.<\/p>\n<p><img decoding=\"async\" alt=\"\" src=\"https:\/\/www.aa.com.tr\/uploads\/userFiles\/c9f1ae26-3cf3-4ab4-9d72-230dedd01a4c\/20230811_2_59846150_91802227.jpg\"\/><\/p>\n<p>End\u00fcstri M\u00fchendisli\u011fi B\u00f6l\u00fcm\u00fc \u00f6\u011frencisi Mehmet Re\u015fvan, AA muhabirine, 2021&#8217;den bu yana Uluslararas\u0131 Efficiency Challenge Elektrikli Ara\u00e7 Yar\u0131\u015flar\u0131&#8217;na kat\u0131ld\u0131klar\u0131n\u0131 s\u00f6yledi.<\/p>\n<p>Bir\u00e7ok olumsuz yoruma ra\u011fmen \u00fcretmekten geri durmad\u0131klar\u0131n\u0131 anlatan Re\u015fvan, \u015funlar\u0131 s\u00f6yledi:<\/p>\n<p>&#8220;Bize ba\u015ftan &#8216;olamaz, yapamazs\u0131n\u0131z&#8217; dediler. Bizim de hayat mottomuzda &#8216;ba\u015faramazs\u0131n\u0131z&#8217; denilen \u015feyleri t\u00fcm inanc\u0131m\u0131zla yap\u0131p ba\u015farmak var. Birlikte 2 y\u0131l boyunca y\u00fcr\u00fcd\u00fck. Amac\u0131m\u0131z kendini geli\u015ftirebilen m\u00fchendis adaylar\u0131 olmak. Sadece teoride kalmas\u0131n diye bilgilerimizi uygulamada kullanmak i\u00e7in tak\u0131m kurduk. Y\u0131l sonunda kendilerine bir \u015fey katan \u00f6\u011frenciler buradan mezun olunca geni\u015f bir olana\u011fa sahip olabiliyorlar. Ba\u015flang\u0131\u00e7 olarak 45 g\u00f6n\u00fcll\u00fc \u00f6\u011frenciyiz. Buradaki her bir \u00f6\u011frencinin hayali var. Kimileri \u015firketle\u015fmek istiyor kimileri savunma sanayisini istiyor. Kimileri de Togg tesisinin \u00fcretim hatt\u0131nda yer almak istiyor. Herkesin hayali farkl\u0131, bunlar\u0131 biz ger\u00e7ekle\u015ftirmek istiyoruz.&#8221;<\/p>\n<p><img decoding=\"async\" alt=\"\" src=\"https:\/\/www.aa.com.tr\/uploads\/userFiles\/c9f1ae26-3cf3-4ab4-9d72-230dedd01a4c\/20230811_2_59846150_91802238.jpg\"\/><\/p>\n<p>Elektrik ve Elektronik M\u00fchendisli\u011fi B\u00f6l\u00fcm\u00fc \u00f6\u011frencisi Ahmet K\u0131l\u0131\u00e7 da projeye ba\u015flad\u0131klar\u0131n da elektrikli ara\u00e7 \u00fcretmeye heveslerinin oldu\u011funu belirtti.<\/p>\n<p>Projeye ba\u015flarken yerli ve milli bir ara\u00e7 ortaya \u00e7\u0131karmak i\u00e7in ad\u0131m att\u0131klar\u0131n\u0131 anlatan K\u0131l\u0131\u00e7, \u015f\u00f6yle devam etti:<\/p>\n<p>&#8220;B\u00fct\u00fcn par\u00e7alar\u0131 nas\u0131l yerli olarak yapabiliriz dedik ve gerek sanayide vakit ge\u00e7irmek olsun gerekse ara\u015ft\u0131rma olsun yo\u011fun bir \u00e7al\u0131\u015fma i\u00e7erisine girdik. Ara\u00e7lar\u0131m\u0131z\u0131n ilk \u00f6nce mekanik k\u0131sm\u0131 haz\u0131rlan\u0131yor. Bu haz\u0131rlan\u0131rken elektrik\u00e7i arkada\u015flar\u0131m\u0131z ara\u00e7lar\u0131n elektronik k\u0131sm\u0131 ara\u015ft\u0131rmalar\u0131n\u0131 yap\u0131yor. Ara\u015ft\u0131rmalar bittikten sonra insanlar\u0131n \u00f6\u011frendiklerini ger\u00e7ek i\u015fe d\u00f6kme zaman\u0131 geliyor. Ard\u0131ndan tasar\u0131mlar\u0131 ger\u00e7ek hayata d\u00f6n\u00fc\u015ft\u00fcrmeye ba\u015fl\u0131yoruz.&#8221;<\/p>\n<p><img decoding=\"async\" alt=\"\" src=\"https:\/\/www.aa.com.tr\/uploads\/userFiles\/c9f1ae26-3cf3-4ab4-9d72-230dedd01a4c\/20230811_2_59846150_91802239.jpg\"\/><\/p>\n<h3>&#8220;Ara\u00e7lar 80 kilometre h\u0131za ula\u015fabiliyor&#8221;<\/h3>\n<p>K\u0131l\u0131\u00e7, elektrikli ara\u00e7lar\u0131n gelece\u011fin teknolojisi olaca\u011f\u0131n\u0131 s\u00f6yledi.<\/p>\n<p>Kendilerinin de gelecekte g\u00fczel i\u015fler yapmak i\u00e7in bu yola girdiklerini dile getiren K\u0131l\u0131\u00e7, \u015funlar\u0131 kaydetti:<\/p>\n<p>&#8220;Ara\u00e7lar 80 kilometre h\u0131za ula\u015fabiliyor, 85 kilometre menzili var. Arac\u0131m\u0131z 4 disk fren ve b\u00fct\u00fcn par\u00e7alar\u0131 yerlidir. Motor, motor s\u00fcr\u00fcc\u00fc, batarya kontrol \u00fcnitesi ve \u015farj aleti yerlidir. Bu arac\u0131 d\u0131\u015far\u0131ya muhta\u00e7 kalmadan \u00fcretebiliyoruz. Arac\u0131m\u0131z\u0131n \u00fczerindeki ekrandan anl\u0131k h\u0131z\u0131, kalan \u015farj ve menzilini g\u00f6rebiliyorsunuz. Arac\u0131n s\u0131cakl\u0131k de\u011ferlerini izleyebiliyoruz. Yapt\u0131\u011f\u0131m\u0131z 2 arac\u0131n da a\u011f\u0131rl\u0131\u011f\u0131n\u0131 azaltaca\u011f\u0131z. Azald\u0131\u011f\u0131 zaman daha verimli hale gelecektir.&#8221;<\/p>\n<p>K\u0131l\u0131\u00e7, bir sonraki hedeflerinin ticari bir ara\u00e7 \u00fcretmek oldu\u011funu s\u00f6zlerine ekledi.<\/p>\n<p>                            <span class=\"detay-foto-editor\">&#13;<br \/>\n                                <a href=\"https:\/\/www.aa.com.tr\/tr\/p\/abonelik-talep-formu\/1001\" target=\"_blank\" style=\"font-size:12px; color:#444; text-decoration:none;\" rel=\"noopener\">&#13;<br \/>\n                                    Anadolu Ajans\u0131 web sitesinde, AA Haber Ak\u0131\u015f Sistemi (HAS) \u00fczerinden abonelere sunulan haberler, \u00f6zetlenerek yay\u0131mlanmaktad\u0131r. <b style=\"color:#1897F7\">Abonelik i\u00e7in l\u00fctfen ileti\u015fime ge\u00e7iniz.<\/b>&#13;<br \/>\n                                <\/a>&#13;<br \/>\n                            <\/span>\n                        <\/div>\n<p><script>\n\t  window.fbAsyncInit = function() {\n\t\tFB.init({\n\t\t  appId: '1855843514662870',\n\t\t  status : true, \/\/ check login status\n\t\t  cookie : true, \/\/ enable cookies to allow the server to access the session\n\t\t  xfbml  : true  \/\/ parse XFBML\n\t\t});\n\t  };<\/p>\n<p>\t  (function() {\n\t\tvar e = document.createElement('script');\n\t\te.src=\"https:\/\/connect.facebook.net\/tr_TR\/all.js\";\n\t\te.async = true;\n\t\tdocument.getElementById('fb-root').appendChild(e);\n\t  }());\n    <\/script><\/p>\n","protected":false},"excerpt":{"rendered":"<p>\u00dcniversitede Elektrik ve Elektronik, Makine M\u00fchendisli\u011fi, End\u00fcstri M\u00fchendisli\u011fi, Matematik B\u00f6l\u00fcm\u00fc, Metalurji ve Malzeme M\u00fchendisli\u011fi \u00f6\u011frencilerinin bulundu\u011fu 45 ki\u015filik \u00f6\u011frenci tak\u0131m\u0131, 2021&#8217;de hayalleri olan elektrikli otomobili \u00fcretme karar\u0131 ald\u0131. Yapt\u0131klar\u0131 ara\u015ft\u0131rma ve planlara g\u00f6re \u00e7al\u0131\u015fmaya ba\u015flayan \u00f6\u011frenciler, i\u00e7, d\u0131\u015f, batarya, motor ve y\u00fcr\u00fcyen aksam\u0131n\u0131 yapt\u0131klar\u0131, 80 kilometre h\u0131zla 85 kilometre yol kat edebilen &#8220;Zeugma&#8221; adl\u0131 otomobili [&hellip;]<\/p>\n","protected":false},"author":1,"featured_media":11682,"comment_status":"","ping_status":"","sticky":false,"template":"","format":"standard","meta":[],"categories":[50],"tags":[],"_links":{"self":[{"href":"https:\/\/kraios.app\/news\/wp-json\/wp\/v2\/posts\/11681"}],"collection":[{"href":"https:\/\/kraios.app\/news\/wp-json\/wp\/v2\/posts"}],"about":[{"href":"https:\/\/kraios.app\/news\/wp-json\/wp\/v2\/types\/post"}],"author":[{"embeddable":true,"href":"https:\/\/kraios.app\/news\/wp-json\/wp\/v2\/users\/1"}],"replies":[{"embeddable":true,"href":"https:\/\/kraios.app\/news\/wp-json\/wp\/v2\/comments?post=11681"}],"version-history":[{"count":0,"href":"https:\/\/kraios.app\/news\/wp-json\/wp\/v2\/posts\/11681\/revisions"}],"wp:featuredmedia":[{"embeddable":true,"href":"https:\/\/kraios.app\/news\/wp-json\/wp\/v2\/media\/11682"}],"wp:attachment":[{"href":"https:\/\/kraios.app\/news\/wp-json\/wp\/v2\/media?parent=11681"}],"wp:term":[{"taxonomy":"category","embeddable":true,"href":"https:\/\/kraios.app\/news\/wp-json\/wp\/v2\/categories?post=11681"},{"taxonomy":"post_tag","embeddable":true,"href":"https:\/\/kraios.app\/news\/wp-json\/wp\/v2\/tags?post=11681"}],"curies":[{"name":"wp","href":"https:\/\/api.w.org\/{rel}","templated":true}]}}