{"id":11668,"date":"2023-08-12T02:33:29","date_gmt":"2023-08-12T02:33:29","guid":{"rendered":"https:\/\/kraios.app\/news\/yasam\/2023\/08\/12\/turk-kizilay-depremde-tamirhanesi-yikilan-hatayli-esnafa-konteyner-verdi\/"},"modified":"2023-08-12T02:33:29","modified_gmt":"2023-08-12T02:33:29","slug":"turk-kizilay-depremde-tamirhanesi-yikilan-hatayli-esnafa-konteyner-verdi","status":"publish","type":"post","link":"https:\/\/kraios.app\/news\/yasam\/2023\/08\/12\/turk-kizilay-depremde-tamirhanesi-yikilan-hatayli-esnafa-konteyner-verdi\/","title":{"rendered":"T\u00fcrk K\u0131z\u0131lay depremde tamirhanesi y\u0131k\u0131lan Hatayl\u0131 esnafa konteyner verdi"},"content":{"rendered":"<p>T\u00fcrk K\u0131z\u0131lay, Kahramanmara\u015f merkezli 6 \u015eubat&#8217;taki depremlerde Hatay&#8217;da engelli ara\u00e7 tamirhanesi y\u0131k\u0131lan 64 ya\u015f\u0131ndaki Fahrettin Y\u0131lmaz&#8217;a konteyner tahsis etti.<\/p>\n","protected":false},"excerpt":{"rendered":"<p>T\u00fcrk K\u0131z\u0131lay, Kahramanmara\u015f merkezli 6 \u015eubat&#8217;taki depremlerde Hatay&#8217;da engelli ara\u00e7 tamirhanesi y\u0131k\u0131lan 64 ya\u015f\u0131ndaki Fahrettin Y\u0131lmaz&#8217;a konteyner tahsis etti.<\/p>\n","protected":false},"author":1,"featured_media":11669,"comment_status":"","ping_status":"","sticky":false,"template":"","format":"standard","meta":[],"categories":[50],"tags":[],"_links":{"self":[{"href":"https:\/\/kraios.app\/news\/wp-json\/wp\/v2\/posts\/11668"}],"collection":[{"href":"https:\/\/kraios.app\/news\/wp-json\/wp\/v2\/posts"}],"about":[{"href":"https:\/\/kraios.app\/news\/wp-json\/wp\/v2\/types\/post"}],"author":[{"embeddable":true,"href":"https:\/\/kraios.app\/news\/wp-json\/wp\/v2\/users\/1"}],"replies":[{"embeddable":true,"href":"https:\/\/kraios.app\/news\/wp-json\/wp\/v2\/comments?post=11668"}],"version-history":[{"count":0,"href":"https:\/\/kraios.app\/news\/wp-json\/wp\/v2\/posts\/11668\/revisions"}],"wp:featuredmedia":[{"embeddable":true,"href":"https:\/\/kraios.app\/news\/wp-json\/wp\/v2\/media\/11669"}],"wp:attachment":[{"href":"https:\/\/kraios.app\/news\/wp-json\/wp\/v2\/media?parent=11668"}],"wp:term":[{"taxonomy":"category","embeddable":true,"href":"https:\/\/kraios.app\/news\/wp-json\/wp\/v2\/categories?post=11668"},{"taxonomy":"post_tag","embeddable":true,"href":"https:\/\/kraios.app\/news\/wp-json\/wp\/v2\/tags?post=11668"}],"curies":[{"name":"wp","href":"https:\/\/api.w.org\/{rel}","templated":true}]}}