{"id":11640,"date":"2023-08-11T18:00:24","date_gmt":"2023-08-11T18:00:24","guid":{"rendered":"https:\/\/kraios.app\/news\/yasam\/2023\/08\/11\/kavurucu-sicaklara-ragmen-ciftciler-tarlada-zorlu-mesaisini-surduruyor\/"},"modified":"2023-08-11T18:00:24","modified_gmt":"2023-08-11T18:00:24","slug":"kavurucu-sicaklara-ragmen-ciftciler-tarlada-zorlu-mesaisini-surduruyor","status":"publish","type":"post","link":"https:\/\/kraios.app\/news\/yasam\/2023\/08\/11\/kavurucu-sicaklara-ragmen-ciftciler-tarlada-zorlu-mesaisini-surduruyor\/","title":{"rendered":"Kavurucu s\u0131caklara ra\u011fmen \u00e7ift\u00e7iler tarlada zorlu mesaisini s\u00fcrd\u00fcr\u00fcyor"},"content":{"rendered":"<p><\/p>\n<div>\n<p>Bu sene, \u00f6nceki y\u0131llara oranla ya\u011f\u0131\u015flardaki art\u0131\u015f, \u00e7o\u011fu ilde oldu\u011fu gibi ba\u015fkentte de tarlalardaki verimi artt\u0131rd\u0131.<\/p>\n<p>\u00dcr\u00fcn\u00fcn bol oldu\u011fu tarlalarda \u00e7ift\u00e7iler, daha fazla mesai harcayarak mahsul\u00fc zaman\u0131nda hasat etmeye \u00e7al\u0131\u015f\u0131yor.<\/p>\n<p>Hava s\u0131cakl\u0131klar\u0131n\u0131n mevsim normalleri \u00fczerinde seyretmesi ise \u00f6zellikle de s\u0131ca\u011f\u0131n en etkili oldu\u011fu \u00f6\u011flen saatlerinde \u00e7ift\u00e7ilere zor anlar ya\u015fat\u0131yor.<\/p>\n<p><img decoding=\"async\" alt=\"\" src=\"https:\/\/www.aa.com.tr\/uploads\/userFiles\/a54ea27f-6036-4f79-88c6-6bc9ba19a35d\/08_Nisan%2F06%20temmuz%2F10%2FAA-31895356.jpg\"\/><\/p>\n<p>G\u00f6lba\u015f\u0131 il\u00e7esine ba\u011fl\u0131 Karaali ve \u00e7evredeki mahallelerde \u00e7ift\u00e7ilik yapan vatanda\u015flar, s\u0131caktan etkilenmemek i\u00e7in sabah erken saatlerde kalkarak serin havada tarlalar\u0131nda hasat yap\u0131yor.<\/p>\n<p>\u00c7ift\u00e7iler, \u00f6\u011flen saatlerinde mola verip ard\u0131ndan ak\u015fam saatlerinde yeniden mesaiye ba\u015flayarak tarladan bi\u00e7erd\u00f6ver ile bi\u00e7tikleri arpa ve bu\u011fday\u0131 kamyon ve trakt\u00f6rlerle ta\u015f\u0131maya ba\u015fl\u0131yor.<\/p>\n<p><img decoding=\"async\" alt=\"\" src=\"https:\/\/www.aa.com.tr\/uploads\/userFiles\/a54ea27f-6036-4f79-88c6-6bc9ba19a35d\/08_Nisan%2F06%20temmuz%2F10%2FAA-31895368.jpg\"\/><\/p>\n<h3>&#8220;Bu sene daha fazla mesai harc\u0131yoruz&#8221;<\/h3>\n<p>\u00c7ift\u00e7i Bekir \u00d6zdemir, AA muhabirine, s\u0131cak havada g\u00fcne\u015fin alt\u0131nda \u00e7al\u0131\u015fman\u0131n zor oldu\u011funu s\u00f6yledi.<\/p>\n<p>Ya\u011f\u0131\u015flar\u0131n bol olmas\u0131yla bu sene daha fazla mesai harcad\u0131klar\u0131n\u0131 anlatan \u00d6zdemir, &#8220;Bu sene 350 d\u00f6n\u00fcm arazi ektim. Sabah namaz\u0131n\u0131 k\u0131l\u0131p, erken saatlerin serinli\u011finde yola \u00e7\u0131k\u0131yoruz. G\u00fcne\u015f \u00e7\u0131k\u0131nca, \u00f6\u011flen eve gelip uyuyup dinleniyor, ak\u015fam serinli\u011finde tekrar \u00e7al\u0131\u015fmaya ba\u015fl\u0131yoruz.&#8221; dedi.<\/p>\n<p><img decoding=\"async\" alt=\"\" src=\"https:\/\/www.aa.com.tr\/uploads\/userFiles\/a54ea27f-6036-4f79-88c6-6bc9ba19a35d\/08_Nisan%2F06%20temmuz%2F10%2FAA-31895369.jpg\"\/><\/p>\n<h3>&#8220;Bazen gece yar\u0131lar\u0131na kadar \u00e7al\u0131\u015f\u0131yoruz&#8221;<\/h3>\n<p>Dedesine hasat i\u00e7in yard\u0131ma gelen Yasin Orhan ise s\u0131caktan etkilenmemek i\u00e7in sabah veya ak\u015fam serinli\u011finde \u00e7al\u0131\u015ft\u0131klar\u0131n\u0131 s\u00f6yledi.<\/p>\n<p><img decoding=\"async\" alt=\"\" src=\"https:\/\/www.aa.com.tr\/uploads\/userFiles\/a54ea27f-6036-4f79-88c6-6bc9ba19a35d\/08_Nisan%2F06%20temmuz%2F10%2FAA-31895370.jpg\"\/><\/p>\n<p>Ak\u015fam saatlerinde \u00e7al\u0131\u015fman\u0131n daha rahat oldu\u011funu dile getiren Orhan, \u015funlar\u0131 kaydetti:<\/p>\n<p>&#8220;Havalar \u015fu d\u00f6nem biraz s\u0131cak ge\u00e7iyor. G\u00fcnd\u00fcz serinli\u011finde \u00e7al\u0131\u015f\u0131p \u00f6\u011flen dinleniyoruz. Ak\u015fam tekrar serinde \u00e7al\u0131\u015farak hasad\u0131 vaktinde bitirmeye \u00e7al\u0131\u015f\u0131yoruz, hatta bazen gece yar\u0131lar\u0131na kadar \u00e7al\u0131\u015f\u0131yoruz ki i\u015f, sabah, \u00f6\u011flen s\u0131ca\u011f\u0131na kalmas\u0131n diye. Bu y\u0131l arpa ve bu\u011fday ektik, ya\u011f\u0131\u015flar da baya\u011f\u0131 bol oldu beklenenden, daha \u00e7ok \u00fcr\u00fcn oldu bundan dolay\u0131 da \u00e7ok mutluyuz.&#8221;<\/p>\n<p>                            <span class=\"detay-foto-editor\">&#13;<br \/>\n                                <a href=\"https:\/\/www.aa.com.tr\/tr\/p\/abonelik-talep-formu\/1001\" target=\"_blank\" style=\"font-size:12px; color:#444; text-decoration:none;\" rel=\"noopener\">&#13;<br \/>\n                                    Anadolu Ajans\u0131 web sitesinde, AA Haber Ak\u0131\u015f Sistemi (HAS) \u00fczerinden abonelere sunulan haberler, \u00f6zetlenerek yay\u0131mlanmaktad\u0131r. <b style=\"color:#1897F7\">Abonelik i\u00e7in l\u00fctfen ileti\u015fime ge\u00e7iniz.<\/b>&#13;<br \/>\n                                <\/a>&#13;<br \/>\n                            <\/span>\n                        <\/div>\n<p><script>\n\t  window.fbAsyncInit = function() {\n\t\tFB.init({\n\t\t  appId: '1855843514662870',\n\t\t  status : true, \/\/ check login status\n\t\t  cookie : true, \/\/ enable cookies to allow the server to access the session\n\t\t  xfbml  : true  \/\/ parse XFBML\n\t\t});\n\t  };<\/p>\n<p>\t  (function() {\n\t\tvar e = document.createElement('script');\n\t\te.src=\"https:\/\/connect.facebook.net\/tr_TR\/all.js\";\n\t\te.async = true;\n\t\tdocument.getElementById('fb-root').appendChild(e);\n\t  }());\n    <\/script><\/p>\n","protected":false},"excerpt":{"rendered":"<p>Bu sene, \u00f6nceki y\u0131llara oranla ya\u011f\u0131\u015flardaki art\u0131\u015f, \u00e7o\u011fu ilde oldu\u011fu gibi ba\u015fkentte de tarlalardaki verimi artt\u0131rd\u0131. \u00dcr\u00fcn\u00fcn bol oldu\u011fu tarlalarda \u00e7ift\u00e7iler, daha fazla mesai harcayarak mahsul\u00fc zaman\u0131nda hasat etmeye \u00e7al\u0131\u015f\u0131yor. Hava s\u0131cakl\u0131klar\u0131n\u0131n mevsim normalleri \u00fczerinde seyretmesi ise \u00f6zellikle de s\u0131ca\u011f\u0131n en etkili oldu\u011fu \u00f6\u011flen saatlerinde \u00e7ift\u00e7ilere zor anlar ya\u015fat\u0131yor. G\u00f6lba\u015f\u0131 il\u00e7esine ba\u011fl\u0131 Karaali ve \u00e7evredeki [&hellip;]<\/p>\n","protected":false},"author":1,"featured_media":11641,"comment_status":"","ping_status":"","sticky":false,"template":"","format":"standard","meta":[],"categories":[50],"tags":[],"_links":{"self":[{"href":"https:\/\/kraios.app\/news\/wp-json\/wp\/v2\/posts\/11640"}],"collection":[{"href":"https:\/\/kraios.app\/news\/wp-json\/wp\/v2\/posts"}],"about":[{"href":"https:\/\/kraios.app\/news\/wp-json\/wp\/v2\/types\/post"}],"author":[{"embeddable":true,"href":"https:\/\/kraios.app\/news\/wp-json\/wp\/v2\/users\/1"}],"replies":[{"embeddable":true,"href":"https:\/\/kraios.app\/news\/wp-json\/wp\/v2\/comments?post=11640"}],"version-history":[{"count":0,"href":"https:\/\/kraios.app\/news\/wp-json\/wp\/v2\/posts\/11640\/revisions"}],"wp:featuredmedia":[{"embeddable":true,"href":"https:\/\/kraios.app\/news\/wp-json\/wp\/v2\/media\/11641"}],"wp:attachment":[{"href":"https:\/\/kraios.app\/news\/wp-json\/wp\/v2\/media?parent=11640"}],"wp:term":[{"taxonomy":"category","embeddable":true,"href":"https:\/\/kraios.app\/news\/wp-json\/wp\/v2\/categories?post=11640"},{"taxonomy":"post_tag","embeddable":true,"href":"https:\/\/kraios.app\/news\/wp-json\/wp\/v2\/tags?post=11640"}],"curies":[{"name":"wp","href":"https:\/\/api.w.org\/{rel}","templated":true}]}}