{"id":11620,"date":"2023-08-11T10:20:04","date_gmt":"2023-08-11T10:20:04","guid":{"rendered":"https:\/\/kraios.app\/news\/ekonomi\/2023\/08\/11\/dengeyi-saglarken-yatirimlari-dusurmeyi-degil-tasarruflari-artirmayi-hedeflemeliyiz\/"},"modified":"2023-08-11T10:20:04","modified_gmt":"2023-08-11T10:20:04","slug":"dengeyi-saglarken-yatirimlari-dusurmeyi-degil-tasarruflari-artirmayi-hedeflemeliyiz","status":"publish","type":"post","link":"https:\/\/kraios.app\/news\/ekonomi\/2023\/08\/11\/dengeyi-saglarken-yatirimlari-dusurmeyi-degil-tasarruflari-artirmayi-hedeflemeliyiz\/","title":{"rendered":"Dengeyi sa\u011flarken yat\u0131r\u0131mlar\u0131 d\u00fc\u015f\u00fcrmeyi de\u011fil tasarruflar\u0131 art\u0131rmay\u0131 hedeflemeliyiz"},"content":{"rendered":"<p> <br \/>\n<\/p>\n<div>\n<p><strong>Cumhurba\u015fkan\u0131 Yard\u0131mc\u0131s\u0131 Cevdet Y\u0131lmaz, <\/strong>Orta Vadeli Program (OVP) haz\u0131rl\u0131klar\u0131 kapsam\u0131nda, \u0130stanbul Finans Merkezi&#8217;nde (\u0130FM) finans d\u00fcnyas\u0131n\u0131n temsilcileriyle bir araya geldi.<\/p>\n<p><img decoding=\"async\" alt=\"\" src=\"https:\/\/www.aa.com.tr\/uploads\/userFiles\/23525b19-4139-468c-8051-ba931b6738e4\/AGUST2023%2Ffinansic.jpg\"\/><\/p>\n<p>Toplant\u0131n\u0131n a\u00e7\u0131l\u0131\u015f\u0131nda konu\u015fan Y\u0131lmaz, OVP haz\u0131rl\u0131klar\u0131 kapsam\u0131nda, ge\u00e7en g\u00fcnlerde i\u015f d\u00fcnyas\u0131, i\u015f\u00e7i, i\u015fveren ve memur sendikas\u0131 temsilcileriyle g\u00f6r\u00fc\u015fmeler ger\u00e7ekle\u015ftirdiklerini hat\u0131rlatarak, gelecek g\u00fcnlerde tar\u0131m sekt\u00f6r\u00fc temsilcileri ve T\u00fcrkiye Odalar ve Borsalar Birli\u011fi organizasyonuyla b\u00fct\u00fcn illerden i\u015f d\u00fcnyas\u0131 temsilcilerini dinleyeceklerini ifade etti. <\/p>\n<p>Y\u0131lmaz, tasarruf sahipleri ile kaynak kullanmak isteyen kesimler aras\u0131nda arac\u0131l\u0131k yapan finans sekt\u00f6r\u00fc ne kadar iyi ve g\u00fc\u00e7l\u00fc i\u015flerse ekonomik aktivite a\u00e7\u0131s\u0131ndan bir kazan\u00e7 oldu\u011funa i\u015faret ederek, tasarruflar\u0131n art\u0131r\u0131lmas\u0131 ve do\u011fru alanlara y\u00f6nlendirilmesinin son derece kritik oldu\u011funu s\u00f6yledi.<\/p>\n<p>T\u00fcrkiye finans sekt\u00f6r\u00fcn\u00fcn son 20 y\u0131lda b\u00fcy\u00fck bir geli\u015fim g\u00f6sterdi\u011fine dikkati \u00e7eken Y\u0131lmaz, bu sekt\u00f6re y\u00f6nelik d\u00fczenlemelerin geli\u015fmi\u015f \u00fclkelerle olduk\u00e7a paralel bir \u015fekilde y\u00fcr\u00fcd\u00fc\u011f\u00fcn\u00fc kaydetti.<\/p>\n<h3>\u00a0&#8220;En \u00f6nemli beklentilerimizden biri tasarruf oranlar\u0131m\u0131z\u0131n artt\u0131r\u0131lmas\u0131&#8221;<\/h3>\n<p>Y\u0131lmaz, finans sekt\u00f6r\u00fcn\u00fcn bir\u00e7ok alanda ciddi potansiyele sahip oldu\u011funu belirterek, \u015f\u00f6yle devam etti:<\/p>\n<p>&#8220;OVP \u00e7er\u00e7evesinde en \u00f6nemli beklentilerimizden bir tanesi tasarruf oranlar\u0131m\u0131z\u0131n artt\u0131r\u0131lmas\u0131, cari a\u00e7\u0131k dedi\u011fimiz mesele de b\u00fcy\u00fck oranda bununla ilgili. Bir \u00fclkedeki toplam yat\u0131r\u0131mlar\u0131, toplam tasarrufunuzla finanse edemiyorsan\u0131z d\u0131\u015f finansmana ihtiyac\u0131n\u0131z olu\u015fuyor. D\u0131\u015f finansman dedi\u011fimiz de bir anlamda cari a\u00e7\u0131\u011fa tekab\u00fcl ediyor. Dolay\u0131s\u0131yla kalk\u0131nmakta olan bir \u00fclke olarak yat\u0131r\u0131mlar\u0131 d\u00fc\u015f\u00fcrmeyi de\u011fil tasarruflar\u0131 art\u0131rmay\u0131 hedeflemek durumday\u0131z. Dengeyi sa\u011flarken esas yapmam\u0131z gereken, geli\u015fmek, sosyal refah\u0131 art\u0131rmak zorunda olan bir \u00fclke olarak yat\u0131r\u0131mlar\u0131 d\u00fc\u015f\u00fcrmek de\u011fil, tasarruflar\u0131 art\u0131rmak ve yat\u0131r\u0131mlar\u0131 sa\u011fl\u0131kl\u0131 tasarruflarla, kaynaklarla desteklemektir. Dolay\u0131s\u0131yla OVP \u00e7er\u00e7evesinde cari a\u00e7\u0131\u011f\u0131 a\u015fa\u011f\u0131ya d\u00fc\u015f\u00fcrerek, s\u00fcrd\u00fcr\u00fclebilir bir b\u00fcy\u00fcme perspektifini g\u00fc\u00e7lendirmek bak\u0131m\u0131ndan finans sekt\u00f6r\u00fcnde tasarruf oranlar\u0131n\u0131 art\u0131rmak bizim i\u00e7in \u00e7ok \u00e7ok k\u0131ymetli.&#8221;<\/p>\n<h3>\u00a0&#8220;Yap\u0131sal reformlar da \u00e7ok k\u0131ymetli&#8221;<\/h3>\n<p>Esas olan\u0131n finansal \u00e7e\u015fitlili\u011fi sa\u011flamak ve finansal piyasalar\u0131 geli\u015ftirmek oldu\u011funu belirten Y\u0131lmaz, \u0130FM&#8217;nin d\u00fcnyadan daha fazla sermayeyi cezbeden b\u00f6lgesel ve k\u00fcresel d\u00fczeyde bir finans cazibe merkezi olmas\u0131n\u0131 hedeflediklerini anlatt\u0131.<\/p>\n<p>Y\u0131lmaz, OVP&#8217;yi \u00fc\u00e7 sac aya\u011f\u0131 \u00fczerine in\u015fa ettiklerine i\u015faret ederek, \u015f\u00f6yle devam etti:<\/p>\n<p>&#8220;Birincisi mali disiplin. Son d\u00f6nemlerde ya\u015fad\u0131\u011f\u0131m\u0131z b\u00fcy\u00fck bir felaket var, deprem meselesi var. Depremin tek seferlik etkileri hari\u00e7, b\u00fct\u00e7e a\u00e7\u0131\u011f\u0131n\u0131n milli gelire oran\u0131n\u0131 AB standartlar\u0131nda s\u00fcrd\u00fcrme perspektifimiz var. Di\u011fer taraftan parasal politikalar, para politikam\u0131z\u0131n para \u00e7er\u00e7evesi yine OVP&#8217;de yer alacak. 2026 perspektifinde haz\u0131rlayaca\u011f\u0131m\u0131z OVP&#8217;nin hedefi tek haneli enflasyona \u00fclkemizi kavu\u015fturmak. Bu \u00e7er\u00e7eveyi Merkez Bankas\u0131&#8217;yla birlikte h\u00fck\u00fcmetimiz, hedef birli\u011fi i\u00e7inde ortaya koyacakt\u0131r. A\u015fama a\u015fama, sab\u0131rla do\u011fru politikalar\u0131 takip ederek, bu hedefe hep birlikte ula\u015faca\u011f\u0131m\u0131za y\u00fcrekten inan\u0131yorum. OVP&#8217;nin \u00fc\u00e7\u00fcnc\u00fc bir aya\u011f\u0131 var yap\u0131sal reformlar. Yap\u0131sal reformlar da \u00e7ok k\u0131ymetli. Yap\u0131sal reformlarda iki etki var. Bir tanesi orta vadeli somut etkiler. \u0130kincisi de beklenti kanal\u0131yla k\u0131sa vadeli etkiler, her ikisini de \u00f6nemsiyoruz. Yap\u0131sal reformlar yapabilen \u00fclkeler orta vadede somut de\u011fi\u015fimler yapabildikleri gibi, k\u0131sa vadeli olarak da beklentileri g\u00fc\u00e7lendiren \u00fclkelerdir.&#8221;<\/p>\n<p>Bu her \u00fc\u00e7 konuda finans kesiminin \u00f6nemli \u00f6neri ve tavsiyeleri olaca\u011f\u0131na inand\u0131\u011f\u0131n\u0131 dile getiren Y\u0131lmaz, ge\u00e7i\u015f s\u00fcrecinde olduklar\u0131n\u0131, belli politikalarda g\u00fcncellemeler ger\u00e7ekle\u015ftirdiklerini ve bu ge\u00e7i\u015f s\u00fcrecinde de sistemin iyi i\u015flemesinin, tek tek akt\u00f6rlerin pozisyonlar\u0131n\u0131n \u00f6n\u00fcnde olmas\u0131 gerekti\u011fini d\u00fc\u015f\u00fcnd\u00fcklerini belirtti.<\/p>\n<p>Y\u0131lmaz, bankac\u0131l\u0131k-finans sekt\u00f6r\u00fcn\u00fcn \u00f6nemli bir alt yap\u0131ya sahip oldu\u011funa dikkati \u00e7ekerek, \u00fclkenin ve sekt\u00f6r\u00fcn iyili\u011fini, ortak menfaatini de g\u00f6zden ka\u00e7\u0131rmadan bir s\u00fcre\u00e7 y\u00f6netiminin son derece k\u0131ymetli oldu\u011funu ve bankac\u0131l\u0131k-finans kesiminin bu ge\u00e7i\u015f s\u00fcrecinde \u00fczerine d\u00fc\u015fen rol\u00fc etkili bir \u015fekilde hayata ge\u00e7irece\u011fine inand\u0131\u011f\u0131n\u0131 s\u00f6zlerine ekledi.<\/p>\n<p>Toplant\u0131ya, T\u00fcrkiye Bankalar Birli\u011fi Y\u00f6netim Kurulu ve Ziraat Bankas\u0131 Y\u00f6netim Kurulu Ba\u015fkan\u0131 Alpaslan \u00c7akar, Vak\u0131flar Bankas\u0131, T\u00fcrkiye \u0130\u015f Bankas\u0131, Halk Bankas\u0131, T\u00fcrkiye Garanti BBVA, Yap\u0131 ve Kredi Bankas\u0131, Akbank, QNB Finansbank, Denizbank, T\u00fcrk Eximbank, T\u00fcrk Ekonomi Bankas\u0131 ve T\u00fcrkiye S\u0131nai Kalk\u0131nma Bankas\u0131 temsilcileri kat\u0131ld\u0131.<\/p>\n<p>                            <span class=\"detay-foto-editor\">&#13;<br \/>\n                                <a href=\"https:\/\/www.aa.com.tr\/tr\/p\/abonelik-talep-formu\/1001\" target=\"_blank\" style=\"font-size:12px; color:#444; text-decoration:none;\" rel=\"noopener\">&#13;<br \/>\n                                    Anadolu Ajans\u0131 web sitesinde, AA Haber Ak\u0131\u015f Sistemi (HAS) \u00fczerinden abonelere sunulan haberler, \u00f6zetlenerek yay\u0131mlanmaktad\u0131r. <b style=\"color:#1897F7\">Abonelik i\u00e7in l\u00fctfen ileti\u015fime ge\u00e7iniz.<\/b>&#13;<br \/>\n                                <\/a>&#13;<br \/>\n                            <\/span>\n                        <\/div>\n<p><script>\n\t  window.fbAsyncInit = function() {\n\t\tFB.init({\n\t\t  appId: '1855843514662870',\n\t\t  status : true, \/\/ check login status\n\t\t  cookie : true, \/\/ enable cookies to allow the server to access the session\n\t\t  xfbml  : true  \/\/ parse XFBML\n\t\t});\n\t  };<\/p>\n<p>\t  (function() {\n\t\tvar e = document.createElement('script');\n\t\te.src=\"https:\/\/connect.facebook.net\/tr_TR\/all.js\";\n\t\te.async = true;\n\t\tdocument.getElementById('fb-root').appendChild(e);\n\t  }());\n    <\/script><br \/>\n<br \/><br \/>\n<br \/><a href=\"https:\/\/www.aa.com.tr\/tr\/ekonomi\/cumhurbaskani-yardimcisi-yilmaz-dengeyi-saglarken-yatirimlari-dusurmeyi-degil-tasarruflari-artirmayi-hedeflemeliyiz\/2965820\">Source link <\/a><\/p>\n","protected":false},"excerpt":{"rendered":"<p>Cumhurba\u015fkan\u0131 Yard\u0131mc\u0131s\u0131 Cevdet Y\u0131lmaz, Orta Vadeli Program (OVP) haz\u0131rl\u0131klar\u0131 kapsam\u0131nda, \u0130stanbul Finans Merkezi&#8217;nde (\u0130FM) finans d\u00fcnyas\u0131n\u0131n temsilcileriyle bir araya geldi. Toplant\u0131n\u0131n a\u00e7\u0131l\u0131\u015f\u0131nda konu\u015fan Y\u0131lmaz, OVP haz\u0131rl\u0131klar\u0131 kapsam\u0131nda, ge\u00e7en g\u00fcnlerde i\u015f d\u00fcnyas\u0131, i\u015f\u00e7i, i\u015fveren ve memur sendikas\u0131 temsilcileriyle g\u00f6r\u00fc\u015fmeler ger\u00e7ekle\u015ftirdiklerini hat\u0131rlatarak, gelecek g\u00fcnlerde tar\u0131m sekt\u00f6r\u00fc temsilcileri ve T\u00fcrkiye Odalar ve Borsalar Birli\u011fi organizasyonuyla b\u00fct\u00fcn illerden i\u015f [&hellip;]<\/p>\n","protected":false},"author":1,"featured_media":11621,"comment_status":"","ping_status":"","sticky":false,"template":"","format":"standard","meta":[],"categories":[44],"tags":[],"_links":{"self":[{"href":"https:\/\/kraios.app\/news\/wp-json\/wp\/v2\/posts\/11620"}],"collection":[{"href":"https:\/\/kraios.app\/news\/wp-json\/wp\/v2\/posts"}],"about":[{"href":"https:\/\/kraios.app\/news\/wp-json\/wp\/v2\/types\/post"}],"author":[{"embeddable":true,"href":"https:\/\/kraios.app\/news\/wp-json\/wp\/v2\/users\/1"}],"replies":[{"embeddable":true,"href":"https:\/\/kraios.app\/news\/wp-json\/wp\/v2\/comments?post=11620"}],"version-history":[{"count":0,"href":"https:\/\/kraios.app\/news\/wp-json\/wp\/v2\/posts\/11620\/revisions"}],"wp:featuredmedia":[{"embeddable":true,"href":"https:\/\/kraios.app\/news\/wp-json\/wp\/v2\/media\/11621"}],"wp:attachment":[{"href":"https:\/\/kraios.app\/news\/wp-json\/wp\/v2\/media?parent=11620"}],"wp:term":[{"taxonomy":"category","embeddable":true,"href":"https:\/\/kraios.app\/news\/wp-json\/wp\/v2\/categories?post=11620"},{"taxonomy":"post_tag","embeddable":true,"href":"https:\/\/kraios.app\/news\/wp-json\/wp\/v2\/tags?post=11620"}],"curies":[{"name":"wp","href":"https:\/\/api.w.org\/{rel}","templated":true}]}}