{"id":11618,"date":"2023-08-11T09:20:07","date_gmt":"2023-08-11T09:20:07","guid":{"rendered":"https:\/\/kraios.app\/news\/spor\/2023\/08\/11\/galatasaray-lige-iyi-basliyor\/"},"modified":"2023-08-11T09:20:07","modified_gmt":"2023-08-11T09:20:07","slug":"galatasaray-lige-iyi-basliyor","status":"publish","type":"post","link":"https:\/\/kraios.app\/news\/spor\/2023\/08\/11\/galatasaray-lige-iyi-basliyor\/","title":{"rendered":"Galatasaray lige iyi ba\u015fl\u0131yor"},"content":{"rendered":"<p>Galatasaray Futbol Tak\u0131m\u0131, Trendyol S\u00fcper Lig&#8217;de sezonlar\u0131n ilk hafta ma\u00e7lar\u0131nda ald\u0131\u011f\u0131 iyi sonu\u00e7larla dikkati \u00e7ekiyor.<\/p>\n","protected":false},"excerpt":{"rendered":"<p>Galatasaray Futbol Tak\u0131m\u0131, Trendyol S\u00fcper Lig&#8217;de sezonlar\u0131n ilk hafta ma\u00e7lar\u0131nda ald\u0131\u011f\u0131 iyi sonu\u00e7larla dikkati \u00e7ekiyor.<\/p>\n","protected":false},"author":1,"featured_media":11619,"comment_status":"","ping_status":"","sticky":false,"template":"","format":"standard","meta":[],"categories":[48],"tags":[],"_links":{"self":[{"href":"https:\/\/kraios.app\/news\/wp-json\/wp\/v2\/posts\/11618"}],"collection":[{"href":"https:\/\/kraios.app\/news\/wp-json\/wp\/v2\/posts"}],"about":[{"href":"https:\/\/kraios.app\/news\/wp-json\/wp\/v2\/types\/post"}],"author":[{"embeddable":true,"href":"https:\/\/kraios.app\/news\/wp-json\/wp\/v2\/users\/1"}],"replies":[{"embeddable":true,"href":"https:\/\/kraios.app\/news\/wp-json\/wp\/v2\/comments?post=11618"}],"version-history":[{"count":0,"href":"https:\/\/kraios.app\/news\/wp-json\/wp\/v2\/posts\/11618\/revisions"}],"wp:featuredmedia":[{"embeddable":true,"href":"https:\/\/kraios.app\/news\/wp-json\/wp\/v2\/media\/11619"}],"wp:attachment":[{"href":"https:\/\/kraios.app\/news\/wp-json\/wp\/v2\/media?parent=11618"}],"wp:term":[{"taxonomy":"category","embeddable":true,"href":"https:\/\/kraios.app\/news\/wp-json\/wp\/v2\/categories?post=11618"},{"taxonomy":"post_tag","embeddable":true,"href":"https:\/\/kraios.app\/news\/wp-json\/wp\/v2\/tags?post=11618"}],"curies":[{"name":"wp","href":"https:\/\/api.w.org\/{rel}","templated":true}]}}