{"id":11608,"date":"2023-08-11T05:20:10","date_gmt":"2023-08-11T05:20:10","guid":{"rendered":"https:\/\/kraios.app\/news\/ekonomi\/2023\/08\/11\/bakan-simsek-piyasa-kosullari-elverdigi-olcude-rezerv-biriktirmeye-devam-edecegiz\/"},"modified":"2023-08-11T05:20:10","modified_gmt":"2023-08-11T05:20:10","slug":"bakan-simsek-piyasa-kosullari-elverdigi-olcude-rezerv-biriktirmeye-devam-edecegiz","status":"publish","type":"post","link":"https:\/\/kraios.app\/news\/ekonomi\/2023\/08\/11\/bakan-simsek-piyasa-kosullari-elverdigi-olcude-rezerv-biriktirmeye-devam-edecegiz\/","title":{"rendered":"Bakan \u015eim\u015fek: Piyasa ko\u015fullar\u0131 elverdi\u011fi \u00f6l\u00e7\u00fcde rezerv biriktirmeye devam edece\u011fiz"},"content":{"rendered":"<p> <br \/>\n<br \/>Hazine ve Maliye Bakan\u0131 Mehmet \u015eim\u015fek,&#8221;Rezerv art\u0131\u015flar\u0131n\u0131n, kur korumal\u0131 mevduat d\u00f6n\u00fc\u015flerinin rekor seviyede oldu\u011fu a\u011fustos ay\u0131nda devam etmesi olduk\u00e7a anlaml\u0131. Piyasa ko\u015fullar\u0131 elverdi\u011fi \u00f6l\u00e7\u00fcde rezerv biriktirmeye devam edece\u011fiz.&#8221; dedi.<br \/>\n<br \/><br \/>\n<br \/><a href=\"https:\/\/www.aa.com.tr\/tr\/ekonomi\/bakan-simsek-piyasa-kosullari-elverdigi-olcude-rezerv-biriktirmeye-devam-edecegiz\/2965396\">Source link <\/a><\/p>\n","protected":false},"excerpt":{"rendered":"<p>Hazine ve Maliye Bakan\u0131 Mehmet \u015eim\u015fek,&#8221;Rezerv art\u0131\u015flar\u0131n\u0131n, kur korumal\u0131 mevduat d\u00f6n\u00fc\u015flerinin rekor seviyede oldu\u011fu a\u011fustos ay\u0131nda devam etmesi olduk\u00e7a anlaml\u0131. Piyasa ko\u015fullar\u0131 elverdi\u011fi \u00f6l\u00e7\u00fcde rezerv biriktirmeye devam edece\u011fiz.&#8221; dedi. Source link<\/p>\n","protected":false},"author":1,"featured_media":11609,"comment_status":"","ping_status":"","sticky":false,"template":"","format":"standard","meta":[],"categories":[44],"tags":[],"_links":{"self":[{"href":"https:\/\/kraios.app\/news\/wp-json\/wp\/v2\/posts\/11608"}],"collection":[{"href":"https:\/\/kraios.app\/news\/wp-json\/wp\/v2\/posts"}],"about":[{"href":"https:\/\/kraios.app\/news\/wp-json\/wp\/v2\/types\/post"}],"author":[{"embeddable":true,"href":"https:\/\/kraios.app\/news\/wp-json\/wp\/v2\/users\/1"}],"replies":[{"embeddable":true,"href":"https:\/\/kraios.app\/news\/wp-json\/wp\/v2\/comments?post=11608"}],"version-history":[{"count":0,"href":"https:\/\/kraios.app\/news\/wp-json\/wp\/v2\/posts\/11608\/revisions"}],"wp:featuredmedia":[{"embeddable":true,"href":"https:\/\/kraios.app\/news\/wp-json\/wp\/v2\/media\/11609"}],"wp:attachment":[{"href":"https:\/\/kraios.app\/news\/wp-json\/wp\/v2\/media?parent=11608"}],"wp:term":[{"taxonomy":"category","embeddable":true,"href":"https:\/\/kraios.app\/news\/wp-json\/wp\/v2\/categories?post=11608"},{"taxonomy":"post_tag","embeddable":true,"href":"https:\/\/kraios.app\/news\/wp-json\/wp\/v2\/tags?post=11608"}],"curies":[{"name":"wp","href":"https:\/\/api.w.org\/{rel}","templated":true}]}}