{"id":11606,"date":"2023-08-11T04:20:05","date_gmt":"2023-08-11T04:20:05","guid":{"rendered":"https:\/\/kraios.app\/news\/spor\/2023\/08\/11\/yukatel-adana-demirspor-hirvatistan-temsilcisi-osijeki-5-1-maglup-etti\/"},"modified":"2023-08-11T04:20:05","modified_gmt":"2023-08-11T04:20:05","slug":"yukatel-adana-demirspor-hirvatistan-temsilcisi-osijeki-5-1-maglup-etti","status":"publish","type":"post","link":"https:\/\/kraios.app\/news\/spor\/2023\/08\/11\/yukatel-adana-demirspor-hirvatistan-temsilcisi-osijeki-5-1-maglup-etti\/","title":{"rendered":"Yukatel Adana Demirspor, H\u0131rvatistan temsilcisi Osijek&#8217;i 5-1 ma\u011flup etti"},"content":{"rendered":"<p><\/p>\n<div>\n<p>UEFA Avrupa Konferans Ligi 3. eleme turu ilk ma\u00e7\u0131nda\u00a0<strong>Yukatel\u00a0Adana Demirspor<\/strong>, H\u0131rvatistan temsilcisi Osijek&#8217;i 5-1 ma\u011flup etti.<\/p>\n<p><img decoding=\"async\" alt=\"\" src=\"https:\/\/www.aa.com.tr\/uploads\/userFiles\/40b5e6df-807a-4c96-8fee-5e91cbea23a3\/2023%2FAgustos%2FYUKA1.jpg\"\/><\/p>\n<h3>\u0130lk Yar\u0131<\/h3>\n<p>2. dakikada sa\u011f kanatta Grzan&#8217;\u0131n ortas\u0131nda, araya giren savunma topu uzakla\u015ft\u0131rd\u0131.<\/p>\n<p>3. dakikada Adana Demirspor \u00f6ne ge\u00e7ti. Rodrigues&#8217;in sol kanattan ceza sahas\u0131na g\u00f6nderdi\u011fi ortada, savunma topu uzakla\u015ft\u0131rd\u0131. Ceza yay\u0131 d\u0131\u015f\u0131ndan Svensson&#8217;un yerden sert \u015futunda, me\u015fin yuvarlak kaleci Malenica&#8217;n\u0131n uzanmas\u0131na ra\u011fmen sol kale dire\u011fi dibinden a\u011flarla bulu\u015ftu: 1-0.<\/p>\n<p>6. dakikada ald\u0131\u011f\u0131 pasla sol kanattan ceza sahas\u0131na giren Yusuf Sar\u0131&#8217;n\u0131n sert \u015futunda, top \u00fcstten d\u0131\u015far\u0131 \u00e7\u0131kt\u0131.<\/p>\n<p>13. dakikada Akintola ile pasla\u015farak ceza sahas\u0131na giren Cherif Ndiaye, kaleci ile kar\u015f\u0131 kar\u015f\u0131ya kalaca\u011f\u0131 s\u0131rada son anda savunma araya girerek topu uzakla\u015ft\u0131rd\u0131.<\/p>\n<p><img decoding=\"async\" alt=\"\" src=\"https:\/\/www.aa.com.tr\/uploads\/userFiles\/40b5e6df-807a-4c96-8fee-5e91cbea23a3\/2023%2FAgustos%2FYUKA2.jpg\"\/><\/p>\n<p>16. dakikada Adana Demirspor fark\u0131 ikiye \u00e7\u0131kard\u0131. Orta sahada bask\u0131 sonucu elde edilen topu alan Belhanda \u00f6nce Cherif Ndiaye ile pasla\u015ft\u0131, sonras\u0131nda ceza sahas\u0131 \u00e7izgisinden sa\u011f kanattan ceza sahas\u0131na giren Yusuf Sar\u0131&#8217;ya topu g\u00f6nderdi. Yusuf Sar\u0131&#8217;n\u0131n vuru\u015funda top kaleci Malenica&#8217;dan d\u00f6nd\u00fc. Yusuf&#8217;un ikinci kez yapt\u0131\u011f\u0131 vuru\u015fta me\u015fin yuvarlak a\u011flarla bulu\u015ftu: 2-0.<\/p>\n<p>33. dakikada Akintola&#8217;n\u0131n sol kanattan yerden ortas\u0131nda topla bulu\u015fan Emre Akbaba&#8217;n\u0131n ceza sahas\u0131 \u00e7izgisinden yapt\u0131\u011f\u0131 vuru\u015fta, top yandan d\u0131\u015far\u0131 \u00e7\u0131kt\u0131.<\/p>\n<p>36. dakikada Nejasmic&#8217;in sol kanattan yerden ortas\u0131nda, araya giren Rodrigues topu uzakla\u015ft\u0131rd\u0131.<\/p>\n<p>45+2. dakikada Grzan&#8217;\u0131n sa\u011f kanattan ortas\u0131nda ceza sahas\u0131nda y\u00fckselen Mierez&#8217;in kafa vuru\u015funda top d\u0131\u015far\u0131 \u00e7\u0131kt\u0131.<\/p>\n<p><img decoding=\"async\" alt=\"\" src=\"https:\/\/www.aa.com.tr\/uploads\/userFiles\/40b5e6df-807a-4c96-8fee-5e91cbea23a3\/2023%2FAgustos%2FYUKA3.jpg\"\/><\/p>\n<p>45+4. dakikada sa\u011f kanattan h\u0131zla ceza sahas\u0131na giren Yusuf Sar\u0131&#8217;n\u0131n vuru\u015funda, top uzak dire\u011fin yan\u0131ndan az farkla auta gitti.<\/p>\n<p>45+5. dakikada Belhanda&#8217;n\u0131n sol kanatta yerden pas\u0131nda topla bulu\u015fup ceza sahas\u0131nda giren Cherif Ndiaye, kaleci Malenica ile kar\u015f\u0131 kar\u015f\u0131ya kald\u0131. Cherif Ndiaye&#8217;nin vuru\u015funda top, kaleci Malenica&#8217;dan oyun alan\u0131na d\u00f6nd\u00fc.<\/p>\n<p>Kar\u015f\u0131la\u015fman\u0131n ilk yar\u0131s\u0131\u00a0Yukatel\u00a0Adana Demirspor&#8217;un 2-0 \u00fcst\u00fcnl\u00fc\u011f\u00fcyle sona erdi.<\/p>\n<p>\u00d6te yandan Adana Demirsporlu taraftarlar, ma\u00e7tan \u00f6nce televizyon resmedilen, \u00fczerinde \u0130ngilizce &#8220;Bizi izlemeye devam edin&#8221; yaz\u0131l\u0131 koreografi sergiledi.<\/p>\n<p><img decoding=\"async\" alt=\"\" src=\"https:\/\/www.aa.com.tr\/uploads\/userFiles\/40b5e6df-807a-4c96-8fee-5e91cbea23a3\/2023%2FAgustos%2Fyuka33.jpg\"\/><\/p>\n<h3>\u0130kinci Yar\u0131<\/h3>\n<p>47. dakikada Mierez&#8217;in ceza yay\u0131ndan vuru\u015funda top \u00fcstten d\u0131\u015far\u0131 \u00e7\u0131kt\u0131.<\/p>\n<p>52. dakikada Adana Demirspor \u00fc\u00e7\u00fcnc\u00fc gole ula\u015ft\u0131. Belhanda&#8217;n\u0131n pas\u0131yla ceza sahas\u0131na giren Cherif Ndiaye savunmayla m\u00fccadelesinin ard\u0131ndan kaleci Malenica ile kar\u015f\u0131 kar\u015f\u0131ya kald\u0131. Cherif Ndiaye&#8217;nin vuru\u015funda me\u015fin yuvarlak a\u011flarla bulu\u015ftu: 3-0.<\/p>\n<p>55. dakikada ceza sahas\u0131 \u00f6n\u00fcnde topa sahip olan Belhanda, \u00fcst \u00fcste \u00e7al\u0131mlarla ceza sahas\u0131na girdi\u011fi anda yapt\u0131\u011f\u0131 vuru\u015fta top az farkla yandan d\u0131\u015far\u0131 \u00e7\u0131kt\u0131.<\/p>\n<p>57. dakikada Mkrtchyan&#8217;\u0131n sol kanattan ortas\u0131nda ceza sahas\u0131nda arka tarafta topla bulu\u015fan Bukvic&#8217;in yak\u0131n mesafeden vuru\u015funda, kaleci Karacic son anda uzanarak \u00fcst k\u00f6\u015feden topu kornere att\u0131.<\/p>\n<p>65. dakikada Adana Demirspor penalt\u0131 kazand\u0131. Yusuf Sar\u0131, Lovric ile m\u00fccadelesinde yerde kal\u0131nca hakem Goga Kikacheishvili penalt\u0131 noktas\u0131n\u0131 g\u00f6sterdi.<\/p>\n<p>66. dakikada Adana Demirspor fark\u0131 4&#8217;e \u00e7\u0131kard\u0131. Penalt\u0131 at\u0131\u015f\u0131n\u0131 kullanan Cherif Ndiaye, topu filelere g\u00f6nderdi: 4-0.<\/p>\n<p>72. dakikada Osijek penalt\u0131 kazand\u0131. Ceza sahas\u0131nda Lovric, Svensson&#8217;un m\u00fccadelesinde yerde kal\u0131nca hakem Goga Kikacheishvili penalt\u0131 noktas\u0131n\u0131 g\u00f6sterdi.<\/p>\n<p>73. dakikada Osijek fark\u0131 3&#8217;e indirdi. Grzan&#8217;\u0131n vuru\u015funda me\u015fin yuvarlak a\u011flarla bulu\u015ftu: 4-1.<\/p>\n<p>81. dakikada Nani&#8217;nin uzaktan sert \u015futunda top kaleci Malenica&#8217;n\u0131n g\u00f6\u011fs\u00fcnden oyun alan\u0131na d\u00f6nd\u00fc.<\/p>\n<p>88. dakikada Adana Demirspor fark\u0131 yeniden 4&#8217;e \u00e7\u0131kard\u0131. Niang&#8217;\u0131n orta sahadan pas\u0131nda topla bulu\u015fan Yusuf Erdo\u011fan&#8217;\u0131n sa\u011f kanatta ceza sahas\u0131 \u00e7izgisi \u00fczerinde yapt\u0131\u011f\u0131 vuru\u015fta top uzak dire\u011fin yan\u0131ndan a\u011flarla bulu\u015ftu: 5-1.<\/p>\n<p>Kar\u015f\u0131la\u015fma\u00a0Yukatel\u00a0Adana Demirspor&#8217;un 5-1 \u00fcst\u00fcnl\u00fc\u011f\u00fcyle sona erdi.<\/p>\n<h3>&#8220;\u0130nan\u0131lmaz bir skor ald\u0131k&#8221;<\/h3>\n<p>UEFA Avrupa Konferans Ligi 3. eleme turu ilk ma\u00e7\u0131nda H\u0131rvatistan temsilcisi Osijek&#8217;i 5-1 yenen Yukatel Adana Demirspor&#8217;un teknik direkt\u00f6r Patrick Kluivert, &#8220;\u0130nan\u0131lmaz bir skor ald\u0131k, inan\u0131lmaz bir performans g\u00f6sterdik ama bakt\u0131\u011f\u0131n\u0131zda biz hala H\u0131rvatistan&#8217;a gidip ikinci ma\u00e7\u0131 oynamam\u0131z laz\u0131m.&#8221; dedi.<\/p>\n<p>Kluivert, ma\u00e7\u0131n ard\u0131ndan d\u00fczenlenen bas\u0131n toplant\u0131s\u0131nda, galibiyetten dolay\u0131 \u00e7ok mutlu oldu\u011funu belirtti.<\/p>\n<p>Tak\u0131m\u0131n verdi\u011fi m\u00fccadelenin, kararla\u015ft\u0131rd\u0131klar\u0131 her \u015feyi uygulayabilmesinin ve bitiricili\u011finin muazzam \u00f6tesi oldu\u011funu ifade eden Kluivert, \u015funlar\u0131 dile getirdi:<\/p>\n<p>&#8220;Bu ak\u015fam \u00e7ocuklar\u0131m\u0131z mutlu olabilirler. Ama biz turu daha ge\u00e7medik. Bir \u015feyler ba\u015farabilmek i\u00e7in daha \u00e7ok \u00e7al\u0131\u015fmam\u0131z laz\u0131m. Daha yolun ba\u015f\u0131nday\u0131z. Pazar g\u00fcn\u00fc \u00c7aykur Rizespor ile kar\u015f\u0131la\u015faca\u011f\u0131z. Bu ak\u015fam mutlu olabilirler ama yar\u0131ndan itibaren tekrar \u00e7al\u0131\u015fmaya ba\u015flayaca\u011f\u0131z. Tak\u0131m\u0131mla ve futbolcular\u0131m\u0131zla a\u015f\u0131r\u0131 derecede gurur duyuyorum.&#8221;<\/p>\n<p>Kluivert, ilk yar\u0131da rakibin pozisyon azl\u0131\u011f\u0131na dair soru \u00fczerine, bunun kendi tak\u0131m\u0131n\u0131n m\u00fccadelesinden, birlik ve beraberli\u011finden kaynakland\u0131\u011f\u0131n\u0131 belirterek, \u015funlar\u0131 kaydetti:<\/p>\n<p>&#8220;Rakiplerin \u015fut atamamas\u0131 \u00e7ok sevindirici. \u00c7\u00fcnk\u00fc rakipler \u015fut att\u0131\u011f\u0131nda gol atma ihtimalleri oluyor. O y\u00fczden ihtimal b\u0131rakmamam\u0131z \u00e7ok \u00e7ok \u00f6nemliydi. \u0130nan\u0131lmaz bir skor ald\u0131k, inan\u0131lmaz bir performans g\u00f6sterdik ama bakt\u0131\u011f\u0131n\u0131zda biz hala H\u0131rvatistan&#8217;a gidip ikinci ma\u00e7\u0131 oynamam\u0131z laz\u0131m. O y\u00fczden ayaklar\u0131m\u0131z yere basmas\u0131 laz\u0131m. O zaman oraya gitti\u011fimizde e\u011fer bu \u015fekilde oynamaya devam edersek tabii ki de daha fazla mutlu oluruz.&#8221;<\/p>\n<h3>&#8220;\u00dc\u00e7 kulvarda da devam etmemiz gerekiyor&#8221;<\/h3>\n<p>Kluivert, &#8220;Transfer olacak m\u0131?&#8221; sorusuna, \u015f\u00f6yle cevap verdi:<\/p>\n<p>&#8220;\u015eu an i\u00e7in ben tak\u0131m\u0131mla gayet mutluyum ama ba\u015fkan\u0131m\u0131z e\u011fer kaliteli bir futbolcu eklemek isterse &#8216;hay\u0131r&#8217; diyemem. Ama \u015funu da s\u00f6ylemek laz\u0131m; \u00fc\u00e7 kulvarda da devam etmemiz gerekiyor. Her zaman futbolcular\u0131ma da s\u00f6yledi\u011fim gibi ilk 11 \u00f6nemli de\u011fil, tak\u0131m \u00f6nemli. \u00c7\u00fcnk\u00fc e\u011fer \u00e7ok iyi bir yedek kul\u00fcben varsa ve rotasyonu istedi\u011fin gibi yapabiliyorsan mental olarak haz\u0131rs\u0131n.&#8221;<\/p>\n<h3>&#8220;Hedefimiz Avrupa&#8217;da gidebildi\u011fimiz kadar gitmek&#8221;<\/h3>\n<p>UEFA Avrupa Konferans Ligi 3. eleme turu ilk ma\u00e7\u0131nda H\u0131rvatistan&#8217;\u0131n Osijek tak\u0131m\u0131n\u0131 sahas\u0131nda 5-1 yenen Yukatel Adana Demirspor&#8217;un Ba\u015fkan\u0131 Murat Sancak, ma\u00e7\u0131n ard\u0131ndan yapt\u0131\u011f\u0131 a\u00e7\u0131klamada, hedeflerinin Avrupa&#8217;da gidebildikleri kadar gitmek oldu\u011funu s\u00f6yledi.<\/p>\n<p>Yeni Adana Stad\u0131&#8217;nda oynanan m\u00fccadelenin ard\u0131ndan a\u00e7\u0131klamalarda bulunan Sancak, g\u00fczel bir ma\u00e7 izlediklerini belirtti.<\/p>\n<p>S\u0131cak havada futbol oynaman\u0131n \u00e7ok zor oldu\u011funu vurgulayan Sancak, \u015funlar\u0131 kaydetti:<\/p>\n<p>&#8220;\u00c7ocuklar da iyi m\u00fccadele etti. Rakip tak\u0131m da iyi m\u00fccadele etti belki bir tane att\u0131lar ama iyi tak\u0131m onlar\u0131n da kaliteli kadrolar\u0131 var. Asl\u0131nda zor bir ma\u00e7t\u0131. \u0130n\u015fallah galibiyetler al\u0131p hep birlikte gruplara kalaca\u011f\u0131z. Hedefimiz Avrupa&#8217;da gidebildi\u011fimiz kadar gitmek. Kupay\u0131 alma gibi bir hedefimiz yok ama gidebilece\u011fimiz kadar gidebilmeye \u00e7al\u0131\u015faca\u011f\u0131z. \u00d6\u011frenece\u011fiz buralar\u0131, \u015fu anda \u00f6\u011frenme a\u015famas\u0131nday\u0131z. Ama ma\u015fallah tak\u0131m sanki bir Avrupal\u0131 tak\u0131m gibi oynuyor.&#8221;<\/p>\n<p>Sancak, forvet oyuncusu Cherif Ndiaye ile ilgili soruya, &#8220;Yeni transferimiz &#8216;beni seyredin&#8217; dedi bug\u00fcn. Kaliteli bir futbolcu oldu\u011fu herkes taraf\u0131ndan biliniyor zaten. Biraz Mario Balotelli&#8217;ye benziyor. Ama biz b\u00f6yle futbolcularla \u00e7al\u0131\u015fmaya al\u0131\u015f\u0131\u011f\u0131z. Zamanla iyi olacak. Adam kendini g\u00f6sterdi. &#8216;Beni izleyin&#8217; dedi yani.&#8221; \u015feklinde yan\u0131t verdi.<\/p>\n<p>B\u00fct\u00fcn oyuncular\u0131n\u0131n kaliteli oldu\u011funu dile getiren Sancak, &#8220;Hepsinin aln\u0131ndan \u00f6p\u00fcyorum, \u00fczerine d\u00fc\u015feni yapt\u0131lar. Bir tak\u0131m olduklar\u0131n\u0131 g\u00f6sterdiler. Tebrik ediyorum, rakip tak\u0131m\u0131 da tebrik ediyorum. Onlar da iyi m\u00fccadele ettiler. Burada 5-1 ald\u0131k diye oraya rahat bir \u015fekilde gitmeyece\u011fiz. 0-0 alm\u0131\u015f\u0131z gibi gidece\u011fiz. Orada yine m\u00fccadele edece\u011fiz.&#8221; diye konu\u015ftu.<\/p>\n<p>Sancak, taraftara ili\u015fkin de &#8220;Taraftar tek kelimeyle muhte\u015femdi. Ge\u00e7en hafta sahaya birka\u00e7 par\u00e7a att\u0131lar. Olmamas\u0131 laz\u0131md\u0131. Onlar da \u00f6\u011frenecekler. Yani nas\u0131l Avrupa&#8217;da oynamay\u0131 \u00f6\u011freneceksek futbolcular\u0131m\u0131zla beraber, onlar da \u00f6\u011frenecekler.&#8221; ifadelerini kulland\u0131.<\/p>\n<h3>&#8220;K\u00f6t\u00fc ba\u015flad\u0131k&#8221;<\/h3>\n<p>Osijek&#8217;in teknik direkt\u00f6r\u00fc Stjepan Tomas, &#8220;Oyunda bir b\u00f6l\u00fcmde bizim de yakalad\u0131\u011f\u0131m\u0131z f\u0131rsatlar var. O anda gol atsayd\u0131k belki ma\u00e7 d\u00f6nebilirdi. Ama maalesef burada iyi bir tak\u0131m, bireysel iyi ve yetenekli oyuncular var.&#8221; dedi.<\/p>\n<p>Tomas, ma\u00e7\u0131n ard\u0131ndan d\u00fczenlenen bas\u0131n toplant\u0131s\u0131nda, Adana Demirspor&#8217;u galibiyetten dolay\u0131 tebrik etti.<\/p>\n<p>Rakibin hak etti\u011fi bir galibiyet ald\u0131\u011f\u0131n\u0131 ifade eden Tomas, \u015funlar\u0131 dile getirdi:<\/p>\n<p>&#8220;Biz de k\u00f6t\u00fc ba\u015flad\u0131k. Ma\u00e7tan \u00f6nce oyuncularla konu\u015fuyorduk. &#8216;Burada g\u00fczel bir ambiyansla taraftardan bask\u0131 olacak. \u00d6nemli olan ilk 15-20 dakika gol yememek.&#8217; diye ama maalesef olmad\u0131 k\u00f6t\u00fc ba\u015flad\u0131k. Bireysel hatalarla iki gol hediye verdik. Ondan sonra tekrar ma\u00e7a d\u00f6nmek zor. Oyunda bir b\u00f6l\u00fcmde bizim de yakalad\u0131\u011f\u0131m\u0131z f\u0131rsatlar var. O anda gol atsayd\u0131k belki ma\u00e7 d\u00f6nebilirdi. Ama maalesef burada iyi bir tak\u0131m, bireysel iyi ve yetenekli oyuncular var. Avrupa&#8217;da f\u0131rsat bulunca rakip bir gol at\u0131yor.&#8221;<\/p>\n<p>Tomas, s\u0131cak havan\u0131n oyunlar\u0131n\u0131 etkileyip etkilemedi\u011fine dair soruya, &#8220;Tabii ki biraz etkiledi. \u00c7\u00fcnk\u00fc H\u0131rvatistan&#8217;da 22-25 derece hava s\u0131cakl\u0131\u011f\u0131 var. Biz bu havaya al\u0131\u015famad\u0131k. Biraz etkiledi diye d\u00fc\u015f\u00fcn\u00fcyorum.&#8221; \u015feklinde yan\u0131t verdi.<\/p>\n<p>                            <span class=\"detay-foto-editor\">&#13;<br \/>\n                                <a href=\"https:\/\/www.aa.com.tr\/tr\/p\/abonelik-talep-formu\/1001\" target=\"_blank\" style=\"font-size:12px; color:#444; text-decoration:none;\" rel=\"noopener\">&#13;<br \/>\n                                    Anadolu Ajans\u0131 web sitesinde, AA Haber Ak\u0131\u015f Sistemi (HAS) \u00fczerinden abonelere sunulan haberler, \u00f6zetlenerek yay\u0131mlanmaktad\u0131r. <b style=\"color:#1897F7\">Abonelik i\u00e7in l\u00fctfen ileti\u015fime ge\u00e7iniz.<\/b>&#13;<br \/>\n                                <\/a>&#13;<br \/>\n                            <\/span>\n                        <\/div>\n<p><script>\n\t  window.fbAsyncInit = function() {\n\t\tFB.init({\n\t\t  appId: '1855843514662870',\n\t\t  status : true, \/\/ check login status\n\t\t  cookie : true, \/\/ enable cookies to allow the server to access the session\n\t\t  xfbml  : true  \/\/ parse XFBML\n\t\t});\n\t  };<\/p>\n<p>\t  (function() {\n\t\tvar e = document.createElement('script');\n\t\te.src=\"https:\/\/connect.facebook.net\/tr_TR\/all.js\";\n\t\te.async = true;\n\t\tdocument.getElementById('fb-root').appendChild(e);\n\t  }());\n    <\/script><\/p>\n","protected":false},"excerpt":{"rendered":"<p>UEFA Avrupa Konferans Ligi 3. eleme turu ilk ma\u00e7\u0131nda\u00a0Yukatel\u00a0Adana Demirspor, H\u0131rvatistan temsilcisi Osijek&#8217;i 5-1 ma\u011flup etti. \u0130lk Yar\u0131 2. dakikada sa\u011f kanatta Grzan&#8217;\u0131n ortas\u0131nda, araya giren savunma topu uzakla\u015ft\u0131rd\u0131. 3. dakikada Adana Demirspor \u00f6ne ge\u00e7ti. Rodrigues&#8217;in sol kanattan ceza sahas\u0131na g\u00f6nderdi\u011fi ortada, savunma topu uzakla\u015ft\u0131rd\u0131. Ceza yay\u0131 d\u0131\u015f\u0131ndan Svensson&#8217;un yerden sert \u015futunda, me\u015fin yuvarlak kaleci [&hellip;]<\/p>\n","protected":false},"author":1,"featured_media":11607,"comment_status":"","ping_status":"","sticky":false,"template":"","format":"standard","meta":[],"categories":[48],"tags":[],"_links":{"self":[{"href":"https:\/\/kraios.app\/news\/wp-json\/wp\/v2\/posts\/11606"}],"collection":[{"href":"https:\/\/kraios.app\/news\/wp-json\/wp\/v2\/posts"}],"about":[{"href":"https:\/\/kraios.app\/news\/wp-json\/wp\/v2\/types\/post"}],"author":[{"embeddable":true,"href":"https:\/\/kraios.app\/news\/wp-json\/wp\/v2\/users\/1"}],"replies":[{"embeddable":true,"href":"https:\/\/kraios.app\/news\/wp-json\/wp\/v2\/comments?post=11606"}],"version-history":[{"count":0,"href":"https:\/\/kraios.app\/news\/wp-json\/wp\/v2\/posts\/11606\/revisions"}],"wp:featuredmedia":[{"embeddable":true,"href":"https:\/\/kraios.app\/news\/wp-json\/wp\/v2\/media\/11607"}],"wp:attachment":[{"href":"https:\/\/kraios.app\/news\/wp-json\/wp\/v2\/media?parent=11606"}],"wp:term":[{"taxonomy":"category","embeddable":true,"href":"https:\/\/kraios.app\/news\/wp-json\/wp\/v2\/categories?post=11606"},{"taxonomy":"post_tag","embeddable":true,"href":"https:\/\/kraios.app\/news\/wp-json\/wp\/v2\/tags?post=11606"}],"curies":[{"name":"wp","href":"https:\/\/api.w.org\/{rel}","templated":true}]}}