{"id":11595,"date":"2023-08-10T22:20:05","date_gmt":"2023-08-10T22:20:05","guid":{"rendered":"https:\/\/kraios.app\/news\/spor\/2023\/08\/10\/turk-takimlari-avrupada-4te-4-yapti\/"},"modified":"2023-08-10T22:20:05","modified_gmt":"2023-08-10T22:20:05","slug":"turk-takimlari-avrupada-4te-4-yapti","status":"publish","type":"post","link":"https:\/\/kraios.app\/news\/spor\/2023\/08\/10\/turk-takimlari-avrupada-4te-4-yapti\/","title":{"rendered":"T\u00fcrk tak\u0131mlar\u0131 Avrupa&#039;da 4&#039;te 4 yapt\u0131"},"content":{"rendered":"<p>Avrupa kupalar\u0131nda m\u00fccadele eden T\u00fcrk tak\u0131mlar\u0131, bu hafta oynad\u0131klar\u0131 ma\u00e7lar\u0131n t\u00fcm\u00fcn\u00fc kazand\u0131.<\/p>\n","protected":false},"excerpt":{"rendered":"<p>Avrupa kupalar\u0131nda m\u00fccadele eden T\u00fcrk tak\u0131mlar\u0131, bu hafta oynad\u0131klar\u0131 ma\u00e7lar\u0131n t\u00fcm\u00fcn\u00fc kazand\u0131.<\/p>\n","protected":false},"author":1,"featured_media":11596,"comment_status":"","ping_status":"","sticky":false,"template":"","format":"standard","meta":[],"categories":[48],"tags":[],"_links":{"self":[{"href":"https:\/\/kraios.app\/news\/wp-json\/wp\/v2\/posts\/11595"}],"collection":[{"href":"https:\/\/kraios.app\/news\/wp-json\/wp\/v2\/posts"}],"about":[{"href":"https:\/\/kraios.app\/news\/wp-json\/wp\/v2\/types\/post"}],"author":[{"embeddable":true,"href":"https:\/\/kraios.app\/news\/wp-json\/wp\/v2\/users\/1"}],"replies":[{"embeddable":true,"href":"https:\/\/kraios.app\/news\/wp-json\/wp\/v2\/comments?post=11595"}],"version-history":[{"count":0,"href":"https:\/\/kraios.app\/news\/wp-json\/wp\/v2\/posts\/11595\/revisions"}],"wp:featuredmedia":[{"embeddable":true,"href":"https:\/\/kraios.app\/news\/wp-json\/wp\/v2\/media\/11596"}],"wp:attachment":[{"href":"https:\/\/kraios.app\/news\/wp-json\/wp\/v2\/media?parent=11595"}],"wp:term":[{"taxonomy":"category","embeddable":true,"href":"https:\/\/kraios.app\/news\/wp-json\/wp\/v2\/categories?post=11595"},{"taxonomy":"post_tag","embeddable":true,"href":"https:\/\/kraios.app\/news\/wp-json\/wp\/v2\/tags?post=11595"}],"curies":[{"name":"wp","href":"https:\/\/api.w.org\/{rel}","templated":true}]}}