{"id":11554,"date":"2023-08-10T09:23:40","date_gmt":"2023-08-10T09:23:40","guid":{"rendered":"https:\/\/kraios.app\/news\/spor\/2023\/08\/10\/ligue-1de-perde-aciliyor\/"},"modified":"2023-08-10T09:23:40","modified_gmt":"2023-08-10T09:23:40","slug":"ligue-1de-perde-aciliyor","status":"publish","type":"post","link":"https:\/\/kraios.app\/news\/spor\/2023\/08\/10\/ligue-1de-perde-aciliyor\/","title":{"rendered":"Ligue 1&#039;de perde a\u00e7\u0131l\u0131yor"},"content":{"rendered":"<p>Fransa 1. Futbol Ligi&#8217;nde (Ligue 1) 2023-2024 sezonu, yar\u0131n oynanacak Nice-Lille ma\u00e7\u0131yla ba\u015flayacak.<\/p>\n","protected":false},"excerpt":{"rendered":"<p>Fransa 1. Futbol Ligi&#8217;nde (Ligue 1) 2023-2024 sezonu, yar\u0131n oynanacak Nice-Lille ma\u00e7\u0131yla ba\u015flayacak.<\/p>\n","protected":false},"author":1,"featured_media":0,"comment_status":"","ping_status":"","sticky":false,"template":"","format":"standard","meta":[],"categories":[48],"tags":[],"_links":{"self":[{"href":"https:\/\/kraios.app\/news\/wp-json\/wp\/v2\/posts\/11554"}],"collection":[{"href":"https:\/\/kraios.app\/news\/wp-json\/wp\/v2\/posts"}],"about":[{"href":"https:\/\/kraios.app\/news\/wp-json\/wp\/v2\/types\/post"}],"author":[{"embeddable":true,"href":"https:\/\/kraios.app\/news\/wp-json\/wp\/v2\/users\/1"}],"replies":[{"embeddable":true,"href":"https:\/\/kraios.app\/news\/wp-json\/wp\/v2\/comments?post=11554"}],"version-history":[{"count":0,"href":"https:\/\/kraios.app\/news\/wp-json\/wp\/v2\/posts\/11554\/revisions"}],"wp:attachment":[{"href":"https:\/\/kraios.app\/news\/wp-json\/wp\/v2\/media?parent=11554"}],"wp:term":[{"taxonomy":"category","embeddable":true,"href":"https:\/\/kraios.app\/news\/wp-json\/wp\/v2\/categories?post=11554"},{"taxonomy":"post_tag","embeddable":true,"href":"https:\/\/kraios.app\/news\/wp-json\/wp\/v2\/tags?post=11554"}],"curies":[{"name":"wp","href":"https:\/\/api.w.org\/{rel}","templated":true}]}}