{"id":11550,"date":"2023-08-10T07:20:05","date_gmt":"2023-08-10T07:20:05","guid":{"rendered":"https:\/\/kraios.app\/news\/yasam\/2023\/08\/10\/mahalleli-6-yasindaki-depremzede-meleki-gulumsetmek-icin-seferber-oldu\/"},"modified":"2023-08-10T07:20:05","modified_gmt":"2023-08-10T07:20:05","slug":"mahalleli-6-yasindaki-depremzede-meleki-gulumsetmek-icin-seferber-oldu","status":"publish","type":"post","link":"https:\/\/kraios.app\/news\/yasam\/2023\/08\/10\/mahalleli-6-yasindaki-depremzede-meleki-gulumsetmek-icin-seferber-oldu\/","title":{"rendered":"Mahalleli 6 ya\u015f\u0131ndaki depremzede Melek&#8217;i g\u00fcl\u00fcmsetmek i\u00e7in seferber oldu"},"content":{"rendered":"<p><\/p>\n<div>\n<p>6 \u015eubat&#8217;ta meydana gelen depremlerden Af\u015fin il\u00e7esindeki So\u011fucak Mahallesi de ciddi oranda etkilendi. \u00c7ok say\u0131da binan\u0131n y\u0131k\u0131ld\u0131\u011f\u0131 il\u00e7ede \u00d6zdemir ailesi de y\u0131k\u0131lan evlerinin enkaz\u0131nda kald\u0131.<\/p>\n<p>K\u00fc\u00e7\u00fck depremzedelerden 6 ya\u015f\u0131ndaki Melek de annesi Sultan, babas\u0131 Hakan, a\u011fabeyi Hilmi ve 8 ayl\u0131k karde\u015fi Hanifi ile enkaz\u0131n alt\u0131ndan depremin 6&#8217;nc\u0131 saatinde \u00e7\u0131kar\u0131ld\u0131.<\/p>\n<p>K\u0131sa s\u00fcre sonra annesi ve karde\u015flerini kaybeden k\u00fc\u00e7\u00fck Melek, babas\u0131yla Kayseri&#8217;deki tedavisinin ard\u0131ndan yeniden memleketine d\u00f6nd\u00fc.<\/p>\n<p><img decoding=\"async\" alt=\"\" src=\"https:\/\/www.aa.com.tr\/uploads\/userFiles\/9c85db40-ef31-40fe-a989-05c7e506d5d0\/08_2023%2F09082023%2Fmelek3_.jpg\"\/><\/p>\n<p>Daha \u00f6nce yak\u0131nlar\u0131 taraf\u0131ndan g\u00fcler y\u00fcz\u00fcyle bilinen Melek&#8217;in son d\u00f6nemlerde mutsuz tav\u0131rlar\u0131 mahalle sakinlerinin de dikkati \u00e7ekti.<\/p>\n<p>Hi\u00e7bir \u015feye g\u00fcl\u00fcmsemeyen Melek i\u00e7in harekete ge\u00e7en mahalle halk\u0131 durumu Af\u015fin Kafkas K\u00fclt\u00fcr Derne\u011fi Ba\u015fkan\u0131 Ahmet \u00d6zcan&#8217;a bildirdi.<\/p>\n<p>\u00d6zcan&#8217;\u0131n da giri\u015fimiyle mahalleli taraf\u0131ndan So\u011fucak Mahallesi&#8217;nde &#8220;Melekler hep g\u00fcls\u00fcn diye&#8221; isimli oyun etkinli\u011fi d\u00fczenlendi.<\/p>\n<p>Halka atma, karpuz yeme, \u00e7uval yar\u0131\u015f\u0131, balon patlatma, sandalye kapma gibi \u00e7e\u015fitli oyunlar\u0131n oynand\u0131\u011f\u0131 etkinlik s\u0131ras\u0131nda t\u00fcm \u00e7ocuklar g\u00f6n\u00fcllerince e\u011flenirken k\u00fc\u00e7\u00fck Melek&#8217;in yine \u00e7ekingen ve g\u00fcl\u00fcmsemeyen tav\u0131rlar\u0131 dikkati \u00e7ekti.<\/p>\n<p><img decoding=\"async\" alt=\"\" src=\"https:\/\/www.aa.com.tr\/uploads\/userFiles\/9c85db40-ef31-40fe-a989-05c7e506d5d0\/08_2023%2F09082023%2Fmelek1_.jpg\"\/><\/p>\n<h3>&#8220;Depremin t\u00fcm etkilerini \u00e7ocuklar\u0131m\u0131zda silmek istiyoruz&#8221;<\/h3>\n<p>Dernek Ba\u015fkan\u0131 \u00d6zcan, AA muhabirine, 6 \u015eubat&#8217;taki afette \u00e7ok say\u0131da can kayb\u0131 ve y\u0131k\u0131m\u0131n ya\u015fand\u0131\u011f\u0131n\u0131 s\u00f6yledi.<\/p>\n<p>B\u00fcy\u00fck felakette herkesin kendi derdine ve kay\u0131plar\u0131na odakland\u0131\u011f\u0131n\u0131 anlatan \u00d6zcan, \u015funlar\u0131 kaydetti:<\/p>\n<p>&#8220;Bu s\u00fcre\u00e7ten \u00e7ocuklar\u0131m\u0131z da \u00e7ok etkilendi. \u0130lk etapta oyun \u00e7ad\u0131r\u0131 kurmak istedik. Hayalimizi hay\u0131rseverlerimizin deste\u011fiyle bir g\u00fcnde konteyner \u00e7ocuk kre\u015fine d\u00f6n\u00fc\u015ft\u00fcrd\u00fck. \u015eimdi \u00e7ocuklar\u0131m\u0131z\u0131n depremin travmas\u0131n\u0131 atlatabilmesi i\u00e7in burada etkinlikler d\u00fczenliyoruz. Buraya gelen \u00e7ocuklar\u0131m\u0131z birlikte oyunlar oynuyor, birbirleriyle tan\u0131\u015f\u0131p zaman ge\u00e7irmelerini sa\u011fl\u0131yoruz. Depremin ard\u0131ndan \u00fc\u00e7\u00fcnc\u00fc etkinli\u011fimizi de Melek k\u0131z\u0131m\u0131z i\u00e7in d\u00fczenledik. Melek&#8217;in depremden bu yana g\u00fclmedi\u011fini s\u00f6ylediler. Melek ba\u015fta olmak \u00fczere di\u011fer \u00e7ocuklar\u0131m\u0131z hem e\u011flensin hem de g\u00fcls\u00fcn diye bir etkinlik yapt\u0131k. \u00c7ocuklar\u0131m\u0131z depremin ard\u0131ndan \u00e7ad\u0131rlarda, ard\u0131ndan konteynerlerde vakit ge\u00e7irmeye ba\u015flad\u0131. Gelece\u011fimiz olan \u00e7ocuklar\u0131n deprem psikolojisinden kurtulmas\u0131, \u00e7ocuk kre\u015finde vakit ge\u00e7irmeleri, hem onlar\u0131 mutlu ediyor hem de bizi mutlu ediyor. Depremin t\u00fcm etkilerini \u00e7ocuklar\u0131m\u0131zda silmek istiyoruz.&#8221;<\/p>\n<p>\u00c7ocuklar\u0131n oynad\u0131klar\u0131 oyunlarla depremin travmalar\u0131n\u0131 atlatt\u0131\u011f\u0131n\u0131 belirten \u00d6zcan, ama\u00e7lar\u0131n\u0131n Melek ve di\u011fer \u00e7ocuklar\u0131n ya\u015fad\u0131klar\u0131 travmay\u0131 bir nebze olsun hafifletmek oldu\u011funu ifade etti.<\/p>\n<p><img decoding=\"async\" alt=\"\" src=\"https:\/\/www.aa.com.tr\/uploads\/userFiles\/9c85db40-ef31-40fe-a989-05c7e506d5d0\/08_2023%2F09082023%2Fmelek2_.jpg\"\/><\/p>\n<h3>Ortak temenni Melek&#8217;in yeniden g\u00fclmesi<\/h3>\n<p>\u00d6zcan, ya\u015fanan depremlerde mahallede bir\u00e7ok evin y\u0131k\u0131ld\u0131\u011f\u0131n\u0131 ve hasar ald\u0131\u011f\u0131n\u0131 hat\u0131rlatarak, &#8220;Melek, Kayseri&#8217;deki tedavisinin ard\u0131ndan akrabalar\u0131n\u0131n yan\u0131na tekrar d\u00f6nd\u00fc. O korkuyu, afeti ya\u015fayan Melek hi\u00e7 g\u00fclm\u00fcyor. Mahalleli olarak onu biraz olsun mutlu etmek, g\u00fcld\u00fcrmek istedik. Mele\u011fimiz hep g\u00fcls\u00fcn.&#8221; diye konu\u015ftu.<\/p>\n<p>Mahalle sakinlerinden Sebahat Bozku\u015f da \u00e7ocuklar\u0131n g\u00fczel vakit ge\u00e7irmesi, mutlu olmas\u0131 ve ya\u015fad\u0131klar\u0131 travmay\u0131 atlatabilmesi ad\u0131na etkinlik d\u00fczenlediklerini belirterek, temennilerinin Melek&#8217;in yeniden g\u00fclmesi oldu\u011funu kaydetti.<\/p>\n<p>                            <span class=\"detay-foto-editor\">&#13;<br \/>\n                                <a href=\"https:\/\/www.aa.com.tr\/tr\/p\/abonelik-talep-formu\/1001\" target=\"_blank\" style=\"font-size:12px; color:#444; text-decoration:none;\" rel=\"noopener\">&#13;<br \/>\n                                    Anadolu Ajans\u0131 web sitesinde, AA Haber Ak\u0131\u015f Sistemi (HAS) \u00fczerinden abonelere sunulan haberler, \u00f6zetlenerek yay\u0131mlanmaktad\u0131r. <b style=\"color:#1897F7\">Abonelik i\u00e7in l\u00fctfen ileti\u015fime ge\u00e7iniz.<\/b>&#13;<br \/>\n                                <\/a>&#13;<br \/>\n                            <\/span>\n                        <\/div>\n<p><script>\n\t  window.fbAsyncInit = function() {\n\t\tFB.init({\n\t\t  appId: '1855843514662870',\n\t\t  status : true, \/\/ check login status\n\t\t  cookie : true, \/\/ enable cookies to allow the server to access the session\n\t\t  xfbml  : true  \/\/ parse XFBML\n\t\t});\n\t  };<\/p>\n<p>\t  (function() {\n\t\tvar e = document.createElement('script');\n\t\te.src=\"https:\/\/connect.facebook.net\/tr_TR\/all.js\";\n\t\te.async = true;\n\t\tdocument.getElementById('fb-root').appendChild(e);\n\t  }());\n    <\/script><\/p>\n","protected":false},"excerpt":{"rendered":"<p>6 \u015eubat&#8217;ta meydana gelen depremlerden Af\u015fin il\u00e7esindeki So\u011fucak Mahallesi de ciddi oranda etkilendi. \u00c7ok say\u0131da binan\u0131n y\u0131k\u0131ld\u0131\u011f\u0131 il\u00e7ede \u00d6zdemir ailesi de y\u0131k\u0131lan evlerinin enkaz\u0131nda kald\u0131. K\u00fc\u00e7\u00fck depremzedelerden 6 ya\u015f\u0131ndaki Melek de annesi Sultan, babas\u0131 Hakan, a\u011fabeyi Hilmi ve 8 ayl\u0131k karde\u015fi Hanifi ile enkaz\u0131n alt\u0131ndan depremin 6&#8217;nc\u0131 saatinde \u00e7\u0131kar\u0131ld\u0131. K\u0131sa s\u00fcre sonra annesi ve karde\u015flerini [&hellip;]<\/p>\n","protected":false},"author":1,"featured_media":11551,"comment_status":"","ping_status":"","sticky":false,"template":"","format":"standard","meta":[],"categories":[50],"tags":[],"_links":{"self":[{"href":"https:\/\/kraios.app\/news\/wp-json\/wp\/v2\/posts\/11550"}],"collection":[{"href":"https:\/\/kraios.app\/news\/wp-json\/wp\/v2\/posts"}],"about":[{"href":"https:\/\/kraios.app\/news\/wp-json\/wp\/v2\/types\/post"}],"author":[{"embeddable":true,"href":"https:\/\/kraios.app\/news\/wp-json\/wp\/v2\/users\/1"}],"replies":[{"embeddable":true,"href":"https:\/\/kraios.app\/news\/wp-json\/wp\/v2\/comments?post=11550"}],"version-history":[{"count":0,"href":"https:\/\/kraios.app\/news\/wp-json\/wp\/v2\/posts\/11550\/revisions"}],"wp:featuredmedia":[{"embeddable":true,"href":"https:\/\/kraios.app\/news\/wp-json\/wp\/v2\/media\/11551"}],"wp:attachment":[{"href":"https:\/\/kraios.app\/news\/wp-json\/wp\/v2\/media?parent=11550"}],"wp:term":[{"taxonomy":"category","embeddable":true,"href":"https:\/\/kraios.app\/news\/wp-json\/wp\/v2\/categories?post=11550"},{"taxonomy":"post_tag","embeddable":true,"href":"https:\/\/kraios.app\/news\/wp-json\/wp\/v2\/tags?post=11550"}],"curies":[{"name":"wp","href":"https:\/\/api.w.org\/{rel}","templated":true}]}}