{"id":11544,"date":"2023-08-10T03:49:17","date_gmt":"2023-08-10T03:49:17","guid":{"rendered":"https:\/\/kraios.app\/news\/spor\/2023\/08\/10\/tff-tahkim-kurulu-baskani-mustafa-demirel-oldu\/"},"modified":"2023-08-10T03:49:17","modified_gmt":"2023-08-10T03:49:17","slug":"tff-tahkim-kurulu-baskani-mustafa-demirel-oldu","status":"publish","type":"post","link":"https:\/\/kraios.app\/news\/spor\/2023\/08\/10\/tff-tahkim-kurulu-baskani-mustafa-demirel-oldu\/","title":{"rendered":"TFF Tahkim Kurulu Ba\u015fkan\u0131 Mustafa Demirel oldu"},"content":{"rendered":"<p>T\u00fcrkiye Futbol Federasyonu (TFF), Tahkim Kurulu ba\u015fkanl\u0131\u011f\u0131na Mustafa Demirel&#8217;in atand\u0131\u011f\u0131n\u0131 duyurdu.<\/p>\n","protected":false},"excerpt":{"rendered":"<p>T\u00fcrkiye Futbol Federasyonu (TFF), Tahkim Kurulu ba\u015fkanl\u0131\u011f\u0131na Mustafa Demirel&#8217;in atand\u0131\u011f\u0131n\u0131 duyurdu.<\/p>\n","protected":false},"author":1,"featured_media":11545,"comment_status":"","ping_status":"","sticky":false,"template":"","format":"standard","meta":[],"categories":[48],"tags":[],"_links":{"self":[{"href":"https:\/\/kraios.app\/news\/wp-json\/wp\/v2\/posts\/11544"}],"collection":[{"href":"https:\/\/kraios.app\/news\/wp-json\/wp\/v2\/posts"}],"about":[{"href":"https:\/\/kraios.app\/news\/wp-json\/wp\/v2\/types\/post"}],"author":[{"embeddable":true,"href":"https:\/\/kraios.app\/news\/wp-json\/wp\/v2\/users\/1"}],"replies":[{"embeddable":true,"href":"https:\/\/kraios.app\/news\/wp-json\/wp\/v2\/comments?post=11544"}],"version-history":[{"count":0,"href":"https:\/\/kraios.app\/news\/wp-json\/wp\/v2\/posts\/11544\/revisions"}],"wp:featuredmedia":[{"embeddable":true,"href":"https:\/\/kraios.app\/news\/wp-json\/wp\/v2\/media\/11545"}],"wp:attachment":[{"href":"https:\/\/kraios.app\/news\/wp-json\/wp\/v2\/media?parent=11544"}],"wp:term":[{"taxonomy":"category","embeddable":true,"href":"https:\/\/kraios.app\/news\/wp-json\/wp\/v2\/categories?post=11544"},{"taxonomy":"post_tag","embeddable":true,"href":"https:\/\/kraios.app\/news\/wp-json\/wp\/v2\/tags?post=11544"}],"curies":[{"name":"wp","href":"https:\/\/api.w.org\/{rel}","templated":true}]}}