{"id":11538,"date":"2023-08-10T02:19:42","date_gmt":"2023-08-10T02:19:42","guid":{"rendered":"https:\/\/kraios.app\/news\/yasam\/2023\/08\/10\/seben-kesin-korunacak-hassas-alanlar-ile-turizmde-adindan-soz-ettirmek-istiyor\/"},"modified":"2023-08-10T02:19:42","modified_gmt":"2023-08-10T02:19:42","slug":"seben-kesin-korunacak-hassas-alanlar-ile-turizmde-adindan-soz-ettirmek-istiyor","status":"publish","type":"post","link":"https:\/\/kraios.app\/news\/yasam\/2023\/08\/10\/seben-kesin-korunacak-hassas-alanlar-ile-turizmde-adindan-soz-ettirmek-istiyor\/","title":{"rendered":"Seben &#8220;kesin korunacak hassas alanlar&#8221; ile turizmde ad\u0131ndan s\u00f6z ettirmek istiyor"},"content":{"rendered":"<p><\/p>\n<div>\n<p>\u0130l\u00e7ede bulunan Kabak K\u00f6y\u00fc, Muslar Kaya Yerle\u015fimi, Seylik Ma\u011faralar\u0131 ile olu\u015fumu 18-20 milyon y\u0131l \u00f6ncesine tarihlendirilen Ho\u00e7a\u015f Fosil Orman\u0131&#8217;ndan sonra Solaklar Kaya Yerle\u015fimi de ge\u00e7en ay Bal\u0131kesir, Erzurum, Mersin ve Sakarya&#8217;da kesin korunacak hassas alan olarak tescil edilen 12 yer aras\u0131nda yer ald\u0131.<\/p>\n<p>Bolu&#8217;ya 55, \u0130stanbul&#8217;a 250, Ankara&#8217;ya 200 kilometre uzakl\u0131kta yer alan Seben&#8217;deki tarihi yap\u0131lar ve do\u011fal olu\u015fumlar, ziyaret\u00e7ilerine ge\u00e7mi\u015fte yolculuk yapt\u0131r\u0131yor.<\/p>\n<p><img decoding=\"async\" alt=\"\" src=\"https:\/\/www.aa.com.tr\/uploads\/userFiles\/76bad36d-1411-48e8-a1ae-b65e58872c06\/01.05%2F17%2F5%2F20230809_2_59823108_91752816.jpg\"\/><\/p>\n<p>Frigler taraf\u0131ndan 3 bin 200 y\u0131l \u00f6nce yap\u0131lan Solaklar Kaya Yerle\u015fimi, tarihi zenginli\u011fi ve do\u011fal g\u00fczelliklerinin yan\u0131 s\u0131ra 12 kilometre uzunlu\u011fundaki Guz Deresi Kanyonu&#8217;nu da b\u00fcnyesinde bar\u0131nd\u0131r\u0131yor.<\/p>\n<p>Seben G\u00f6l\u00fc, Bizans Kilisesi, birbirinden g\u00fczel kanyonlar ve yaylalara da ev sahipli\u011fi yapan il\u00e7edeki hassas alanlar, hem b\u00f6lgenin turizm de\u011ferini art\u0131yor hem de gelece\u011fe aktar\u0131l\u0131yor.<\/p>\n<p>Seben&#8217;e gelenlerin, K\u0131z\u0131k Yaylas\u0131&#8217;ndan ba\u015flayarak Seben G\u00f6l\u00fc, Solaklar Kayaevleri, Guz Deresi Kanyonu, Nevruz Tepesi, ma\u011faradan olu\u015fan Muslar Kaya Evleri, Ho\u00e7a\u015f Fosil Orman\u0131, K\u0131n\u0131k\u00e7\u0131 Kanyonu ve Bizans Krall\u0131\u011f\u0131&#8217;ndan kalan kiliseyi g\u00f6rebilmesi i\u00e7in rota olu\u015fturma \u00e7al\u0131\u015fmalar\u0131 y\u00fcr\u00fct\u00fcl\u00fcyor.<\/p>\n<p><img decoding=\"async\" alt=\"\" src=\"https:\/\/www.aa.com.tr\/uploads\/userFiles\/76bad36d-1411-48e8-a1ae-b65e58872c06\/01.05%2F17%2F5%2F20230809_2_59823108_91752812.jpg\"\/><\/p>\n<h3>&#8220;Turizmimizi canland\u0131rmak i\u00e7in b\u00fct\u00fcn materyallere sahibiz&#8221;<\/h3>\n<p>Seben Belediye Ba\u015fkan\u0131 Fatih Kavak, AA muhabirine, il\u00e7enin, tarihi ve do\u011fal g\u00fczellikleriyle Bolu ve T\u00fcrkiye&#8217;nin nadide yerlerinden biri oldu\u011funu s\u00f6yledi.<\/p>\n<p>Solaklar Kaya Evleri&#8217;nin turizm potansiyelinin y\u00fcksek oldu\u011funa dikkati \u00e7eken Kavak, &#8220;Ye\u015filin ve mavinin b\u00fct\u00fcn tonlar\u0131n\u0131 farkl\u0131 zamanlarda idrak edebilece\u011fimiz bir co\u011frafyaya sahibiz. B\u00f6lgemiz, kesin korunacak hassas alan ilan edildi. Burada bizim sosyal tesisimiz bulunuyor.&#8221; diye konu\u015ftu.<\/p>\n<p><img decoding=\"async\" alt=\"\" src=\"https:\/\/www.aa.com.tr\/uploads\/userFiles\/76bad36d-1411-48e8-a1ae-b65e58872c06\/01.05%2F17%2F5%2F20230809_2_59823108_91752796.jpg\"\/><\/p>\n<p>Kavak, Seben&#8217;de 2021 y\u0131l\u0131nda T\u00fcrkiye&#8217;nin &#8220;ilk fosil orman\u0131&#8221; olma \u00f6zelli\u011fi ta\u015f\u0131yan Ho\u00e7a\u015f Fosil Orman\u0131, 333 ma\u011faradan olu\u015fan Muslar Kaya Evleri ve Seylik Ma\u011faralar\u0131&#8217;n\u0131n, bu y\u0131l ise Kabak K\u00f6y\u00fc ile Solaklar Kaya Yerle\u015fimi&#8217;nin kesin korunacak hassas alan ilan edildi\u011fini aktard\u0131.<\/p>\n<p>Turizm yat\u0131r\u0131mlar\u0131yla buralar\u0131n Seben&#8217;in, Bolu&#8217;nun ve T\u00fcrkiye&#8217;nin turizm potansiyelini \u00f6nemli noktalara ula\u015ft\u0131raca\u011f\u0131na inand\u0131klar\u0131n\u0131 dile getiren Kavak, \u015f\u00f6yle devam etti:<\/p>\n<p>&#8220;Bolu&#8217;nun ilk ekoturizm g\u00fczergah\u0131n\u0131 da ayn\u0131 zamanda Solaklar Kaya Evleri mevkisinde olu\u015fturduk. Turizmimizi canland\u0131rmak i\u00e7in b\u00fct\u00fcn materyallere sahibiz. Bat\u0131 Karadeniz&#8217;in en b\u00fcy\u00fck g\u00f6l\u00fc burada; Seben G\u00f6l\u00fc. Di\u011fer taraftan Solaklar Kaya Evleri, Muslar Kaya Evleri, Ho\u00e7a\u015f Fosil Orman\u0131&#8230; Tek eksi\u011fimiz; il\u00e7emizdeki de\u011ferleri daha fazla tan\u0131t\u0131p insanlar\u0131m\u0131z\u0131n hizmetine sunup misafirlerimizi a\u011f\u0131rlamak. Bu hazinelerimizi geni\u015f kitlelere duyurmak i\u00e7in elimizden geleni yap\u0131yoruz.&#8221;<\/p>\n<p><img decoding=\"async\" alt=\"\" src=\"https:\/\/www.aa.com.tr\/uploads\/userFiles\/76bad36d-1411-48e8-a1ae-b65e58872c06\/01.05%2F17%2F5%2F20230809_2_59823108_91752814.jpg\"\/><\/p>\n<p>Kavak, b\u00f6lgede bulunan tarihi alanlarda &#8220;defineciler&#8221; taraf\u0131ndan zaman zaman ka\u00e7ak kaz\u0131lar yap\u0131ld\u0131\u011f\u0131na i\u015faret ederek, &#8220;Kesin korunacak hassas alan ilan edilmesiyle hem buralar\u0131n korunmas\u0131 ger\u00e7ekle\u015ftirilecek hem de turizm a\u00e7\u0131s\u0131ndan de\u011fer kazanacak.&#8221; dedi.<\/p>\n<p>Solaklar Kaya Evleri&#8217;nin tarihteki \u00f6neminden bahseden Kavak, &#8220;Ankara Sava\u015f\u0131&#8217;ndan sonra \u00c7elebi Mehmet, yakla\u015f\u0131k 8 ay bu korunakl\u0131 vadide ekibiyle Osmanl\u0131&#8217;n\u0131n &#8216;ikinci kurulu\u015fu&#8217; i\u00e7in \u00e7al\u0131\u015fmalar yapm\u0131\u015f. Bu bilgi, rahmetli Prof. Dr. Halil \u0130nalc\u0131k&#8217;\u0131n kaynaklar\u0131nda ge\u00e7iyor.&#8221; ifadesini kulland\u0131.<\/p>\n<p>                            <span class=\"detay-foto-editor\">&#13;<br \/>\n                                <a href=\"https:\/\/www.aa.com.tr\/tr\/p\/abonelik-talep-formu\/1001\" target=\"_blank\" style=\"font-size:12px; color:#444; text-decoration:none;\" rel=\"noopener\">&#13;<br \/>\n                                    Anadolu Ajans\u0131 web sitesinde, AA Haber Ak\u0131\u015f Sistemi (HAS) \u00fczerinden abonelere sunulan haberler, \u00f6zetlenerek yay\u0131mlanmaktad\u0131r. <b style=\"color:#1897F7\">Abonelik i\u00e7in l\u00fctfen ileti\u015fime ge\u00e7iniz.<\/b>&#13;<br \/>\n                                <\/a>&#13;<br \/>\n                            <\/span>\n                        <\/div>\n<p><script>\n\t  window.fbAsyncInit = function() {\n\t\tFB.init({\n\t\t  appId: '1855843514662870',\n\t\t  status : true, \/\/ check login status\n\t\t  cookie : true, \/\/ enable cookies to allow the server to access the session\n\t\t  xfbml  : true  \/\/ parse XFBML\n\t\t});\n\t  };<\/p>\n<p>\t  (function() {\n\t\tvar e = document.createElement('script');\n\t\te.src=\"https:\/\/connect.facebook.net\/tr_TR\/all.js\";\n\t\te.async = true;\n\t\tdocument.getElementById('fb-root').appendChild(e);\n\t  }());\n    <\/script><\/p>\n","protected":false},"excerpt":{"rendered":"<p>\u0130l\u00e7ede bulunan Kabak K\u00f6y\u00fc, Muslar Kaya Yerle\u015fimi, Seylik Ma\u011faralar\u0131 ile olu\u015fumu 18-20 milyon y\u0131l \u00f6ncesine tarihlendirilen Ho\u00e7a\u015f Fosil Orman\u0131&#8217;ndan sonra Solaklar Kaya Yerle\u015fimi de ge\u00e7en ay Bal\u0131kesir, Erzurum, Mersin ve Sakarya&#8217;da kesin korunacak hassas alan olarak tescil edilen 12 yer aras\u0131nda yer ald\u0131. Bolu&#8217;ya 55, \u0130stanbul&#8217;a 250, Ankara&#8217;ya 200 kilometre uzakl\u0131kta yer alan Seben&#8217;deki tarihi [&hellip;]<\/p>\n","protected":false},"author":1,"featured_media":11539,"comment_status":"","ping_status":"","sticky":false,"template":"","format":"standard","meta":[],"categories":[50],"tags":[],"_links":{"self":[{"href":"https:\/\/kraios.app\/news\/wp-json\/wp\/v2\/posts\/11538"}],"collection":[{"href":"https:\/\/kraios.app\/news\/wp-json\/wp\/v2\/posts"}],"about":[{"href":"https:\/\/kraios.app\/news\/wp-json\/wp\/v2\/types\/post"}],"author":[{"embeddable":true,"href":"https:\/\/kraios.app\/news\/wp-json\/wp\/v2\/users\/1"}],"replies":[{"embeddable":true,"href":"https:\/\/kraios.app\/news\/wp-json\/wp\/v2\/comments?post=11538"}],"version-history":[{"count":0,"href":"https:\/\/kraios.app\/news\/wp-json\/wp\/v2\/posts\/11538\/revisions"}],"wp:featuredmedia":[{"embeddable":true,"href":"https:\/\/kraios.app\/news\/wp-json\/wp\/v2\/media\/11539"}],"wp:attachment":[{"href":"https:\/\/kraios.app\/news\/wp-json\/wp\/v2\/media?parent=11538"}],"wp:term":[{"taxonomy":"category","embeddable":true,"href":"https:\/\/kraios.app\/news\/wp-json\/wp\/v2\/categories?post=11538"},{"taxonomy":"post_tag","embeddable":true,"href":"https:\/\/kraios.app\/news\/wp-json\/wp\/v2\/tags?post=11538"}],"curies":[{"name":"wp","href":"https:\/\/api.w.org\/{rel}","templated":true}]}}