{"id":11532,"date":"2023-08-09T23:20:04","date_gmt":"2023-08-09T23:20:04","guid":{"rendered":"https:\/\/kraios.app\/news\/ekonomi\/2023\/08\/09\/fasin-turk-mali-ithalati-2022de-yillik-bazda-yuzde-205-artti\/"},"modified":"2023-08-09T23:20:04","modified_gmt":"2023-08-09T23:20:04","slug":"fasin-turk-mali-ithalati-2022de-yillik-bazda-yuzde-205-artti","status":"publish","type":"post","link":"https:\/\/kraios.app\/news\/ekonomi\/2023\/08\/09\/fasin-turk-mali-ithalati-2022de-yillik-bazda-yuzde-205-artti\/","title":{"rendered":"Fas&#039;\u0131n T\u00fcrk mal\u0131 ithalat\u0131 2022&#039;de y\u0131ll\u0131k bazda y\u00fczde 20,5 artt\u0131"},"content":{"rendered":"<p> <br \/>\n<br \/>Fas&#8217;\u0131n d\u0131\u015f ticaret istatistiklerinden sorumlu devlet kurumu olan Fas D\u00f6viz B\u00fcrosu, \u00fclkenin T\u00fcrk mallar\u0131 ithalat\u0131n\u0131n 2022&#8217;de y\u0131ll\u0131k bazda y\u00fczde 20,5 artt\u0131\u011f\u0131n\u0131 duyurdu.<br \/>\n<br \/><br \/>\n<br \/><a href=\"https:\/\/www.aa.com.tr\/tr\/ekonomi\/fasin-turk-mali-ithalati-2022de-yillik-bazda-yuzde-20-5-artti\/2964776\">Source link <\/a><\/p>\n","protected":false},"excerpt":{"rendered":"<p>Fas&#8217;\u0131n d\u0131\u015f ticaret istatistiklerinden sorumlu devlet kurumu olan Fas D\u00f6viz B\u00fcrosu, \u00fclkenin T\u00fcrk mallar\u0131 ithalat\u0131n\u0131n 2022&#8217;de y\u0131ll\u0131k bazda y\u00fczde 20,5 artt\u0131\u011f\u0131n\u0131 duyurdu. Source link<\/p>\n","protected":false},"author":1,"featured_media":11533,"comment_status":"","ping_status":"","sticky":false,"template":"","format":"standard","meta":[],"categories":[44],"tags":[],"_links":{"self":[{"href":"https:\/\/kraios.app\/news\/wp-json\/wp\/v2\/posts\/11532"}],"collection":[{"href":"https:\/\/kraios.app\/news\/wp-json\/wp\/v2\/posts"}],"about":[{"href":"https:\/\/kraios.app\/news\/wp-json\/wp\/v2\/types\/post"}],"author":[{"embeddable":true,"href":"https:\/\/kraios.app\/news\/wp-json\/wp\/v2\/users\/1"}],"replies":[{"embeddable":true,"href":"https:\/\/kraios.app\/news\/wp-json\/wp\/v2\/comments?post=11532"}],"version-history":[{"count":0,"href":"https:\/\/kraios.app\/news\/wp-json\/wp\/v2\/posts\/11532\/revisions"}],"wp:featuredmedia":[{"embeddable":true,"href":"https:\/\/kraios.app\/news\/wp-json\/wp\/v2\/media\/11533"}],"wp:attachment":[{"href":"https:\/\/kraios.app\/news\/wp-json\/wp\/v2\/media?parent=11532"}],"wp:term":[{"taxonomy":"category","embeddable":true,"href":"https:\/\/kraios.app\/news\/wp-json\/wp\/v2\/categories?post=11532"},{"taxonomy":"post_tag","embeddable":true,"href":"https:\/\/kraios.app\/news\/wp-json\/wp\/v2\/tags?post=11532"}],"curies":[{"name":"wp","href":"https:\/\/api.w.org\/{rel}","templated":true}]}}