{"id":11530,"date":"2023-08-09T22:20:04","date_gmt":"2023-08-09T22:20:04","guid":{"rendered":"https:\/\/kraios.app\/news\/spor\/2023\/08\/09\/trendyol-super-ligde-ilk-hafta-maclarini-yonetecek-hakemler-belli-oldu\/"},"modified":"2023-08-09T22:20:04","modified_gmt":"2023-08-09T22:20:04","slug":"trendyol-super-ligde-ilk-hafta-maclarini-yonetecek-hakemler-belli-oldu","status":"publish","type":"post","link":"https:\/\/kraios.app\/news\/spor\/2023\/08\/09\/trendyol-super-ligde-ilk-hafta-maclarini-yonetecek-hakemler-belli-oldu\/","title":{"rendered":"Trendyol S\u00fcper Lig&#039;de ilk hafta ma\u00e7lar\u0131n\u0131 y\u00f6netecek hakemler belli oldu"},"content":{"rendered":"<p>Trendyol S\u00fcper Lig&#8217;de yeni sezonun ilk hafta ma\u00e7lar\u0131n\u0131 y\u00f6netecek hakemler belli oldu.<\/p>\n","protected":false},"excerpt":{"rendered":"<p>Trendyol S\u00fcper Lig&#8217;de yeni sezonun ilk hafta ma\u00e7lar\u0131n\u0131 y\u00f6netecek hakemler belli oldu.<\/p>\n","protected":false},"author":1,"featured_media":11531,"comment_status":"","ping_status":"","sticky":false,"template":"","format":"standard","meta":[],"categories":[48],"tags":[],"_links":{"self":[{"href":"https:\/\/kraios.app\/news\/wp-json\/wp\/v2\/posts\/11530"}],"collection":[{"href":"https:\/\/kraios.app\/news\/wp-json\/wp\/v2\/posts"}],"about":[{"href":"https:\/\/kraios.app\/news\/wp-json\/wp\/v2\/types\/post"}],"author":[{"embeddable":true,"href":"https:\/\/kraios.app\/news\/wp-json\/wp\/v2\/users\/1"}],"replies":[{"embeddable":true,"href":"https:\/\/kraios.app\/news\/wp-json\/wp\/v2\/comments?post=11530"}],"version-history":[{"count":0,"href":"https:\/\/kraios.app\/news\/wp-json\/wp\/v2\/posts\/11530\/revisions"}],"wp:featuredmedia":[{"embeddable":true,"href":"https:\/\/kraios.app\/news\/wp-json\/wp\/v2\/media\/11531"}],"wp:attachment":[{"href":"https:\/\/kraios.app\/news\/wp-json\/wp\/v2\/media?parent=11530"}],"wp:term":[{"taxonomy":"category","embeddable":true,"href":"https:\/\/kraios.app\/news\/wp-json\/wp\/v2\/categories?post=11530"},{"taxonomy":"post_tag","embeddable":true,"href":"https:\/\/kraios.app\/news\/wp-json\/wp\/v2\/tags?post=11530"}],"curies":[{"name":"wp","href":"https:\/\/api.w.org\/{rel}","templated":true}]}}