{"id":11514,"date":"2023-08-09T20:04:31","date_gmt":"2023-08-09T20:04:31","guid":{"rendered":"https:\/\/kraios.app\/news\/spor\/2023\/08\/09\/aysu-turkoglu-kuzey-kanalini-yuzerek-gecen-en-genc-turk-sporcu-oldu\/"},"modified":"2023-08-09T20:04:31","modified_gmt":"2023-08-09T20:04:31","slug":"aysu-turkoglu-kuzey-kanalini-yuzerek-gecen-en-genc-turk-sporcu-oldu","status":"publish","type":"post","link":"https:\/\/kraios.app\/news\/spor\/2023\/08\/09\/aysu-turkoglu-kuzey-kanalini-yuzerek-gecen-en-genc-turk-sporcu-oldu\/","title":{"rendered":"Aysu T\u00fcrko\u011flu, Kuzey Kanal\u0131&#039;n\u0131 y\u00fczerek ge\u00e7en en gen\u00e7 T\u00fcrk sporcu oldu"},"content":{"rendered":"<p>Bodrumlu y\u00fcz\u00fcc\u00fc 22 ya\u015f\u0131ndaki Aysu T\u00fcrko\u011flu, Kuzey \u0130rlanda ile \u0130sko\u00e7ya aras\u0131ndaki Kuzey Kanal\u0131&#8217;n\u0131 y\u00fczerek ge\u00e7en ilk T\u00fcrk kad\u0131n ve en gen\u00e7 T\u00fcrk sporcu oldu.<\/p>\n","protected":false},"excerpt":{"rendered":"<p>Bodrumlu y\u00fcz\u00fcc\u00fc 22 ya\u015f\u0131ndaki Aysu T\u00fcrko\u011flu, Kuzey \u0130rlanda ile \u0130sko\u00e7ya aras\u0131ndaki Kuzey Kanal\u0131&#8217;n\u0131 y\u00fczerek ge\u00e7en ilk T\u00fcrk kad\u0131n ve en gen\u00e7 T\u00fcrk sporcu oldu.<\/p>\n","protected":false},"author":1,"featured_media":11515,"comment_status":"","ping_status":"","sticky":false,"template":"","format":"standard","meta":[],"categories":[48],"tags":[],"_links":{"self":[{"href":"https:\/\/kraios.app\/news\/wp-json\/wp\/v2\/posts\/11514"}],"collection":[{"href":"https:\/\/kraios.app\/news\/wp-json\/wp\/v2\/posts"}],"about":[{"href":"https:\/\/kraios.app\/news\/wp-json\/wp\/v2\/types\/post"}],"author":[{"embeddable":true,"href":"https:\/\/kraios.app\/news\/wp-json\/wp\/v2\/users\/1"}],"replies":[{"embeddable":true,"href":"https:\/\/kraios.app\/news\/wp-json\/wp\/v2\/comments?post=11514"}],"version-history":[{"count":0,"href":"https:\/\/kraios.app\/news\/wp-json\/wp\/v2\/posts\/11514\/revisions"}],"wp:featuredmedia":[{"embeddable":true,"href":"https:\/\/kraios.app\/news\/wp-json\/wp\/v2\/media\/11515"}],"wp:attachment":[{"href":"https:\/\/kraios.app\/news\/wp-json\/wp\/v2\/media?parent=11514"}],"wp:term":[{"taxonomy":"category","embeddable":true,"href":"https:\/\/kraios.app\/news\/wp-json\/wp\/v2\/categories?post=11514"},{"taxonomy":"post_tag","embeddable":true,"href":"https:\/\/kraios.app\/news\/wp-json\/wp\/v2\/tags?post=11514"}],"curies":[{"name":"wp","href":"https:\/\/api.w.org\/{rel}","templated":true}]}}