{"id":11498,"date":"2023-08-09T16:20:04","date_gmt":"2023-08-09T16:20:04","guid":{"rendered":"https:\/\/kraios.app\/news\/spor\/2023\/08\/09\/cuneyt-cakir-gurcistan-futbol-federasyonu-hakem-kurulu-baskani-oldu\/"},"modified":"2023-08-09T16:20:04","modified_gmt":"2023-08-09T16:20:04","slug":"cuneyt-cakir-gurcistan-futbol-federasyonu-hakem-kurulu-baskani-oldu","status":"publish","type":"post","link":"https:\/\/kraios.app\/news\/spor\/2023\/08\/09\/cuneyt-cakir-gurcistan-futbol-federasyonu-hakem-kurulu-baskani-oldu\/","title":{"rendered":"C\u00fcneyt \u00c7ak\u0131r, G\u00fcrcistan Futbol Federasyonu Hakem Kurulu Ba\u015fkan\u0131 oldu"},"content":{"rendered":"<p>FIFA kokartl\u0131 eski hakem C\u00fcneyt \u00c7ak\u0131r&#8217;\u0131n G\u00fcrcistan Futbol Federasyonu Hakem Kurulu Ba\u015fkan\u0131 olarak atand\u0131\u011f\u0131 bildirildi.<\/p>\n","protected":false},"excerpt":{"rendered":"<p>FIFA kokartl\u0131 eski hakem C\u00fcneyt \u00c7ak\u0131r&#8217;\u0131n G\u00fcrcistan Futbol Federasyonu Hakem Kurulu Ba\u015fkan\u0131 olarak atand\u0131\u011f\u0131 bildirildi.<\/p>\n","protected":false},"author":1,"featured_media":11499,"comment_status":"","ping_status":"","sticky":false,"template":"","format":"standard","meta":[],"categories":[48],"tags":[],"_links":{"self":[{"href":"https:\/\/kraios.app\/news\/wp-json\/wp\/v2\/posts\/11498"}],"collection":[{"href":"https:\/\/kraios.app\/news\/wp-json\/wp\/v2\/posts"}],"about":[{"href":"https:\/\/kraios.app\/news\/wp-json\/wp\/v2\/types\/post"}],"author":[{"embeddable":true,"href":"https:\/\/kraios.app\/news\/wp-json\/wp\/v2\/users\/1"}],"replies":[{"embeddable":true,"href":"https:\/\/kraios.app\/news\/wp-json\/wp\/v2\/comments?post=11498"}],"version-history":[{"count":0,"href":"https:\/\/kraios.app\/news\/wp-json\/wp\/v2\/posts\/11498\/revisions"}],"wp:featuredmedia":[{"embeddable":true,"href":"https:\/\/kraios.app\/news\/wp-json\/wp\/v2\/media\/11499"}],"wp:attachment":[{"href":"https:\/\/kraios.app\/news\/wp-json\/wp\/v2\/media?parent=11498"}],"wp:term":[{"taxonomy":"category","embeddable":true,"href":"https:\/\/kraios.app\/news\/wp-json\/wp\/v2\/categories?post=11498"},{"taxonomy":"post_tag","embeddable":true,"href":"https:\/\/kraios.app\/news\/wp-json\/wp\/v2\/tags?post=11498"}],"curies":[{"name":"wp","href":"https:\/\/api.w.org\/{rel}","templated":true}]}}