{"id":11486,"date":"2023-08-09T10:20:05","date_gmt":"2023-08-09T10:20:05","guid":{"rendered":"https:\/\/kraios.app\/news\/spor\/2023\/08\/09\/fenerbahce-avrupada-257-randevusuna-cikiyor\/"},"modified":"2023-08-09T10:20:05","modified_gmt":"2023-08-09T10:20:05","slug":"fenerbahce-avrupada-257-randevusuna-cikiyor","status":"publish","type":"post","link":"https:\/\/kraios.app\/news\/spor\/2023\/08\/09\/fenerbahce-avrupada-257-randevusuna-cikiyor\/","title":{"rendered":"Fenerbah\u00e7e, Avrupa&#039;da 257. randevusuna \u00e7\u0131k\u0131yor"},"content":{"rendered":"<p>UEFA Avrupa Konferans Ligi 3. Eleme Turu ilk ma\u00e7\u0131nda yar\u0131n Slovenya&#8217;n\u0131n Maribor tak\u0131m\u0131n\u0131 konuk edecek Fenerbah\u00e7e, Avrupa kupalar\u0131ndaki 257. m\u00fccadelesine \u00e7\u0131kacak.<\/p>\n","protected":false},"excerpt":{"rendered":"<p>UEFA Avrupa Konferans Ligi 3. Eleme Turu ilk ma\u00e7\u0131nda yar\u0131n Slovenya&#8217;n\u0131n Maribor tak\u0131m\u0131n\u0131 konuk edecek Fenerbah\u00e7e, Avrupa kupalar\u0131ndaki 257. m\u00fccadelesine \u00e7\u0131kacak.<\/p>\n","protected":false},"author":1,"featured_media":11487,"comment_status":"","ping_status":"","sticky":false,"template":"","format":"standard","meta":[],"categories":[48],"tags":[],"_links":{"self":[{"href":"https:\/\/kraios.app\/news\/wp-json\/wp\/v2\/posts\/11486"}],"collection":[{"href":"https:\/\/kraios.app\/news\/wp-json\/wp\/v2\/posts"}],"about":[{"href":"https:\/\/kraios.app\/news\/wp-json\/wp\/v2\/types\/post"}],"author":[{"embeddable":true,"href":"https:\/\/kraios.app\/news\/wp-json\/wp\/v2\/users\/1"}],"replies":[{"embeddable":true,"href":"https:\/\/kraios.app\/news\/wp-json\/wp\/v2\/comments?post=11486"}],"version-history":[{"count":0,"href":"https:\/\/kraios.app\/news\/wp-json\/wp\/v2\/posts\/11486\/revisions"}],"wp:featuredmedia":[{"embeddable":true,"href":"https:\/\/kraios.app\/news\/wp-json\/wp\/v2\/media\/11487"}],"wp:attachment":[{"href":"https:\/\/kraios.app\/news\/wp-json\/wp\/v2\/media?parent=11486"}],"wp:term":[{"taxonomy":"category","embeddable":true,"href":"https:\/\/kraios.app\/news\/wp-json\/wp\/v2\/categories?post=11486"},{"taxonomy":"post_tag","embeddable":true,"href":"https:\/\/kraios.app\/news\/wp-json\/wp\/v2\/tags?post=11486"}],"curies":[{"name":"wp","href":"https:\/\/api.w.org\/{rel}","templated":true}]}}