{"id":11473,"date":"2023-08-09T08:08:21","date_gmt":"2023-08-09T08:08:21","guid":{"rendered":"https:\/\/kraios.app\/news\/ekonomi\/2023\/08\/09\/memur-ve-memur-emeklisinin-sozlesme-gorusmelerinde-muzakere-surecine-girildi\/"},"modified":"2023-08-09T08:08:21","modified_gmt":"2023-08-09T08:08:21","slug":"memur-ve-memur-emeklisinin-sozlesme-gorusmelerinde-muzakere-surecine-girildi","status":"publish","type":"post","link":"https:\/\/kraios.app\/news\/ekonomi\/2023\/08\/09\/memur-ve-memur-emeklisinin-sozlesme-gorusmelerinde-muzakere-surecine-girildi\/","title":{"rendered":"Memur ve memur emeklisinin s\u00f6zle\u015fme g\u00f6r\u00fc\u015fmelerinde m\u00fczakere s\u00fcrecine girildi"},"content":{"rendered":"<p> <br \/>\n<\/p>\n<div>\n<p>Yakla\u015f\u0131k 4 milyon memur ve 2,5 milyon memur emeklisini ilgilendiren toplu s\u00f6zle\u015fme g\u00f6r\u00fc\u015fmelerinde 1 A\u011fustos&#8217;ta ba\u015flayan s\u00fcre\u00e7 devam ediyor.<\/p>\n<p>Belirlenen \u00e7al\u0131\u015fma takvimi do\u011frultusunda 11 hizmet koluna ait tekliflerin tasnifiyle ilerleyen g\u00f6r\u00fc\u015fmelerde, kamu g\u00f6revlilerinin geneline ili\u015fkin tekliflerin \u00f6n m\u00fczakeresi de yap\u0131ld\u0131.<\/p>\n<h3>Gelecek hafta rakamlar konu\u015fulacak<\/h3>\n<p>T\u00fcm tekliflerin tasnif ve \u00f6n m\u00fczakerelerinin tamamlanmas\u0131yla g\u00f6r\u00fc\u015fmelerde b\u00fcy\u00fck \u00f6nem ta\u015f\u0131yan m\u00fczakere a\u015famas\u0131na ge\u00e7ilmi\u015f oldu.<\/p>\n<p>Bu kapsamda, 11 hizmet koluna ili\u015fkin komisyon raporlar\u0131, h\u00fck\u00fcmet ile yetkili sendikalar aras\u0131nda 12 A\u011fustos&#8217;a kadar m\u00fczakere edilecek.<\/p>\n<p>M\u00fczakerelerin sona ermesinin ard\u0131ndan h\u00fck\u00fcmetin, kamu g\u00f6revlilerinin geneline ili\u015fkin ilk zam teklifini 14 A\u011fustos&#8217;ta Memur-Sen&#8217;e sunmas\u0131 bekleniyor.<\/p>\n<h3>&#8220;Taleplerimiz olduk\u00e7a makul&#8221;<\/h3>\n<p>Memur-Sen Genel Ba\u015fkan Yard\u0131mc\u0131s\u0131 Hac\u0131 Bayram Tonbul, AA muhabirine yapt\u0131\u011f\u0131 a\u00e7\u0131klamada, hizmet kollar\u0131na ait tekliflerin tasnifi ve \u00f6n m\u00fczakere s\u00fcre\u00e7lerinin olumlu ve verimli ge\u00e7ti\u011fini s\u00f6yledi.<\/p>\n<p>\u00c7al\u0131\u015fma ve Sosyal G\u00fcvenlik Bakan\u0131 Vedat I\u015f\u0131khan&#8217;\u0131n da s\u00fcreci yak\u0131ndan takip etti\u011fini belirten Tonbul, \u015f\u00f6yle konu\u015ftu:<\/p>\n<p>&#8220;Hizmet kollar\u0131na ait tekliflerin tasnifi ve \u00f6n m\u00fczakere s\u00fcrecindeki olumlu havan\u0131n, g\u00f6r\u00fc\u015fmelerin m\u00fczakere k\u0131sm\u0131nda da devam etmesini istiyoruz. Ger\u00e7ekle\u015fen enflasyon rakamlar\u0131, Merkez Bankas\u0131n\u0131n revize etti\u011fi enflasyon tahminleri ve \u00e7ar\u015f\u0131n\u0131n pazar\u0131n durumu ortada. Bunlar\u0131 g\u00f6z \u00f6n\u00fcnde bulundurdu\u011fumuzda taleplerimiz olduk\u00e7a makul. Bundan dolay\u0131 kamu i\u015fvereni, 14 A\u011fustos&#8217;ta enflasyon hedefleri \u00fczerinden de\u011fil, piyasa ger\u00e7ekleri \u00fczerinden bir teklifle masaya gelmeli.&#8221;<\/p>\n<h3>Memur-Sen \u00fc\u00e7er ayl\u0131k zamlar istedi\u2028<\/h3>\n<p>Toplu s\u00f6zle\u015fme masas\u0131nda yetkili konfederasyon olarak yer alan Memur-Sen, 2024 i\u00e7in 3&#8217;er ayl\u0131k d\u00f6nemler itibar\u0131yla refah pay\u0131 dahil birinci 3 ayda y\u00fczde 35, ikinci 3 ayda y\u00fczde 10, \u00fc\u00e7\u00fcnc\u00fc 3 ayda y\u00fczde 15, d\u00f6rd\u00fcnc\u00fc 3 ayda y\u00fczde 10 art\u0131\u015f istemi\u015fti.<\/p>\n<p>Konfederasyon, 2025 i\u00e7inse 6&#8217;\u015far ayl\u0131k d\u00f6nemler itibar\u0131yla refah pay\u0131 dahil birinci 6 ayda y\u00fczde 25 ve ikinci 6 ayda y\u00fczde 15 zam talep etmi\u015fti.<\/p>\n<p>                            <span class=\"detay-foto-editor\">&#13;<br \/>\n                                <a href=\"https:\/\/www.aa.com.tr\/tr\/p\/abonelik-talep-formu\/1001\" target=\"_blank\" style=\"font-size:12px; color:#444; text-decoration:none;\" rel=\"noopener\">&#13;<br \/>\n                                    Anadolu Ajans\u0131 web sitesinde, AA Haber Ak\u0131\u015f Sistemi (HAS) \u00fczerinden abonelere sunulan haberler, \u00f6zetlenerek yay\u0131mlanmaktad\u0131r. <b style=\"color:#1897F7\">Abonelik i\u00e7in l\u00fctfen ileti\u015fime ge\u00e7iniz.<\/b>&#13;<br \/>\n                                <\/a>&#13;<br \/>\n                            <\/span>\n                        <\/div>\n<p><script>\n\t  window.fbAsyncInit = function() {\n\t\tFB.init({\n\t\t  appId: '1855843514662870',\n\t\t  status : true, \/\/ check login status\n\t\t  cookie : true, \/\/ enable cookies to allow the server to access the session\n\t\t  xfbml  : true  \/\/ parse XFBML\n\t\t});\n\t  };<\/p>\n<p>\t  (function() {\n\t\tvar e = document.createElement('script');\n\t\te.src=\"https:\/\/connect.facebook.net\/tr_TR\/all.js\";\n\t\te.async = true;\n\t\tdocument.getElementById('fb-root').appendChild(e);\n\t  }());\n    <\/script><br \/>\n<br \/><br \/>\n<br \/><a href=\"https:\/\/www.aa.com.tr\/tr\/ekonomi\/memur-ve-memur-emeklisinin-sozlesme-gorusmelerinde-muzakere-surecine-girildi\/2964164\">Source link <\/a><\/p>\n","protected":false},"excerpt":{"rendered":"<p>Yakla\u015f\u0131k 4 milyon memur ve 2,5 milyon memur emeklisini ilgilendiren toplu s\u00f6zle\u015fme g\u00f6r\u00fc\u015fmelerinde 1 A\u011fustos&#8217;ta ba\u015flayan s\u00fcre\u00e7 devam ediyor. Belirlenen \u00e7al\u0131\u015fma takvimi do\u011frultusunda 11 hizmet koluna ait tekliflerin tasnifiyle ilerleyen g\u00f6r\u00fc\u015fmelerde, kamu g\u00f6revlilerinin geneline ili\u015fkin tekliflerin \u00f6n m\u00fczakeresi de yap\u0131ld\u0131. Gelecek hafta rakamlar konu\u015fulacak T\u00fcm tekliflerin tasnif ve \u00f6n m\u00fczakerelerinin tamamlanmas\u0131yla g\u00f6r\u00fc\u015fmelerde b\u00fcy\u00fck \u00f6nem ta\u015f\u0131yan [&hellip;]<\/p>\n","protected":false},"author":1,"featured_media":11474,"comment_status":"","ping_status":"","sticky":false,"template":"","format":"standard","meta":[],"categories":[44],"tags":[],"_links":{"self":[{"href":"https:\/\/kraios.app\/news\/wp-json\/wp\/v2\/posts\/11473"}],"collection":[{"href":"https:\/\/kraios.app\/news\/wp-json\/wp\/v2\/posts"}],"about":[{"href":"https:\/\/kraios.app\/news\/wp-json\/wp\/v2\/types\/post"}],"author":[{"embeddable":true,"href":"https:\/\/kraios.app\/news\/wp-json\/wp\/v2\/users\/1"}],"replies":[{"embeddable":true,"href":"https:\/\/kraios.app\/news\/wp-json\/wp\/v2\/comments?post=11473"}],"version-history":[{"count":0,"href":"https:\/\/kraios.app\/news\/wp-json\/wp\/v2\/posts\/11473\/revisions"}],"wp:featuredmedia":[{"embeddable":true,"href":"https:\/\/kraios.app\/news\/wp-json\/wp\/v2\/media\/11474"}],"wp:attachment":[{"href":"https:\/\/kraios.app\/news\/wp-json\/wp\/v2\/media?parent=11473"}],"wp:term":[{"taxonomy":"category","embeddable":true,"href":"https:\/\/kraios.app\/news\/wp-json\/wp\/v2\/categories?post=11473"},{"taxonomy":"post_tag","embeddable":true,"href":"https:\/\/kraios.app\/news\/wp-json\/wp\/v2\/tags?post=11473"}],"curies":[{"name":"wp","href":"https:\/\/api.w.org\/{rel}","templated":true}]}}