{"id":11470,"date":"2023-08-09T08:07:15","date_gmt":"2023-08-09T08:07:15","guid":{"rendered":"https:\/\/kraios.app\/news\/spor\/2023\/08\/09\/besiktas-uefa-avrupa-konferans-ligi-3-eleme-turunda-yarin-neftciye-konuk-olacak\/"},"modified":"2023-08-09T08:07:15","modified_gmt":"2023-08-09T08:07:15","slug":"besiktas-uefa-avrupa-konferans-ligi-3-eleme-turunda-yarin-neftciye-konuk-olacak","status":"publish","type":"post","link":"https:\/\/kraios.app\/news\/spor\/2023\/08\/09\/besiktas-uefa-avrupa-konferans-ligi-3-eleme-turunda-yarin-neftciye-konuk-olacak\/","title":{"rendered":"Be\u015fikta\u015f, UEFA Avrupa Konferans Ligi 3. Eleme Turu&#8217;nda yar\u0131n Neft\u00e7i&#8217;ye konuk olacak"},"content":{"rendered":"<p><\/p>\n<div>\n<p>Azerbaycan&#8217;\u0131n ba\u015fkenti Bak\u00fc&#8217;deki Neft\u00e7i Arena&#8217;da oynanacak m\u00fcsabaka, TS\u0130 20.00&#8217;de ba\u015flayacak. \u0130svi\u00e7reli hakem Lukas Fahndrich&#8217;in y\u00f6netece\u011fi m\u00fccadele, S Sport Plus&#8217;tan naklen yay\u0131mlanacak.<\/p>\n<p>UEFA Avrupa Konferans Ligi&#8217;ne 2. eleme turundan ba\u015flayan Be\u015fikta\u015f, Arnavutluk ekibi Tirana&#8217;y\u0131 3-1 ve 2-0&#8217;l\u0131k skorlarla saf d\u0131\u015f\u0131 b\u0131rakt\u0131.<\/p>\n<p>Avrupa futbolunun kul\u00fcpler d\u00fczeyindeki 3 numaral\u0131 turnuvas\u0131na ayn\u0131 turdan dahil olan Neft\u00e7i ise Bosna Hersek&#8217;in Zeljeznicar tak\u0131m\u0131n\u0131 2-2 ve 2-0 tamamlanan ma\u00e7larla elemeyi ba\u015fard\u0131.<\/p>\n<h3>Be\u015fikta\u015f&#8217;ta 3 eksik<\/h3>\n<p>Siyah-beyazl\u0131 tak\u0131mda 3 futbolcu, Neft\u00e7i kar\u015f\u0131s\u0131nda forma giyemeyecek.<\/p>\n<p>K\u0131rm\u0131z\u0131 kart cezal\u0131s\u0131 Arthur Masuaku ile sakatl\u0131klar\u0131n\u0131 atlatmas\u0131na ra\u011fmen hen\u00fcz haz\u0131r olmayan Rachid Ghezzal ile Cenk Tosun, tak\u0131mdaki yerlerini alamayacak.<\/p>\n<p>Yeni transfer Ante Rebic ise teknik direkt\u00f6r \u015eenol G\u00fcne\u015f&#8217;in \u015fans vermesi halinde ilk kez siyah-beyazl\u0131 formay\u0131 giyecek.<\/p>\n<h3>Kadro<\/h3>\n<p>Be\u015fikta\u015f&#8217;\u0131n Neft\u00e7i ile yapaca\u011f\u0131 2 ma\u00e7 i\u00e7in UEFA&#8217;ya bildirdi\u011fi listede yer alan futbolcular \u015f\u00f6yle:<\/p>\n<p>Kaleci: Ersin Destano\u011flu, Mert G\u00fcnok, Utku Yuvakuran<\/p>\n<p>Defans: Francisco Montero, Onur Bulut, Omar Colley, Daniel Amartey, Valentin Rosier, Arthur Masuaku, Umut Mera\u015f<\/p>\n<p>Orta saha: Salih U\u00e7an, Kerem Atakan Kesgin, Rachid Ghezzal, Amir Hadziahmetovic, Necip Uysal, Kartal Kayra Y\u0131lmaz, O\u011fuzhan Akg\u00fcn, Jean Onana, Gedson Fernandes, Emrecan Bulut<\/p>\n<p>Forvet: Ante Rebic, Cenk Tosun, Vincent Aboubakar, Jackson Muleka, Semih K\u0131l\u0131\u00e7soy <\/p>\n<p>                            <span class=\"detay-foto-editor\">&#13;<br \/>\n                                <a href=\"https:\/\/www.aa.com.tr\/tr\/p\/abonelik-talep-formu\/1001\" target=\"_blank\" style=\"font-size:12px; color:#444; text-decoration:none;\" rel=\"noopener\">&#13;<br \/>\n                                    Anadolu Ajans\u0131 web sitesinde, AA Haber Ak\u0131\u015f Sistemi (HAS) \u00fczerinden abonelere sunulan haberler, \u00f6zetlenerek yay\u0131mlanmaktad\u0131r. <b style=\"color:#1897F7\">Abonelik i\u00e7in l\u00fctfen ileti\u015fime ge\u00e7iniz.<\/b>&#13;<br \/>\n                                <\/a>&#13;<br \/>\n                            <\/span>\n                        <\/div>\n<p><script>\n\t  window.fbAsyncInit = function() {\n\t\tFB.init({\n\t\t  appId: '1855843514662870',\n\t\t  status : true, \/\/ check login status\n\t\t  cookie : true, \/\/ enable cookies to allow the server to access the session\n\t\t  xfbml  : true  \/\/ parse XFBML\n\t\t});\n\t  };<\/p>\n<p>\t  (function() {\n\t\tvar e = document.createElement('script');\n\t\te.src=\"https:\/\/connect.facebook.net\/tr_TR\/all.js\";\n\t\te.async = true;\n\t\tdocument.getElementById('fb-root').appendChild(e);\n\t  }());\n    <\/script><\/p>\n","protected":false},"excerpt":{"rendered":"<p>Azerbaycan&#8217;\u0131n ba\u015fkenti Bak\u00fc&#8217;deki Neft\u00e7i Arena&#8217;da oynanacak m\u00fcsabaka, TS\u0130 20.00&#8217;de ba\u015flayacak. \u0130svi\u00e7reli hakem Lukas Fahndrich&#8217;in y\u00f6netece\u011fi m\u00fccadele, S Sport Plus&#8217;tan naklen yay\u0131mlanacak. UEFA Avrupa Konferans Ligi&#8217;ne 2. eleme turundan ba\u015flayan Be\u015fikta\u015f, Arnavutluk ekibi Tirana&#8217;y\u0131 3-1 ve 2-0&#8217;l\u0131k skorlarla saf d\u0131\u015f\u0131 b\u0131rakt\u0131. Avrupa futbolunun kul\u00fcpler d\u00fczeyindeki 3 numaral\u0131 turnuvas\u0131na ayn\u0131 turdan dahil olan Neft\u00e7i ise Bosna Hersek&#8217;in [&hellip;]<\/p>\n","protected":false},"author":1,"featured_media":11471,"comment_status":"","ping_status":"","sticky":false,"template":"","format":"standard","meta":[],"categories":[48],"tags":[],"_links":{"self":[{"href":"https:\/\/kraios.app\/news\/wp-json\/wp\/v2\/posts\/11470"}],"collection":[{"href":"https:\/\/kraios.app\/news\/wp-json\/wp\/v2\/posts"}],"about":[{"href":"https:\/\/kraios.app\/news\/wp-json\/wp\/v2\/types\/post"}],"author":[{"embeddable":true,"href":"https:\/\/kraios.app\/news\/wp-json\/wp\/v2\/users\/1"}],"replies":[{"embeddable":true,"href":"https:\/\/kraios.app\/news\/wp-json\/wp\/v2\/comments?post=11470"}],"version-history":[{"count":0,"href":"https:\/\/kraios.app\/news\/wp-json\/wp\/v2\/posts\/11470\/revisions"}],"wp:featuredmedia":[{"embeddable":true,"href":"https:\/\/kraios.app\/news\/wp-json\/wp\/v2\/media\/11471"}],"wp:attachment":[{"href":"https:\/\/kraios.app\/news\/wp-json\/wp\/v2\/media?parent=11470"}],"wp:term":[{"taxonomy":"category","embeddable":true,"href":"https:\/\/kraios.app\/news\/wp-json\/wp\/v2\/categories?post=11470"},{"taxonomy":"post_tag","embeddable":true,"href":"https:\/\/kraios.app\/news\/wp-json\/wp\/v2\/tags?post=11470"}],"curies":[{"name":"wp","href":"https:\/\/api.w.org\/{rel}","templated":true}]}}