{"id":11452,"date":"2023-08-09T01:20:07","date_gmt":"2023-08-09T01:20:07","guid":{"rendered":"https:\/\/kraios.app\/news\/yasam\/2023\/08\/09\/kis-kentlerinde-etkili-olan-sicaklik-bunaltiyor\/"},"modified":"2023-08-09T01:20:07","modified_gmt":"2023-08-09T01:20:07","slug":"kis-kentlerinde-etkili-olan-sicaklik-bunaltiyor","status":"publish","type":"post","link":"https:\/\/kraios.app\/news\/yasam\/2023\/08\/09\/kis-kentlerinde-etkili-olan-sicaklik-bunaltiyor\/","title":{"rendered":"&#8220;K\u0131\u015f kentleri&#8221;nde etkili olan s\u0131cakl\u0131k bunalt\u0131yor"},"content":{"rendered":"<p><\/p>\n<div>\n<p>K\u0131\u015f mevsiminin uzun s\u00fcrd\u00fc\u011f\u00fc kentlerin ba\u015f\u0131nda gelen Erzurum ile Kars&#8217;ta s\u0131cak hava etkili oluyor.<\/p>\n<p>S\u0131cakl\u0131\u011f\u0131n etkisini art\u0131rd\u0131\u011f\u0131 \u00f6\u011fle saatlerinde park, bah\u00e7e ve mesire alanlar\u0131nda zaman ge\u00e7iren vatanda\u015flar, so\u011fuk i\u00e7ecekler t\u00fcketerek serinlemeye \u00e7al\u0131\u015ft\u0131.<\/p>\n<p>S\u0131cakl\u0131\u011f\u0131n 30 derecenin \u00fczerine \u00e7\u0131kt\u0131\u011f\u0131 iki ilde, \u00e7ocuklar da s\u00fcs havuzlar\u0131nda y\u00fczd\u00fc.<\/p>\n<p><img decoding=\"async\" alt=\"\" src=\"https:\/\/www.aa.com.tr\/uploads\/userFiles\/7e80dc7f-a011-4033-a881-3a6b5b580d82\/20230808_2_59814935_91731402.jpg\"\/><\/p>\n<h3>&#8220;Evde duram\u0131yoruz, geceleri s\u0131caktan yatam\u0131yoruz&#8221;<\/h3>\n<p>Erzurumlu 68 ya\u015f\u0131ndaki Cemil \u00d6zmen, AA muhabirine, bu y\u0131l havalar\u0131n \u00e7ok s\u0131cak seyretti\u011fini s\u00f6yledi.<\/p>\n<p>S\u0131caktan dolay\u0131 sa\u011fl\u0131k problemleri ya\u015fad\u0131\u011f\u0131n\u0131 ifade eden \u00d6zmen, &#8220;S\u0131caktan tansiyonum d\u00fc\u015f\u00fcyor ve y\u00fckseliyor, bol bol su i\u00e7iyorum. Ge\u00e7en y\u0131l da Erzurum \u00e7ok s\u0131cakt\u0131 ama bu y\u0131l daha \u00e7ok s\u0131cak. \u00d6nceki y\u0131llarda bu s\u0131cakl\u0131klar\u0131 hat\u0131rlam\u0131yorum. Evde duram\u0131yoruz, geceleri s\u0131caktan yatam\u0131yoruz. \u00c7ok s\u0131cak var ve evler de s\u0131cak. S\u0131cakta duramad\u0131\u011f\u0131m\u0131z i\u00e7in g\u00f6lgelere gidiyoruz. G\u00fcne\u015fte durdu\u011fumuzda hasta oluyoruz.&#8221; diye konu\u015ftu.<\/p>\n<p><img decoding=\"async\" alt=\"\" src=\"https:\/\/www.aa.com.tr\/uploads\/userFiles\/88e4063b-7018-4331-b06e-f0cb513ac64c\/2023%2F08%2Fkis8-1.jpg\"\/><\/p>\n<p>Havan\u0131n Erzurum&#8217;da eskisi gibi serin olmad\u0131\u011f\u0131n\u0131 ve de\u011fi\u015fti\u011fini, \u00f6nceden yaz aylar\u0131nda balkonlarda serinlediklerini anlatan 60 ya\u015f\u0131ndaki \u0130brahim \u00d6zer Ya\u015far da \u015f\u00f6yle konu\u015ftu:<\/p>\n<p>&#8220;\u015eimdi balkonlarda serinlik yok, balkonda duruyorsun ve terliyorsun. Ge\u00e7mi\u015f y\u0131llarda ben b\u00f6yle bir s\u0131cak g\u00f6rmedim. 12.00 ila 16.00 aras\u0131nda bir yere gidemiyorsun. S\u0131cak hava beni \u00e7ok etkiliyor, nefesimi daralt\u0131yor. Mecbur kalmad\u0131k\u00e7a 16.00&#8217;ya kadar d\u0131\u015far\u0131 \u00e7\u0131km\u0131yorum.&#8221;<\/p>\n<p><img decoding=\"async\" alt=\"\" src=\"https:\/\/admin.aa.com.tr\/uploads\/userFiles\/88e4063b-7018-4331-b06e-f0cb513ac64c\/2023%2F08%2Fkis8-2.jpg\"\/><\/p>\n<h3>&#8220;Kars&#8217;ta b\u00f6yle s\u0131cak olmazd\u0131&#8221;<\/h3>\n<p>Karsl\u0131 Hasan Y\u0131lmaz ise al\u0131\u015f\u0131lmad\u0131k bir s\u0131cak havan\u0131n etkisinde olduklar\u0131n\u0131 s\u00f6yleyerek, &#8220;Kars&#8217;ta b\u00f6yle s\u0131caklar olmazd\u0131, k\u00fcresel \u0131s\u0131nma Kars&#8217;\u0131 ve \u00fclkemizi de etkiledi. \u00d6\u011fle saatlerinde d\u0131\u015far\u0131 \u00e7\u0131k\u0131lm\u0131yor.&#8221; dedi.<\/p>\n<p>Tayyar \u015eim\u015fekler de Kars&#8217;ta serin yerlerde g\u00fcn\u00fc ge\u00e7irmeye \u00e7al\u0131\u015ft\u0131\u011f\u0131n\u0131 ve s\u0131caktan etkilenmemek i\u00e7in \u015femsiyeyle gezdi\u011fini ifade etti.<\/p>\n<p><img decoding=\"async\" alt=\"\" src=\"https:\/\/admin.aa.com.tr\/uploads\/userFiles\/88e4063b-7018-4331-b06e-f0cb513ac64c\/2023%2F08%2Fkis8-3.jpg\"\/><\/p>\n<p>Kars&#8217;ta cam film ustal\u0131\u011f\u0131 yapan Alican Kaya Poyraz ise kamyonetin kasas\u0131n\u0131 havuza d\u00f6n\u00fc\u015ft\u00fcrd\u00fc.<\/p>\n<p>Kasaya branda serip hortumla su dolduran Poyraz, \u00e7ocuklar\u0131n\u0131n ve akrabalar\u0131n\u0131n burada serinlemesini sa\u011flad\u0131.<\/p>\n<p>                            <span class=\"detay-foto-editor\">&#13;<br \/>\n                                <a href=\"https:\/\/www.aa.com.tr\/tr\/p\/abonelik-talep-formu\/1001\" target=\"_blank\" style=\"font-size:12px; color:#444; text-decoration:none;\" rel=\"noopener\">&#13;<br \/>\n                                    Anadolu Ajans\u0131 web sitesinde, AA Haber Ak\u0131\u015f Sistemi (HAS) \u00fczerinden abonelere sunulan haberler, \u00f6zetlenerek yay\u0131mlanmaktad\u0131r. <b style=\"color:#1897F7\">Abonelik i\u00e7in l\u00fctfen ileti\u015fime ge\u00e7iniz.<\/b>&#13;<br \/>\n                                <\/a>&#13;<br \/>\n                            <\/span>\n                        <\/div>\n<p><script>\n\t  window.fbAsyncInit = function() {\n\t\tFB.init({\n\t\t  appId: '1855843514662870',\n\t\t  status : true, \/\/ check login status\n\t\t  cookie : true, \/\/ enable cookies to allow the server to access the session\n\t\t  xfbml  : true  \/\/ parse XFBML\n\t\t});\n\t  };<\/p>\n<p>\t  (function() {\n\t\tvar e = document.createElement('script');\n\t\te.src=\"https:\/\/connect.facebook.net\/tr_TR\/all.js\";\n\t\te.async = true;\n\t\tdocument.getElementById('fb-root').appendChild(e);\n\t  }());\n    <\/script><\/p>\n","protected":false},"excerpt":{"rendered":"<p>K\u0131\u015f mevsiminin uzun s\u00fcrd\u00fc\u011f\u00fc kentlerin ba\u015f\u0131nda gelen Erzurum ile Kars&#8217;ta s\u0131cak hava etkili oluyor. S\u0131cakl\u0131\u011f\u0131n etkisini art\u0131rd\u0131\u011f\u0131 \u00f6\u011fle saatlerinde park, bah\u00e7e ve mesire alanlar\u0131nda zaman ge\u00e7iren vatanda\u015flar, so\u011fuk i\u00e7ecekler t\u00fcketerek serinlemeye \u00e7al\u0131\u015ft\u0131. S\u0131cakl\u0131\u011f\u0131n 30 derecenin \u00fczerine \u00e7\u0131kt\u0131\u011f\u0131 iki ilde, \u00e7ocuklar da s\u00fcs havuzlar\u0131nda y\u00fczd\u00fc. &#8220;Evde duram\u0131yoruz, geceleri s\u0131caktan yatam\u0131yoruz&#8221; Erzurumlu 68 ya\u015f\u0131ndaki Cemil \u00d6zmen, AA [&hellip;]<\/p>\n","protected":false},"author":1,"featured_media":11453,"comment_status":"","ping_status":"","sticky":false,"template":"","format":"standard","meta":[],"categories":[50],"tags":[],"_links":{"self":[{"href":"https:\/\/kraios.app\/news\/wp-json\/wp\/v2\/posts\/11452"}],"collection":[{"href":"https:\/\/kraios.app\/news\/wp-json\/wp\/v2\/posts"}],"about":[{"href":"https:\/\/kraios.app\/news\/wp-json\/wp\/v2\/types\/post"}],"author":[{"embeddable":true,"href":"https:\/\/kraios.app\/news\/wp-json\/wp\/v2\/users\/1"}],"replies":[{"embeddable":true,"href":"https:\/\/kraios.app\/news\/wp-json\/wp\/v2\/comments?post=11452"}],"version-history":[{"count":0,"href":"https:\/\/kraios.app\/news\/wp-json\/wp\/v2\/posts\/11452\/revisions"}],"wp:featuredmedia":[{"embeddable":true,"href":"https:\/\/kraios.app\/news\/wp-json\/wp\/v2\/media\/11453"}],"wp:attachment":[{"href":"https:\/\/kraios.app\/news\/wp-json\/wp\/v2\/media?parent=11452"}],"wp:term":[{"taxonomy":"category","embeddable":true,"href":"https:\/\/kraios.app\/news\/wp-json\/wp\/v2\/categories?post=11452"},{"taxonomy":"post_tag","embeddable":true,"href":"https:\/\/kraios.app\/news\/wp-json\/wp\/v2\/tags?post=11452"}],"curies":[{"name":"wp","href":"https:\/\/api.w.org\/{rel}","templated":true}]}}