{"id":11382,"date":"2023-08-07T23:20:09","date_gmt":"2023-08-07T23:20:09","guid":{"rendered":"https:\/\/kraios.app\/news\/ekonomi\/2023\/08\/07\/ab-ile-ticarette-yeni-diyalog-donemi-basladi\/"},"modified":"2023-08-07T23:20:09","modified_gmt":"2023-08-07T23:20:09","slug":"ab-ile-ticarette-yeni-diyalog-donemi-basladi","status":"publish","type":"post","link":"https:\/\/kraios.app\/news\/ekonomi\/2023\/08\/07\/ab-ile-ticarette-yeni-diyalog-donemi-basladi\/","title":{"rendered":"AB ile ticarette yeni diyalog d\u00f6nemi ba\u015flad\u0131"},"content":{"rendered":"<p> <br \/>\n<\/p>\n<div>\n<p>Ticaret Bakan\u0131 \u00d6mer Bolat, Avrupa Komisyonu Ticaretten Sorumlu Ba\u015fkan Yard\u0131mc\u0131s\u0131 Valdis Dombrovskis ile son derece pozitif bir \u00e7evrimi\u00e7i g\u00f6r\u00fc\u015fme yapt\u0131\u011f\u0131n\u0131 belirterek, &#8220;G\u00f6r\u00fc\u015fmede, T\u00fcrkiye ve AB aras\u0131nda yeni d\u00f6nemde ticari ve ekonomik ili\u015fkilerin geli\u015ftirilmesi i\u00e7in ortak bir yol haritas\u0131 \u00fczerinde uzla\u015ft\u0131k.&#8221; ifadesini kulland\u0131.<\/p>\n<p>Bakanl\u0131ktan yap\u0131lan a\u00e7\u0131klamada Bolat&#8217;\u0131n Dombrovskis ile yapt\u0131\u011f\u0131 \u00e7evrimi\u00e7i toplant\u0131da, T\u00fcrkiye ile AB aras\u0131nda ticari ili\u015fkilerin geli\u015ftirilmesi ve derinle\u015ftirilmesi konusunda i\u015fbirli\u011fi imkanlar\u0131 ele al\u0131nd\u0131\u011f\u0131 bildirildi.<\/p>\n<p><img decoding=\"async\" alt=\"\" src=\"https:\/\/www.aa.com.tr\/uploads\/userFiles\/88e4063b-7018-4331-b06e-f0cb513ac64c\/2023%2F08%2Fbolat7-1.jpg\"\/><\/p>\n<p>Toplant\u0131da AB ile T\u00fcrkiye aras\u0131ndaki ticaret hacminin 2022&#8217;de rekor k\u0131rarak 200 milyar dolara ula\u015fmas\u0131ndan duyulan memnuniyetin dile getirildi\u011fi ve ticari ili\u015fkilerin daha da ileri ta\u015f\u0131man\u0131n \u00f6nemi vurguland\u0131.<\/p>\n<p>Bakan Bolat, Cumhurba\u015fkan\u0131 Recep Tayyip Erdo\u011fan&#8217;\u0131n ge\u00e7ti\u011fimiz haftalarda AB liderleriyle ger\u00e7ekle\u015ftirdi\u011fi g\u00f6r\u00fc\u015fmelerin sonu\u00e7lar\u0131na at\u0131fla T\u00fcrkiye ile AB aras\u0131nda ili\u015fkilerin geli\u015ftirilebilmesi i\u00e7in G\u00fcmr\u00fck Birli\u011fi&#8217;nin g\u00fcncelleme m\u00fczakerelerinin ba\u015flat\u0131lmas\u0131n\u0131n beklendi\u011finin, s\u00fcrecin T\u00fcrkiye ile AB aras\u0131nda pozitif bir g\u00fcndem olu\u015fturulmas\u0131 i\u00e7in \u00f6nem arz etti\u011finin alt\u0131n\u0131 \u00e7izdi.<\/p>\n<h3>Eyl\u00fclde Br\u00fcksel&#8217;de bir araya gelinecek<\/h3>\n<p>A\u00e7\u0131klamada, taraflar\u0131n G\u00fcmr\u00fck Birli\u011fi\u2019nin g\u00fcncellenmesi m\u00fczakerelerinin ba\u015flat\u0131lmas\u0131 \u00f6ncesinde, T\u00fcrkiye ile AB aras\u0131nda ticaret diyalo\u011funun g\u00fc\u00e7lendirilmesi i\u00e7in bir yol haritas\u0131 \u00fczerinde mutab\u0131k kal\u0131nd\u0131\u011f\u0131na i\u015faret edilerek \u015fu ifadeler yer buldu:<\/p>\n<p>&#8220;Bu do\u011frultuda, Say\u0131n Bakan ve muhatab\u0131, G\u00fcmr\u00fck Birli\u011fi&#8217;nin i\u015fleyi\u015finde kar\u015f\u0131la\u015f\u0131lan sorunlar\u0131 kar\u015f\u0131l\u0131kl\u0131 olarak \u00e7\u00f6z\u00fcmlemek ve ticareti daha ileriye ta\u015f\u0131yacak i\u015fbirliklerini teknik d\u00fczeyde ele almak \u00fczere Ticaret \u00c7al\u0131\u015fma Grubu&#8217;nun toplanmas\u0131 ve ayr\u0131ca bu y\u0131l eyl\u00fcl ay\u0131 sonunda Br\u00fcksel&#8217;de yeniden bir araya gelmek hususlar\u0131nda mutab\u0131k kalm\u0131\u015ft\u0131r.<\/p>\n<p>T\u00fcrkiye ile AB aras\u0131nda Ticaret \u00c7al\u0131\u015fma Grubu kapsam\u0131nda, G\u00fcmr\u00fck Birli\u011fi\u2019nin g\u00fcncellenmesine y\u00f6nelik m\u00fczakerelerin ba\u015flat\u0131lmas\u0131 \u00f6ncesinde bekleyen mevcut teknik konular\u0131m\u0131z\u0131 ve i\u015fbirli\u011fi f\u0131rsatlar\u0131n\u0131 ele alaca\u011f\u0131z, akabinde ticaretimizde t\u00fcm alanlarda g\u00fc\u00e7l\u00fc bir diyalog i\u00e7in yak\u0131n temasta olaca\u011f\u0131z.&#8221;<\/p>\n<h3>&#8220;Bekleyen mevcut teknik konular\u0131m\u0131z\u0131 ve i\u015fbirli\u011fi f\u0131rsatlar\u0131n\u0131 ele alaca\u011f\u0131z&#8221;<\/h3>\n<p>Bolat, toplant\u0131ya ili\u015fkin sosyal medya hesab\u0131ndan \u015fu payla\u015f\u0131m\u0131 yapt\u0131:<\/p>\n<p>&#8220;Avrupa Komisyonu Ba\u015fkan Yard\u0131mc\u0131s\u0131 Say\u0131n Valdis Dombrovskis ile son derece pozitif bir videokonferans g\u00f6r\u00fc\u015fmesi ger\u00e7ekle\u015ftirdik. G\u00f6r\u00fc\u015fmede, T\u00fcrkiye ve AB aras\u0131nda yeni d\u00f6nemde ticari ve ekonomik ili\u015fkilerin geli\u015ftirilmesi i\u00e7in ortak bir yol haritas\u0131 \u00fczerinde uzla\u015ft\u0131k. T\u00fcrkiye ile AB aras\u0131nda Ticaret \u00c7al\u0131\u015fma Grubu kapsam\u0131nda, G\u00fcmr\u00fck Birli\u011fi\u2019nin g\u00fcncellenmesine y\u00f6nelik m\u00fczakerelerin ba\u015flat\u0131lmas\u0131 \u00f6ncesinde bekleyen mevcut teknik konular\u0131m\u0131z\u0131 ve i\u015fbirli\u011fi f\u0131rsatlar\u0131n\u0131 ele alaca\u011f\u0131z, akabinde ticaretimizde t\u00fcm alanlarda g\u00fc\u00e7l\u00fc bir diyalog i\u00e7in yak\u0131n temasta olaca\u011f\u0131z.&#8221;<\/p>\n<p>                            <span class=\"detay-foto-editor\">&#13;<br \/>\n                                <a href=\"https:\/\/www.aa.com.tr\/tr\/p\/abonelik-talep-formu\/1001\" target=\"_blank\" style=\"font-size:12px; color:#444; text-decoration:none;\" rel=\"noopener\">&#13;<br \/>\n                                    Anadolu Ajans\u0131 web sitesinde, AA Haber Ak\u0131\u015f Sistemi (HAS) \u00fczerinden abonelere sunulan haberler, \u00f6zetlenerek yay\u0131mlanmaktad\u0131r. <b style=\"color:#1897F7\">Abonelik i\u00e7in l\u00fctfen ileti\u015fime ge\u00e7iniz.<\/b>&#13;<br \/>\n                                <\/a>&#13;<br \/>\n                            <\/span>\n                        <\/div>\n<p><script>\n\t  window.fbAsyncInit = function() {\n\t\tFB.init({\n\t\t  appId: '1855843514662870',\n\t\t  status : true, \/\/ check login status\n\t\t  cookie : true, \/\/ enable cookies to allow the server to access the session\n\t\t  xfbml  : true  \/\/ parse XFBML\n\t\t});\n\t  };<\/p>\n<p>\t  (function() {\n\t\tvar e = document.createElement('script');\n\t\te.src=\"https:\/\/connect.facebook.net\/tr_TR\/all.js\";\n\t\te.async = true;\n\t\tdocument.getElementById('fb-root').appendChild(e);\n\t  }());\n    <\/script><br \/>\n<br \/><br \/>\n<br \/><a href=\"https:\/\/www.aa.com.tr\/tr\/ekonomi\/ab-ile-ticarette-yeni-diyalog-donemi-basladi\/2963211\">Source link <\/a><\/p>\n","protected":false},"excerpt":{"rendered":"<p>Ticaret Bakan\u0131 \u00d6mer Bolat, Avrupa Komisyonu Ticaretten Sorumlu Ba\u015fkan Yard\u0131mc\u0131s\u0131 Valdis Dombrovskis ile son derece pozitif bir \u00e7evrimi\u00e7i g\u00f6r\u00fc\u015fme yapt\u0131\u011f\u0131n\u0131 belirterek, &#8220;G\u00f6r\u00fc\u015fmede, T\u00fcrkiye ve AB aras\u0131nda yeni d\u00f6nemde ticari ve ekonomik ili\u015fkilerin geli\u015ftirilmesi i\u00e7in ortak bir yol haritas\u0131 \u00fczerinde uzla\u015ft\u0131k.&#8221; ifadesini kulland\u0131. Bakanl\u0131ktan yap\u0131lan a\u00e7\u0131klamada Bolat&#8217;\u0131n Dombrovskis ile yapt\u0131\u011f\u0131 \u00e7evrimi\u00e7i toplant\u0131da, T\u00fcrkiye ile AB aras\u0131nda [&hellip;]<\/p>\n","protected":false},"author":1,"featured_media":11383,"comment_status":"","ping_status":"","sticky":false,"template":"","format":"standard","meta":[],"categories":[44],"tags":[],"_links":{"self":[{"href":"https:\/\/kraios.app\/news\/wp-json\/wp\/v2\/posts\/11382"}],"collection":[{"href":"https:\/\/kraios.app\/news\/wp-json\/wp\/v2\/posts"}],"about":[{"href":"https:\/\/kraios.app\/news\/wp-json\/wp\/v2\/types\/post"}],"author":[{"embeddable":true,"href":"https:\/\/kraios.app\/news\/wp-json\/wp\/v2\/users\/1"}],"replies":[{"embeddable":true,"href":"https:\/\/kraios.app\/news\/wp-json\/wp\/v2\/comments?post=11382"}],"version-history":[{"count":0,"href":"https:\/\/kraios.app\/news\/wp-json\/wp\/v2\/posts\/11382\/revisions"}],"wp:featuredmedia":[{"embeddable":true,"href":"https:\/\/kraios.app\/news\/wp-json\/wp\/v2\/media\/11383"}],"wp:attachment":[{"href":"https:\/\/kraios.app\/news\/wp-json\/wp\/v2\/media?parent=11382"}],"wp:term":[{"taxonomy":"category","embeddable":true,"href":"https:\/\/kraios.app\/news\/wp-json\/wp\/v2\/categories?post=11382"},{"taxonomy":"post_tag","embeddable":true,"href":"https:\/\/kraios.app\/news\/wp-json\/wp\/v2\/tags?post=11382"}],"curies":[{"name":"wp","href":"https:\/\/api.w.org\/{rel}","templated":true}]}}