{"id":11380,"date":"2023-08-07T22:20:04","date_gmt":"2023-08-07T22:20:04","guid":{"rendered":"https:\/\/kraios.app\/news\/spor\/2023\/08\/07\/hazir-olmak-zorundayiz-en-iyi-oyunumuzu-oynamak-zorundayiz\/"},"modified":"2023-08-07T22:20:04","modified_gmt":"2023-08-07T22:20:04","slug":"hazir-olmak-zorundayiz-en-iyi-oyunumuzu-oynamak-zorundayiz","status":"publish","type":"post","link":"https:\/\/kraios.app\/news\/spor\/2023\/08\/07\/hazir-olmak-zorundayiz-en-iyi-oyunumuzu-oynamak-zorundayiz\/","title":{"rendered":"&#8220;Haz\u0131r olmak zorunday\u0131z, en iyi oyunumuzu oynamak zorunday\u0131z&#8221;"},"content":{"rendered":"<p><\/p>\n<div>\n<p>Stozice Stad\u0131&#8217;nda d\u00fczenlenen bas\u0131n toplant\u0131s\u0131nda konu\u015fan Buruk, Slovenya&#8217;da son g\u00fcnlerde ya\u015fanan sel felaketi dolay\u0131s\u0131yla &#8220;ge\u00e7mi\u015f olsun&#8221; dileklerini iletti.<\/p>\n<p>Yar\u0131n yapacaklar\u0131 ma\u00e7\u0131n her iki tak\u0131m i\u00e7in de \u00f6nemli oldu\u011funu vurgulayan Okan Buruk, &#8220;Rakibimizin ne kadar \u00f6nemli bir tak\u0131m oldu\u011funu biliyoruz, rakibimize \u00e7ok \u00f6nem veriyoruz. Buradan \u0130stanbul\u2019a avantajl\u0131 bir sonu\u00e7la d\u00f6nmek istiyoruz. Her ma\u00e7ta oldu\u011fu gibi Galatasaray\u2019\u0131n amac\u0131 kazanmak, buradan kazanarak geri d\u00f6nmek.&#8221; diye konu\u015ftu.<\/p>\n<p>Tak\u0131m\u0131n\u0131 haz\u0131r olarak g\u00f6rd\u00fc\u011f\u00fcn\u00fc s\u00f6yleyen Buruk, &#8220;Haz\u0131r olmak zorunday\u0131z, ben oyuncular\u0131ma hem g\u00fcvendi\u011fimi s\u00f6yledim, yar\u0131n i\u00e7in de g\u00fcveniyorum. En iyi performanslar\u0131n\u0131 vereceklerine inan\u0131yorum, vermek de zorundalar zaten, hepimiz vermek zorunday\u0131z. Bu y\u00fczden bu ma\u00e7 bizim i\u00e7in \u00e7ok \u00f6nemli, \u015eampiyonlar Ligi \u00e7ok \u00f6nemli. Haz\u0131r olmak zorunday\u0131z, en iyi oyunumuzu oynamak zorunday\u0131z.&#8221; ifadelerini kulland\u0131.<\/p>\n<h3>Mertens: \u015eampiyonlar Ligi&#8217;ne gitmeyi a\u00e7l\u0131kla bekliyoruz<\/h3>\n<p>Sar\u0131-k\u0131rm\u0131z\u0131l\u0131 futbolcu Dries Mertens, bas\u0131n toplant\u0131s\u0131nda yapt\u0131\u011f\u0131 a\u00e7\u0131klamada, zorlu bir kar\u015f\u0131la\u015fma olaca\u011f\u0131n\u0131 bildiklerini ifade ederek, &#8220;Ama biz kendimize g\u00fcveniyoruz ve hocam\u0131z\u0131n s\u00f6yledi\u011fi gibi haz\u0131rlan\u0131yoruz. M\u00fccadele ba\u015fl\u0131yor art\u0131k, her \u015feye haz\u0131r\u0131z ve \u015eampiyonlar Ligi\u2019ne gitmeyi a\u00e7l\u0131kla bekliyoruz.&#8221; dedi.<\/p>\n<p>\u015eampiyonlar Ligi\u2019nin ne kadar g\u00fczel bir ortam oldu\u011funu bildi\u011fini s\u00f6yleyen Mertens, bunu bu sezon Galatasaray ile ya\u015famak istedi\u011fini dile getirdi.<\/p>\n<p>Kariyerinin devam\u0131yla ilgili soruyu yan\u0131tlayan Mertens, \u015funlar\u0131 s\u00f6yledi:<\/p>\n<p>&#8221;36 ya\u015f\u0131nday\u0131m \u015fu anda, 37 olaca\u011f\u0131m bu sene ama i\u00e7imde 25 hissediyorum. San\u0131r\u0131m bu sezon son sezonum olacak benim, \u00e7\u00fcnk\u00fc farkl\u0131 \u015feyleri de denemek istiyorum hayatta, farkl\u0131 ba\u015far\u0131lar\u0131 da elde etmek istiyorum, ama her g\u00fcn hala \u00e7ok keyif al\u0131yorum&#8221;.<\/p>\n<p>                            <span class=\"detay-foto-editor\">&#13;<br \/>\n                                <a href=\"https:\/\/www.aa.com.tr\/tr\/p\/abonelik-talep-formu\/1001\" target=\"_blank\" style=\"font-size:12px; color:#444; text-decoration:none;\" rel=\"noopener\">&#13;<br \/>\n                                    Anadolu Ajans\u0131 web sitesinde, AA Haber Ak\u0131\u015f Sistemi (HAS) \u00fczerinden abonelere sunulan haberler, \u00f6zetlenerek yay\u0131mlanmaktad\u0131r. <b style=\"color:#1897F7\">Abonelik i\u00e7in l\u00fctfen ileti\u015fime ge\u00e7iniz.<\/b>&#13;<br \/>\n                                <\/a>&#13;<br \/>\n                            <\/span>\n                        <\/div>\n<p><script>\n\t  window.fbAsyncInit = function() {\n\t\tFB.init({\n\t\t  appId: '1855843514662870',\n\t\t  status : true, \/\/ check login status\n\t\t  cookie : true, \/\/ enable cookies to allow the server to access the session\n\t\t  xfbml  : true  \/\/ parse XFBML\n\t\t});\n\t  };<\/p>\n<p>\t  (function() {\n\t\tvar e = document.createElement('script');\n\t\te.src=\"https:\/\/connect.facebook.net\/tr_TR\/all.js\";\n\t\te.async = true;\n\t\tdocument.getElementById('fb-root').appendChild(e);\n\t  }());\n    <\/script><\/p>\n","protected":false},"excerpt":{"rendered":"<p>Stozice Stad\u0131&#8217;nda d\u00fczenlenen bas\u0131n toplant\u0131s\u0131nda konu\u015fan Buruk, Slovenya&#8217;da son g\u00fcnlerde ya\u015fanan sel felaketi dolay\u0131s\u0131yla &#8220;ge\u00e7mi\u015f olsun&#8221; dileklerini iletti. Yar\u0131n yapacaklar\u0131 ma\u00e7\u0131n her iki tak\u0131m i\u00e7in de \u00f6nemli oldu\u011funu vurgulayan Okan Buruk, &#8220;Rakibimizin ne kadar \u00f6nemli bir tak\u0131m oldu\u011funu biliyoruz, rakibimize \u00e7ok \u00f6nem veriyoruz. Buradan \u0130stanbul\u2019a avantajl\u0131 bir sonu\u00e7la d\u00f6nmek istiyoruz. Her ma\u00e7ta oldu\u011fu gibi Galatasaray\u2019\u0131n [&hellip;]<\/p>\n","protected":false},"author":1,"featured_media":11381,"comment_status":"","ping_status":"","sticky":false,"template":"","format":"standard","meta":[],"categories":[48],"tags":[],"_links":{"self":[{"href":"https:\/\/kraios.app\/news\/wp-json\/wp\/v2\/posts\/11380"}],"collection":[{"href":"https:\/\/kraios.app\/news\/wp-json\/wp\/v2\/posts"}],"about":[{"href":"https:\/\/kraios.app\/news\/wp-json\/wp\/v2\/types\/post"}],"author":[{"embeddable":true,"href":"https:\/\/kraios.app\/news\/wp-json\/wp\/v2\/users\/1"}],"replies":[{"embeddable":true,"href":"https:\/\/kraios.app\/news\/wp-json\/wp\/v2\/comments?post=11380"}],"version-history":[{"count":0,"href":"https:\/\/kraios.app\/news\/wp-json\/wp\/v2\/posts\/11380\/revisions"}],"wp:featuredmedia":[{"embeddable":true,"href":"https:\/\/kraios.app\/news\/wp-json\/wp\/v2\/media\/11381"}],"wp:attachment":[{"href":"https:\/\/kraios.app\/news\/wp-json\/wp\/v2\/media?parent=11380"}],"wp:term":[{"taxonomy":"category","embeddable":true,"href":"https:\/\/kraios.app\/news\/wp-json\/wp\/v2\/categories?post=11380"},{"taxonomy":"post_tag","embeddable":true,"href":"https:\/\/kraios.app\/news\/wp-json\/wp\/v2\/tags?post=11380"}],"curies":[{"name":"wp","href":"https:\/\/api.w.org\/{rel}","templated":true}]}}