{"id":11378,"date":"2023-08-07T20:20:04","date_gmt":"2023-08-07T20:20:04","guid":{"rendered":"https:\/\/kraios.app\/news\/yasam\/2023\/08\/07\/atik-malzemelerden-yaptigi-obje-ve-kiyafetleri-actigi-sergiyle-satisa-sundu\/"},"modified":"2023-08-07T20:20:04","modified_gmt":"2023-08-07T20:20:04","slug":"atik-malzemelerden-yaptigi-obje-ve-kiyafetleri-actigi-sergiyle-satisa-sundu","status":"publish","type":"post","link":"https:\/\/kraios.app\/news\/yasam\/2023\/08\/07\/atik-malzemelerden-yaptigi-obje-ve-kiyafetleri-actigi-sergiyle-satisa-sundu\/","title":{"rendered":"At\u0131k malzemelerden yapt\u0131\u011f\u0131 obje ve k\u0131yafetleri a\u00e7t\u0131\u011f\u0131 sergiyle sat\u0131\u015fa sundu"},"content":{"rendered":"<p><\/p>\n<div>\n<p>Ko\u011fukpelit Mahallesi&#8217;nde ya\u015fayan iki \u00e7ocuk annesi Ta\u015fkaya, yakla\u015f\u0131k 30 y\u0131l \u00f6nce ya\u015fad\u0131klar\u0131 ekonomik zorluklar nedeniyle aile b\u00fct\u00e7esine katk\u0131da bulunmak i\u00e7in at\u0131k malzemelerden \u00e7e\u015fitli e\u015fyalar \u00fcretip satmaya yapmaya karar verdi.<\/p>\n<p><img decoding=\"async\" alt=\"\" src=\"https:\/\/www.aa.com.tr\/uploads\/userFiles\/96f91bbd-282f-4a24-a12c-1b1092cfeb3b\/009_2023%2F05_2023%2F27_Agustos%2F15%2F20230807_2_59803230_91704220.jpg\"\/><\/p>\n<p>\u00c7evresinde buldu\u011fu araba lasti\u011fi, eski k\u0131yafet, f\u0131nd\u0131k \u00e7uval\u0131, m\u0131s\u0131r ko\u00e7an\u0131, ta\u015f, kereste, pet \u015fi\u015fe ve k\u0131r\u0131k vazo gibi at\u0131klar\u0131 \u00e7e\u015fitli objeler yaparak de\u011ferlendiren Ta\u015fkaya, bunlar\u0131 zamanla \u00e7evresine ve sosyal medya \u00fczerinden m\u00fc\u015fterilerine satmaya ba\u015flad\u0131.<\/p>\n<p><img decoding=\"async\" alt=\"\" src=\"https:\/\/www.aa.com.tr\/uploads\/userFiles\/96f91bbd-282f-4a24-a12c-1b1092cfeb3b\/009_2023%2F05_2023%2F27_Agustos%2F15%2F20230807_2_59803230_91704222.jpg\"\/><\/p>\n<p>Bu sayede hem geri d\u00f6n\u00fc\u015f\u00fcme hem de aile b\u00fct\u00e7esine destek veren Ta\u015fkaya, evinde yapt\u0131\u011f\u0131 \u00fcr\u00fcnlerini a\u00e7t\u0131\u011f\u0131 sergide m\u00fc\u015fterileriyle de bulu\u015fturdu.<\/p>\n<p><img decoding=\"async\" alt=\"\" src=\"https:\/\/www.aa.com.tr\/uploads\/userFiles\/96f91bbd-282f-4a24-a12c-1b1092cfeb3b\/009_2023%2F05_2023%2F27_Agustos%2F15%2F20230807_2_59803230_91704223.jpg\"\/><\/p>\n<h3>&#8220;\u00c7al\u0131\u015fmalar\u0131mdan baz\u0131lar\u0131n\u0131 Emine Erdo\u011fan&#8217;a hediye etmek istiyorum&#8221;<\/h3>\n<p>Hatice Ta\u015fkaya, AA muhabirine, at\u0131l haldeki her \u015feyi bir \u00fcr\u00fcne \u00e7evirebilece\u011fini belirterek, &#8220;K\u00fc\u00e7\u00fck yerde oldu\u011fumuz i\u00e7in herkes birbirini tan\u0131yor. Arkada\u015flar\u0131m i\u015fine yaramayan \u00fcr\u00fcnleri bana getirerek tekrar de\u011ferlendirmemi istiyor. Bununla ilgili ne yapabilece\u011fimi d\u00fc\u015f\u00fcnd\u00fckten sonra proje \u00e7iziyorum.&#8221; dedi.<\/p>\n<p><img decoding=\"async\" alt=\"\" src=\"https:\/\/www.aa.com.tr\/uploads\/userFiles\/96f91bbd-282f-4a24-a12c-1b1092cfeb3b\/009_2023%2F05_2023%2F27_Agustos%2F15%2F20230807_2_59803230_91704224.jpg\"\/><\/p>\n<p>Y\u0131llard\u0131r geri d\u00f6n\u00fc\u015f\u00fcm at\u00f6lyesi a\u00e7may\u0131 hedefledi\u011fini ama olmad\u0131\u011f\u0131n\u0131, \u00e7al\u0131\u015fmalara evinde devam etti\u011fini aktaran Ta\u015fkaya, en b\u00fcy\u00fck hayalinin yapt\u0131\u011f\u0131 \u00e7al\u0131\u015fmalar\u0131n baz\u0131lar\u0131n\u0131 Cumhurba\u015fkan\u0131 Recep Tayyip Erdo\u011fan&#8217;\u0131n e\u015fi Emine Erdo\u011fan&#8217;a hediye etmek oldu\u011funu kaydetti.<\/p>\n<p><img decoding=\"async\" alt=\"\" src=\"https:\/\/www.aa.com.tr\/uploads\/userFiles\/96f91bbd-282f-4a24-a12c-1b1092cfeb3b\/009_2023%2F05_2023%2F27_Agustos%2F15%2F20230807_2_59803230_91704226.jpg\"\/><\/p>\n<p>E\u015fi Ali Ta\u015fkaya da rahats\u0131zl\u0131\u011f\u0131ndan dolay\u0131 \u00e7ok fazla ilgilenemedi\u011fini ama e\u015fini takdir etti\u011fini dile getirdi.<\/p>\n<p><img decoding=\"async\" alt=\"\" src=\"https:\/\/www.aa.com.tr\/uploads\/userFiles\/96f91bbd-282f-4a24-a12c-1b1092cfeb3b\/009_2023%2F05_2023%2F27_Agustos%2F15%2F20230807_2_59803230_91704227.jpg\"\/><\/p>\n<p>K\u0131z\u0131 Feyza Nur Togay ise annesinin hep bu t\u00fcr i\u015flerle u\u011fra\u015ft\u0131\u011f\u0131n\u0131 dile getirerek, &#8220;Hi\u00e7 bo\u015f vaktini ge\u00e7irmez, mutlaka elinde bir \u015fey olur. Bu serginin y\u0131llarca hayalini kurdu. Yapt\u0131klar\u0131n\u0131 g\u00f6stermek, ba\u015fkalar\u0131na da katk\u0131da bulunmak istedi ve bunu da ba\u015fard\u0131. Her zaman kendisinin destek\u00e7isiyiz.&#8221; ifadelerini kulland\u0131.<\/p>\n<p><img decoding=\"async\" alt=\"\" src=\"https:\/\/www.aa.com.tr\/uploads\/userFiles\/96f91bbd-282f-4a24-a12c-1b1092cfeb3b\/009_2023%2F05_2023%2F27_Agustos%2F15%2F20230807_2_59803230_91704228.jpg\"\/><\/p>\n<p>Sergiyi ziyarete gelen Havva Ek\u015fio\u011flu da \u00fcr\u00fcnleri \u00e7ok be\u011fendi\u011fini s\u00f6yledi.<\/p>\n<p>                            <span class=\"detay-foto-editor\">&#13;<br \/>\n                                <a href=\"https:\/\/www.aa.com.tr\/tr\/p\/abonelik-talep-formu\/1001\" target=\"_blank\" style=\"font-size:12px; color:#444; text-decoration:none;\" rel=\"noopener\">&#13;<br \/>\n                                    Anadolu Ajans\u0131 web sitesinde, AA Haber Ak\u0131\u015f Sistemi (HAS) \u00fczerinden abonelere sunulan haberler, \u00f6zetlenerek yay\u0131mlanmaktad\u0131r. <b style=\"color:#1897F7\">Abonelik i\u00e7in l\u00fctfen ileti\u015fime ge\u00e7iniz.<\/b>&#13;<br \/>\n                                <\/a>&#13;<br \/>\n                            <\/span>\n                        <\/div>\n<p><script>\n\t  window.fbAsyncInit = function() {\n\t\tFB.init({\n\t\t  appId: '1855843514662870',\n\t\t  status : true, \/\/ check login status\n\t\t  cookie : true, \/\/ enable cookies to allow the server to access the session\n\t\t  xfbml  : true  \/\/ parse XFBML\n\t\t});\n\t  };<\/p>\n<p>\t  (function() {\n\t\tvar e = document.createElement('script');\n\t\te.src=\"https:\/\/connect.facebook.net\/tr_TR\/all.js\";\n\t\te.async = true;\n\t\tdocument.getElementById('fb-root').appendChild(e);\n\t  }());\n    <\/script><\/p>\n","protected":false},"excerpt":{"rendered":"<p>Ko\u011fukpelit Mahallesi&#8217;nde ya\u015fayan iki \u00e7ocuk annesi Ta\u015fkaya, yakla\u015f\u0131k 30 y\u0131l \u00f6nce ya\u015fad\u0131klar\u0131 ekonomik zorluklar nedeniyle aile b\u00fct\u00e7esine katk\u0131da bulunmak i\u00e7in at\u0131k malzemelerden \u00e7e\u015fitli e\u015fyalar \u00fcretip satmaya yapmaya karar verdi. \u00c7evresinde buldu\u011fu araba lasti\u011fi, eski k\u0131yafet, f\u0131nd\u0131k \u00e7uval\u0131, m\u0131s\u0131r ko\u00e7an\u0131, ta\u015f, kereste, pet \u015fi\u015fe ve k\u0131r\u0131k vazo gibi at\u0131klar\u0131 \u00e7e\u015fitli objeler yaparak de\u011ferlendiren Ta\u015fkaya, bunlar\u0131 zamanla [&hellip;]<\/p>\n","protected":false},"author":1,"featured_media":11379,"comment_status":"","ping_status":"","sticky":false,"template":"","format":"standard","meta":[],"categories":[50],"tags":[],"_links":{"self":[{"href":"https:\/\/kraios.app\/news\/wp-json\/wp\/v2\/posts\/11378"}],"collection":[{"href":"https:\/\/kraios.app\/news\/wp-json\/wp\/v2\/posts"}],"about":[{"href":"https:\/\/kraios.app\/news\/wp-json\/wp\/v2\/types\/post"}],"author":[{"embeddable":true,"href":"https:\/\/kraios.app\/news\/wp-json\/wp\/v2\/users\/1"}],"replies":[{"embeddable":true,"href":"https:\/\/kraios.app\/news\/wp-json\/wp\/v2\/comments?post=11378"}],"version-history":[{"count":0,"href":"https:\/\/kraios.app\/news\/wp-json\/wp\/v2\/posts\/11378\/revisions"}],"wp:featuredmedia":[{"embeddable":true,"href":"https:\/\/kraios.app\/news\/wp-json\/wp\/v2\/media\/11379"}],"wp:attachment":[{"href":"https:\/\/kraios.app\/news\/wp-json\/wp\/v2\/media?parent=11378"}],"wp:term":[{"taxonomy":"category","embeddable":true,"href":"https:\/\/kraios.app\/news\/wp-json\/wp\/v2\/categories?post=11378"},{"taxonomy":"post_tag","embeddable":true,"href":"https:\/\/kraios.app\/news\/wp-json\/wp\/v2\/tags?post=11378"}],"curies":[{"name":"wp","href":"https:\/\/api.w.org\/{rel}","templated":true}]}}