{"id":11336,"date":"2023-08-07T06:20:04","date_gmt":"2023-08-07T06:20:04","guid":{"rendered":"https:\/\/kraios.app\/news\/spor\/2023\/08\/07\/galatasaray-sampiyonlar-ligi-3-eleme-turunda-olimpija-ljubljana-ile-karsilasacak\/"},"modified":"2023-08-07T06:20:04","modified_gmt":"2023-08-07T06:20:04","slug":"galatasaray-sampiyonlar-ligi-3-eleme-turunda-olimpija-ljubljana-ile-karsilasacak","status":"publish","type":"post","link":"https:\/\/kraios.app\/news\/spor\/2023\/08\/07\/galatasaray-sampiyonlar-ligi-3-eleme-turunda-olimpija-ljubljana-ile-karsilasacak\/","title":{"rendered":"Galatasaray, \u015eampiyonlar Ligi 3. Eleme Turu&#8217;nda Olimpija Ljubljana ile kar\u015f\u0131la\u015facak"},"content":{"rendered":"<p><\/p>\n<div>\n<p>Ba\u015fkent Ljubljana&#8217;daki Stozice Stad\u0131&#8217;nda yap\u0131lacak ma\u00e7, TS\u0130 22.00&#8217;de ba\u015flayacak. M\u00fcsabaka, S Sport Plus&#8217;tan canl\u0131 olarak yay\u0131mlanacak.<\/p>\n<p>Kar\u015f\u0131la\u015fmay\u0131 \u0130sve\u00e7 Futbol Federasyonundan hakem Andreas Ekberg y\u00f6netecek. Marcus Lundgren Klitte ile Niklas Nyberg&#8217;nin yard\u0131mc\u0131 hakemlik g\u00f6revini \u00fcstlenece\u011fi m\u00fcsabakan\u0131n d\u00f6rd\u00fcnc\u00fc hakemi Granit Maqedonci olacak.<\/p>\n<p>UEFA \u015eampiyonlar Ligi elemelerine 2. turdan ba\u015flayan sar\u0131-k\u0131rm\u0131z\u0131l\u0131 ekip, Litvanya temsilcisi Zalgiris&#8217;i 2-2 ve 1-0 sonu\u00e7lanan ma\u00e7larla eledi.<\/p>\n<p>Slovenya temsilcisi ise 1. eleme turunda Letonya ekibi Valmiera&#8217;y\u0131 2-1&#8217;lik skorlarla ge\u00e7ti. Olimpija Ljubljana, 2. eleme turunda ise Bulgaristan&#8217;\u0131n Ludogorets tak\u0131m\u0131n\u0131 1-1 ve 2-1 tamamlanan m\u00fcsabakalar sonucunda saf d\u0131\u015f\u0131 b\u0131rakt\u0131.<\/p>\n<p>Olimpija Ljubljana, ge\u00e7en sezon \u015fampiyon oldu\u011fu ve bu sezon ilk 2 haftas\u0131 geride kalan Slovenya 1. Futbol Ligi&#8217;nde birer galibiyet ve yenilgi ya\u015fad\u0131.<\/p>\n<h3>Zaniolo&#8217;nun durumu belirsiz<\/h3>\n<p>Sar\u0131-k\u0131rm\u0131z\u0131l\u0131 ekipte sakatl\u0131\u011f\u0131 bulunan \u0130talyan y\u0131ld\u0131z Nicolo Zaniolo&#8217;nun durumu belirsizli\u011fini koruyor.<\/p>\n<p>Ge\u00e7en hafta Litvanya temsilcisi Zalgiris ile yap\u0131lan UEFA \u015eampiyonlar Ligi 2. Eleme Turu r\u00f6van\u015f ma\u00e7\u0131 \u00f6ncesinde kas\u0131\u011f\u0131nda a\u011fr\u0131 hisseden Zaniolo&#8217;nun Olimpija Ljubljana&#8217;ya kar\u015f\u0131 forma giymesi beklenmiyor.<\/p>\n<p>Zaniolo&#8217;nun d\u0131\u015f\u0131nda UEFA listesine bildirilmeyen Olimpiu Morutan, Yusuf Demir ve Kerem Demirbay da Slovenya temsilcisine kar\u015f\u0131 g\u00f6rev yapamayacak.<\/p>\n<p>Galatasaray&#8217;da tak\u0131ma yeni kat\u0131lan Mauro Icardi ile sakatl\u0131klar\u0131n\u0131 atlatan Lucas Torreira ile Wilfried Zaha ise teknik direkt\u00f6r Okan Buruk&#8217;un g\u00f6rev vermesi durumunda Olimpija Ljubljana ma\u00e7\u0131nda forma giyebilecek.<\/p>\n<h3>Kadro<\/h3>\n<p>Sar\u0131-k\u0131rm\u0131z\u0131l\u0131 tak\u0131m\u0131n UEFA listesinde \u015fu isimler bulunuyor:<\/p>\n<p>Fernando Muslera, G\u00fcnay G\u00fcven\u00e7, Berk Balaban, Leo Dubois, Angelino, Kaan Ayhan, Victor Nelsson, Emin Bayram, Abd\u00fclkerim Bardakc\u0131, Kaz\u0131mcan Karata\u015f, Sacha Boey, Fredrik Midtsj\u00f6, Berkan Kutlu, Sergio Oliveira, Lucas Torreira, Kerem Akt\u00fcrko\u011flu, Mauro Icardi, Dries Mertens, Yunus Akg\u00fcn, Wilfried Zaha, Nicolo Zaniolo, Halil Dervi\u015fo\u011flu, Bar\u0131\u015f Alper Y\u0131lmaz ve Cedric Bakambu.<\/p>\n<p>                            <span class=\"detay-foto-editor\">&#13;<br \/>\n                                <a href=\"https:\/\/www.aa.com.tr\/tr\/p\/abonelik-talep-formu\/1001\" target=\"_blank\" style=\"font-size:12px; color:#444; text-decoration:none;\" rel=\"noopener\">&#13;<br \/>\n                                    Anadolu Ajans\u0131 web sitesinde, AA Haber Ak\u0131\u015f Sistemi (HAS) \u00fczerinden abonelere sunulan haberler, \u00f6zetlenerek yay\u0131mlanmaktad\u0131r. <b style=\"color:#1897F7\">Abonelik i\u00e7in l\u00fctfen ileti\u015fime ge\u00e7iniz.<\/b>&#13;<br \/>\n                                <\/a>&#13;<br \/>\n                            <\/span>\n                        <\/div>\n<p><script>\n\t  window.fbAsyncInit = function() {\n\t\tFB.init({\n\t\t  appId: '1855843514662870',\n\t\t  status : true, \/\/ check login status\n\t\t  cookie : true, \/\/ enable cookies to allow the server to access the session\n\t\t  xfbml  : true  \/\/ parse XFBML\n\t\t});\n\t  };<\/p>\n<p>\t  (function() {\n\t\tvar e = document.createElement('script');\n\t\te.src=\"https:\/\/connect.facebook.net\/tr_TR\/all.js\";\n\t\te.async = true;\n\t\tdocument.getElementById('fb-root').appendChild(e);\n\t  }());\n    <\/script><\/p>\n","protected":false},"excerpt":{"rendered":"<p>Ba\u015fkent Ljubljana&#8217;daki Stozice Stad\u0131&#8217;nda yap\u0131lacak ma\u00e7, TS\u0130 22.00&#8217;de ba\u015flayacak. M\u00fcsabaka, S Sport Plus&#8217;tan canl\u0131 olarak yay\u0131mlanacak. Kar\u015f\u0131la\u015fmay\u0131 \u0130sve\u00e7 Futbol Federasyonundan hakem Andreas Ekberg y\u00f6netecek. Marcus Lundgren Klitte ile Niklas Nyberg&#8217;nin yard\u0131mc\u0131 hakemlik g\u00f6revini \u00fcstlenece\u011fi m\u00fcsabakan\u0131n d\u00f6rd\u00fcnc\u00fc hakemi Granit Maqedonci olacak. UEFA \u015eampiyonlar Ligi elemelerine 2. turdan ba\u015flayan sar\u0131-k\u0131rm\u0131z\u0131l\u0131 ekip, Litvanya temsilcisi Zalgiris&#8217;i 2-2 ve 1-0 [&hellip;]<\/p>\n","protected":false},"author":1,"featured_media":11337,"comment_status":"","ping_status":"","sticky":false,"template":"","format":"standard","meta":[],"categories":[48],"tags":[],"_links":{"self":[{"href":"https:\/\/kraios.app\/news\/wp-json\/wp\/v2\/posts\/11336"}],"collection":[{"href":"https:\/\/kraios.app\/news\/wp-json\/wp\/v2\/posts"}],"about":[{"href":"https:\/\/kraios.app\/news\/wp-json\/wp\/v2\/types\/post"}],"author":[{"embeddable":true,"href":"https:\/\/kraios.app\/news\/wp-json\/wp\/v2\/users\/1"}],"replies":[{"embeddable":true,"href":"https:\/\/kraios.app\/news\/wp-json\/wp\/v2\/comments?post=11336"}],"version-history":[{"count":0,"href":"https:\/\/kraios.app\/news\/wp-json\/wp\/v2\/posts\/11336\/revisions"}],"wp:featuredmedia":[{"embeddable":true,"href":"https:\/\/kraios.app\/news\/wp-json\/wp\/v2\/media\/11337"}],"wp:attachment":[{"href":"https:\/\/kraios.app\/news\/wp-json\/wp\/v2\/media?parent=11336"}],"wp:term":[{"taxonomy":"category","embeddable":true,"href":"https:\/\/kraios.app\/news\/wp-json\/wp\/v2\/categories?post=11336"},{"taxonomy":"post_tag","embeddable":true,"href":"https:\/\/kraios.app\/news\/wp-json\/wp\/v2\/tags?post=11336"}],"curies":[{"name":"wp","href":"https:\/\/api.w.org\/{rel}","templated":true}]}}