{"id":11328,"date":"2023-08-07T02:19:43","date_gmt":"2023-08-07T02:19:43","guid":{"rendered":"https:\/\/kraios.app\/news\/ekonomi\/2023\/08\/07\/kalkinma-ajansi-tesviklerinden-faydalanan-firma-asansorlerini-20-ulkeye-ihrac-ediyor\/"},"modified":"2023-08-07T02:19:43","modified_gmt":"2023-08-07T02:19:43","slug":"kalkinma-ajansi-tesviklerinden-faydalanan-firma-asansorlerini-20-ulkeye-ihrac-ediyor","status":"publish","type":"post","link":"https:\/\/kraios.app\/news\/ekonomi\/2023\/08\/07\/kalkinma-ajansi-tesviklerinden-faydalanan-firma-asansorlerini-20-ulkeye-ihrac-ediyor\/","title":{"rendered":"Kalk\u0131nma ajans\u0131 te\u015fviklerinden faydalanan firma asans\u00f6rlerini 20 \u00fclkeye ihra\u00e7 ediyor"},"content":{"rendered":"<p> <br \/>\n<\/p>\n<div>\n<p>Kayseri&#8217;de engelli ve villa asans\u00f6r\u00fc yapan firma, 2,5 milyon lira de\u011ferindeki projesine ald\u0131\u011f\u0131 Orta Anadolu (ORAN) Kalk\u0131nma Ajans\u0131 finansman deste\u011fi ile \u00fcretim kapasitesini art\u0131rarak 20 \u00fclkeye ihracat yap\u0131yor.<\/p>\n<p>Asans\u00f6r ve yedek par\u00e7as\u0131 \u00fcretiminin ard\u0131ndan engelli asans\u00f6r sistemlerine ge\u00e7i\u015f yapan Efelift firmas\u0131, ORAN Kalk\u0131nma Ajans\u0131n\u0131n imalat sanayisinin altyap\u0131s\u0131n\u0131n g\u00fc\u00e7lendirilmesi amac\u0131yla a\u00e7\u0131klanan 2022 Y\u0131l\u0131 \u0130malat Sanayi Finansman Destek Program\u0131 kapsam\u0131nda faizsiz 2 milyon 500 bin lira kredi deste\u011fi almaya hak kazand\u0131.<\/p>\n<p>Proje kapsam\u0131nda al\u0131nan fiber lazer kesim makinesi ile firman\u0131n \u00fcretim s\u00fcrecinde par\u00e7alar istenilen boyutlarda hatas\u0131z ve firesiz kesilebilirken \u00fcretimde ve ihracatta art\u0131\u015f ya\u015fand\u0131.<\/p>\n<p><img decoding=\"async\" alt=\"\" src=\"https:\/\/www.aa.com.tr\/uploads\/userFiles\/7e80dc7f-a011-4033-a881-3a6b5b580d82\/AA-31859290.jpg\"\/><\/p>\n<p>Firma sahibi \u0130smail G\u00f6k\u00e7eo\u011flu, AA muhabirine, engellilere y\u00f6nelik ve villalarda kullan\u0131lan asans\u00f6rleri \u00fcrettiklerini s\u00f6yledi.<\/p>\n<p>\u00dcretim s\u00fcrecinin k\u0131sald\u0131\u011f\u0131, hata oran\u0131n\u0131n d\u00fc\u015f\u00fcr\u00fcld\u00fc\u011f\u00fc proje ile verimlilikte art\u0131\u015f ya\u015fand\u0131\u011f\u0131n\u0131 ifade eden G\u00f6k\u00e7eo\u011flu, 20 \u00fclkeye engelli asans\u00f6r\u00fc ihra\u00e7 ettiklerini belirtti. G\u00f6k\u00e7eo\u011flu, &#8220;Hedefimiz \u00fclke say\u0131s\u0131n\u0131 art\u0131rmak ve \u00fcretimimizin y\u00fczde 90&#8217;\u0131n\u0131 ihracata y\u00f6neltmek. Devletin her a\u015famadaki yat\u0131r\u0131m te\u015fviklerinden faydalanarak kendimizi geli\u015ftiriyoruz. Makine ekipmanlar\u0131n\u0131 art\u0131rd\u0131k. Otomasyona a\u011f\u0131rl\u0131k veriyoruz.&#8221; dedi.<\/p>\n<p>Makinenin \u00fcretimdeki faydalar\u0131n\u0131 anlatan G\u00f6k\u00e7eo\u011flu, \u015funlar\u0131 kaydetti:<\/p>\n<p>&#8220;Lazer makinemizi hatalar\u0131 gidermek, \u00fcretimimizi geli\u015ftirmek, daha g\u00fczel, sa\u011flam, temiz ve randevulu bir \u00fcr\u00fcn \u00fcretebilmek i\u00e7in ald\u0131k. \u015eimdi program\u0131m\u0131zda lazer kaynak makinesi ve robotlar var. \u0130n\u015fallah onlar\u0131 da makine parkurumuza katarak daha iyi \u00fcretim yapmay\u0131 hedefliyoruz. Makinele\u015fme ile lazerin \u00f6nemini g\u00f6rd\u00fck. \u0130\u015f\u00e7ilik hatalar\u0131n\u0131n \u00e7ok \u00e7ok alt\u0131na indi\u011fini g\u00f6rd\u00fck. \u00dcr\u00fcn\u00fcm\u00fcz\u00fcn daha temiz, daha g\u00fczel ve daha estetik \u00e7\u0131kt\u0131\u011f\u0131n\u0131 g\u00f6rd\u00fck. \u0130nsan hatas\u0131 minimize oldu. \u015eu anda yurt d\u0131\u015f\u0131ndaki firmalarla ayn\u0131 kalitede \u00fcr\u00fcn \u00fcretmeye ba\u015flad\u0131\u011f\u0131m\u0131za inan\u0131yorum. \u00dcr\u00fcnlerimizi Almanya, Fransa, \u0130spanya, Portekiz, Romanya gibi Avrupa&#8217;n\u0131n bir\u00e7ok \u00fclkesine ve Fas, Cezayir, Tunus, M\u0131s\u0131r, Kuveyt, Katar, Birle\u015fik Arap Emirlikleri, Suudi Arabistan, ABD, \u015eili gibi \u00fclkelere sat\u0131yoruz.&#8221;<\/p>\n<p>                            <span class=\"detay-foto-editor\">&#13;<br \/>\n                                <a href=\"https:\/\/www.aa.com.tr\/tr\/p\/abonelik-talep-formu\/1001\" target=\"_blank\" style=\"font-size:12px; color:#444; text-decoration:none;\" rel=\"noopener\">&#13;<br \/>\n                                    Anadolu Ajans\u0131 web sitesinde, AA Haber Ak\u0131\u015f Sistemi (HAS) \u00fczerinden abonelere sunulan haberler, \u00f6zetlenerek yay\u0131mlanmaktad\u0131r. <b style=\"color:#1897F7\">Abonelik i\u00e7in l\u00fctfen ileti\u015fime ge\u00e7iniz.<\/b>&#13;<br \/>\n                                <\/a>&#13;<br \/>\n                            <\/span>\n                        <\/div>\n<p><script>\n\t  window.fbAsyncInit = function() {\n\t\tFB.init({\n\t\t  appId: '1855843514662870',\n\t\t  status : true, \/\/ check login status\n\t\t  cookie : true, \/\/ enable cookies to allow the server to access the session\n\t\t  xfbml  : true  \/\/ parse XFBML\n\t\t});\n\t  };<\/p>\n<p>\t  (function() {\n\t\tvar e = document.createElement('script');\n\t\te.src=\"https:\/\/connect.facebook.net\/tr_TR\/all.js\";\n\t\te.async = true;\n\t\tdocument.getElementById('fb-root').appendChild(e);\n\t  }());\n    <\/script><br \/>\n<br \/><br \/>\n<br \/><a href=\"https:\/\/www.aa.com.tr\/tr\/ekonomi\/kalkinma-ajansi-tesviklerinden-faydalanan-firma-asansorlerini-20-ulkeye-ihrac-ediyor\/2962192\">Source link <\/a><\/p>\n","protected":false},"excerpt":{"rendered":"<p>Kayseri&#8217;de engelli ve villa asans\u00f6r\u00fc yapan firma, 2,5 milyon lira de\u011ferindeki projesine ald\u0131\u011f\u0131 Orta Anadolu (ORAN) Kalk\u0131nma Ajans\u0131 finansman deste\u011fi ile \u00fcretim kapasitesini art\u0131rarak 20 \u00fclkeye ihracat yap\u0131yor. Asans\u00f6r ve yedek par\u00e7as\u0131 \u00fcretiminin ard\u0131ndan engelli asans\u00f6r sistemlerine ge\u00e7i\u015f yapan Efelift firmas\u0131, ORAN Kalk\u0131nma Ajans\u0131n\u0131n imalat sanayisinin altyap\u0131s\u0131n\u0131n g\u00fc\u00e7lendirilmesi amac\u0131yla a\u00e7\u0131klanan 2022 Y\u0131l\u0131 \u0130malat Sanayi Finansman [&hellip;]<\/p>\n","protected":false},"author":1,"featured_media":11329,"comment_status":"","ping_status":"","sticky":false,"template":"","format":"standard","meta":[],"categories":[44],"tags":[],"_links":{"self":[{"href":"https:\/\/kraios.app\/news\/wp-json\/wp\/v2\/posts\/11328"}],"collection":[{"href":"https:\/\/kraios.app\/news\/wp-json\/wp\/v2\/posts"}],"about":[{"href":"https:\/\/kraios.app\/news\/wp-json\/wp\/v2\/types\/post"}],"author":[{"embeddable":true,"href":"https:\/\/kraios.app\/news\/wp-json\/wp\/v2\/users\/1"}],"replies":[{"embeddable":true,"href":"https:\/\/kraios.app\/news\/wp-json\/wp\/v2\/comments?post=11328"}],"version-history":[{"count":0,"href":"https:\/\/kraios.app\/news\/wp-json\/wp\/v2\/posts\/11328\/revisions"}],"wp:featuredmedia":[{"embeddable":true,"href":"https:\/\/kraios.app\/news\/wp-json\/wp\/v2\/media\/11329"}],"wp:attachment":[{"href":"https:\/\/kraios.app\/news\/wp-json\/wp\/v2\/media?parent=11328"}],"wp:term":[{"taxonomy":"category","embeddable":true,"href":"https:\/\/kraios.app\/news\/wp-json\/wp\/v2\/categories?post=11328"},{"taxonomy":"post_tag","embeddable":true,"href":"https:\/\/kraios.app\/news\/wp-json\/wp\/v2\/tags?post=11328"}],"curies":[{"name":"wp","href":"https:\/\/api.w.org\/{rel}","templated":true}]}}