{"id":11326,"date":"2023-08-07T01:37:32","date_gmt":"2023-08-07T01:37:32","guid":{"rendered":"https:\/\/kraios.app\/news\/spor\/2023\/08\/07\/milli-okcu-mete-gazoz-erkekler-klasik-yay-finalinde-kanadali-eric-petersi-yenerek-dunya-sampiyonu-oldu\/"},"modified":"2023-08-07T01:37:32","modified_gmt":"2023-08-07T01:37:32","slug":"milli-okcu-mete-gazoz-erkekler-klasik-yay-finalinde-kanadali-eric-petersi-yenerek-dunya-sampiyonu-oldu","status":"publish","type":"post","link":"https:\/\/kraios.app\/news\/spor\/2023\/08\/07\/milli-okcu-mete-gazoz-erkekler-klasik-yay-finalinde-kanadali-eric-petersi-yenerek-dunya-sampiyonu-oldu\/","title":{"rendered":"Milli ok\u00e7u Mete Gazoz erkekler klasik yay finalinde Kanadal\u0131 Eric Peters&#8217;i yenerek d\u00fcnya \u015fampiyonu oldu"},"content":{"rendered":"<p><\/p>\n<div>\n<p>Milli ok\u00e7u Mete Gazoz, Almanya&#8217;da d\u00fczenlen D\u00fcnya Ok\u00e7uluk \u015eampiyonas\u0131 erkekler klasik yay finalinde Kanadal\u0131 Eric Peters&#8217;i 6-4 yenerek alt\u0131n madalya kazand\u0131.<\/p>\n<p>Ba\u015fkent Berlin&#8217;de yap\u0131lan \u015fampiyonada \u00e7eyrek finalde \u015eili&#8217;den Ricardo Soto&#8217;yu 6-2 ma\u011flup eden milli sporcu, ad\u0131n\u0131 son 4 isim aras\u0131na yazd\u0131rd\u0131.<\/p>\n<p>Yar\u0131 finalde Brezilyal\u0131 Marcus D&#8217;Almeida&#8217;y\u0131 7-3 yenen Mete, ad\u0131n\u0131 hem finale yazd\u0131rd\u0131 hem de 2024 Paris Olimpiyatlar\u0131&#8217;na kota ald\u0131.<\/p>\n<p>Mete, finalde ise Kanadal\u0131 Eric Peters&#8217;i 6-4 yenerek, d\u00fcnya \u015fampiyonu oldu.<\/p>\n<h3>TBMM Ba\u015fkan\u0131 Kurtulmu\u015f, d\u00fcnya \u015fampiyonu Mete Gazoz&#8217;u tebrik etti<\/h3>\n<p>TBMM Ba\u015fkan\u0131 Numan Kurtulmu\u015f, Almanya&#8217;da d\u00fczenlenen D\u00fcnya Ok\u00e7uluk \u015eampiyonas\u0131&#8217;nda erkekler klasik yay final m\u00fccadelesinde rakibini yenerek d\u00fcnya \u015fampiyonu olan Mete Gazoz&#8217;u kutlad\u0131.<\/p>\n<p>Kurtulmu\u015f, sosyal medya hesab\u0131ndan Mete Gazoz&#8217;un foto\u011fraf\u0131 e\u015fli\u011finde yay\u0131mlad\u0131\u011f\u0131 mesajda, &#8220;Almanya&#8217;da d\u00fczenlen D\u00fcnya Ok\u00e7uluk \u015eampiyonas\u0131nda alt\u0131n madalya kazanan Milli Ok\u00e7umuz Mete Gazoz&#8217;u y\u00fcrekten kutluyorum. Seninle gurur duyuyoruz.&#8221; ifadelerine yer verdi.<\/p>\n<h3>Cumhurba\u015fkan\u0131 Yard\u0131mc\u0131s\u0131 Y\u0131lmaz, d\u00fcnya \u015fampiyonu Mete Gazoz&#8217;u kutlad\u0131<\/h3>\n<p>Cumhurba\u015fkan\u0131 Yard\u0131mc\u0131s\u0131 Cevdet Y\u0131lmaz, Almanya&#8217;da d\u00fczenlenen D\u00fcnya Ok\u00e7uluk \u015eampiyonas\u0131&#8217;nda erkekler klasik yay final m\u00fccadelesinde rakibini yenerek d\u00fcnya \u015fampiyonu olan Mete Gazoz&#8217;u kutlad\u0131.<\/p>\n<p>Y\u0131lmaz, sosyal medya hesab\u0131ndan yapt\u0131\u011f\u0131 payla\u015f\u0131mda, &#8220;Berlin&#8217;de d\u00fczenlenen D\u00fcnya Ok\u00e7uluk \u015eampiyonas\u0131 finalinde alt\u0131n madalya kazanarak D\u00fcnya \u015fampiyonu olan milli ok\u00e7umuz Mete Gazoz&#8217;u zaferinden dolay\u0131 kutluyor ba\u015far\u0131lar\u0131n\u0131n devam\u0131n\u0131 diliyorum.&#8221; ifadesini kulland\u0131.<\/p>\n<h3>Gen\u00e7lik ve Spor Bakan\u0131 Osman A\u015fk\u0131n Bak, d\u00fcnya \u015fampiyonu Mete Gazoz&#8217;u tebrik etti<\/h3>\n<p>Gen\u00e7lik ve Spor Bakan\u0131 Osman A\u015fk\u0131n Bak, Almanya&#8217;da d\u00fczenlenen D\u00fcnya Ok\u00e7uluk \u015eampiyonas\u0131&#8217;nda erkekler klasik yay final m\u00fccadelesinde rakibini yenerek d\u00fcnya \u015fampiyonu olan Mete Gazoz i\u00e7in tebrik mesaj\u0131 yay\u0131mlad\u0131.<\/p>\n<p>Bakan Osman A\u015fk\u0131n Bak, tebrik mesaj\u0131nda \u015fu ifadelere yer verdi:<\/p>\n<p>&#8220;Almanya&#8217;n\u0131n ba\u015fkenti Berlin&#8217;de d\u00fczenlenen D\u00fcnya Ok\u00e7uluk \u015eampiyonas\u0131\u2019nda, erkekler klasik yay final m\u00fccadelesinde alt\u0131n madalya kazanarak d\u00fcnya \u015fampiyonu olan Mete Gazoz&#8217;u y\u00fcrekten kutluyorum. Olimpiyat \u015fampiyonlu\u011funun ard\u0131ndan d\u00fcnya \u015fampiyonu da olarak bizleri gururland\u0131ran Mete Gazoz&#8217;un ba\u015far\u0131lar\u0131n\u0131n devam\u0131n\u0131 diliyorum. Ay-y\u0131ld\u0131zl\u0131 bayra\u011f\u0131m\u0131z\u0131n dalgaland\u0131r\u0131lmas\u0131nda ve \u0130stiklal Mar\u015f\u0131&#8217;m\u0131z\u0131n dinletilmesinde eme\u011fi ge\u00e7enlere \u00fclkem ve \u015fahs\u0131m ad\u0131na te\u015fekk\u00fcr ediyorum.&#8221;<\/p>\n<p>                            <span class=\"detay-foto-editor\">&#13;<br \/>\n                                <a href=\"https:\/\/www.aa.com.tr\/tr\/p\/abonelik-talep-formu\/1001\" target=\"_blank\" style=\"font-size:12px; color:#444; text-decoration:none;\" rel=\"noopener\">&#13;<br \/>\n                                    Anadolu Ajans\u0131 web sitesinde, AA Haber Ak\u0131\u015f Sistemi (HAS) \u00fczerinden abonelere sunulan haberler, \u00f6zetlenerek yay\u0131mlanmaktad\u0131r. <b style=\"color:#1897F7\">Abonelik i\u00e7in l\u00fctfen ileti\u015fime ge\u00e7iniz.<\/b>&#13;<br \/>\n                                <\/a>&#13;<br \/>\n                            <\/span>\n                        <\/div>\n<p><script>\n\t  window.fbAsyncInit = function() {\n\t\tFB.init({\n\t\t  appId: '1855843514662870',\n\t\t  status : true, \/\/ check login status\n\t\t  cookie : true, \/\/ enable cookies to allow the server to access the session\n\t\t  xfbml  : true  \/\/ parse XFBML\n\t\t});\n\t  };<\/p>\n<p>\t  (function() {\n\t\tvar e = document.createElement('script');\n\t\te.src=\"https:\/\/connect.facebook.net\/tr_TR\/all.js\";\n\t\te.async = true;\n\t\tdocument.getElementById('fb-root').appendChild(e);\n\t  }());\n    <\/script><\/p>\n","protected":false},"excerpt":{"rendered":"<p>Milli ok\u00e7u Mete Gazoz, Almanya&#8217;da d\u00fczenlen D\u00fcnya Ok\u00e7uluk \u015eampiyonas\u0131 erkekler klasik yay finalinde Kanadal\u0131 Eric Peters&#8217;i 6-4 yenerek alt\u0131n madalya kazand\u0131. Ba\u015fkent Berlin&#8217;de yap\u0131lan \u015fampiyonada \u00e7eyrek finalde \u015eili&#8217;den Ricardo Soto&#8217;yu 6-2 ma\u011flup eden milli sporcu, ad\u0131n\u0131 son 4 isim aras\u0131na yazd\u0131rd\u0131. Yar\u0131 finalde Brezilyal\u0131 Marcus D&#8217;Almeida&#8217;y\u0131 7-3 yenen Mete, ad\u0131n\u0131 hem finale yazd\u0131rd\u0131 hem de [&hellip;]<\/p>\n","protected":false},"author":1,"featured_media":11327,"comment_status":"","ping_status":"","sticky":false,"template":"","format":"standard","meta":[],"categories":[48],"tags":[],"_links":{"self":[{"href":"https:\/\/kraios.app\/news\/wp-json\/wp\/v2\/posts\/11326"}],"collection":[{"href":"https:\/\/kraios.app\/news\/wp-json\/wp\/v2\/posts"}],"about":[{"href":"https:\/\/kraios.app\/news\/wp-json\/wp\/v2\/types\/post"}],"author":[{"embeddable":true,"href":"https:\/\/kraios.app\/news\/wp-json\/wp\/v2\/users\/1"}],"replies":[{"embeddable":true,"href":"https:\/\/kraios.app\/news\/wp-json\/wp\/v2\/comments?post=11326"}],"version-history":[{"count":0,"href":"https:\/\/kraios.app\/news\/wp-json\/wp\/v2\/posts\/11326\/revisions"}],"wp:featuredmedia":[{"embeddable":true,"href":"https:\/\/kraios.app\/news\/wp-json\/wp\/v2\/media\/11327"}],"wp:attachment":[{"href":"https:\/\/kraios.app\/news\/wp-json\/wp\/v2\/media?parent=11326"}],"wp:term":[{"taxonomy":"category","embeddable":true,"href":"https:\/\/kraios.app\/news\/wp-json\/wp\/v2\/categories?post=11326"},{"taxonomy":"post_tag","embeddable":true,"href":"https:\/\/kraios.app\/news\/wp-json\/wp\/v2\/tags?post=11326"}],"curies":[{"name":"wp","href":"https:\/\/api.w.org\/{rel}","templated":true}]}}