{"id":11290,"date":"2023-08-06T09:20:05","date_gmt":"2023-08-06T09:20:05","guid":{"rendered":"https:\/\/kraios.app\/news\/yasam\/2023\/08\/06\/agri-dagi-civarinda-31-surungen-ve-amfibi-turu-yasiyor\/"},"modified":"2023-08-06T09:20:05","modified_gmt":"2023-08-06T09:20:05","slug":"agri-dagi-civarinda-31-surungen-ve-amfibi-turu-yasiyor","status":"publish","type":"post","link":"https:\/\/kraios.app\/news\/yasam\/2023\/08\/06\/agri-dagi-civarinda-31-surungen-ve-amfibi-turu-yasiyor\/","title":{"rendered":"A\u011fr\u0131 Da\u011f\u0131 civar\u0131nda 31 s\u00fcr\u00fcngen ve amfibi t\u00fcr\u00fc ya\u015f\u0131yor"},"content":{"rendered":"<p><\/p>\n<div>\n<p>Nah\u00e7\u0131van ve Ermenistan s\u0131n\u0131r\u0131nda bulunan, 5 bin 137 metre rak\u0131ml\u0131 A\u011fr\u0131 Da\u011f\u0131 b\u00f6lgesinde 31 s\u00fcr\u00fcngen ve amfibi (iki ya\u015faml\u0131lar) t\u00fcr\u00fc ya\u015f\u0131yor.<\/p>\n<p>Farkl\u0131 habitatlar\u0131 bir arada bulunduran da\u011f\u0131n etekleri ve I\u011fd\u0131r Ovas\u0131, y\u0131lan, kurba\u011fa, kaplumba\u011fa ve kertenkele t\u00fcrlerine beslenme ve \u00fcreme imkan\u0131 sunuyor.<\/p>\n<p><img decoding=\"async\" alt=\"\" src=\"https:\/\/www.aa.com.tr\/uploads\/userFiles\/88e4063b-7018-4331-b06e-f0cb513ac64c\/2023%2F08%2Fagri6-1.jpg\"\/><\/p>\n<p>B\u00f6lgede ya\u015fayan 31 s\u00fcr\u00fcngen ve amfibi t\u00fcr\u00fc aras\u0131nda Kafkas keleri, topba\u015f keler, toprak kurba\u011fas\u0131, koca engerek ve Wagner engere\u011fi de bulunuyor.<\/p>\n<p><img decoding=\"async\" alt=\"\" src=\"https:\/\/admin.aa.com.tr\/uploads\/userFiles\/88e4063b-7018-4331-b06e-f0cb513ac64c\/2023%2F08%2Fagri6-6.jpg\"\/><\/p>\n<p>I\u011fd\u0131r \u00dcniversitesi Avc\u0131l\u0131k ve Yaban Hayat\u0131 B\u00f6l\u00fcm\u00fc \u00d6\u011fretim \u00dcyesi Dr. Bahad\u0131r Akman, AA muhabirine, A\u011fr\u0131 Da\u011f\u0131 b\u00f6lgesinin s\u00fcr\u00fcngenler i\u00e7in \u00f6nemli bir ya\u015fam alan\u0131 oldu\u011funu s\u00f6yledi.<\/p>\n<p><img decoding=\"async\" alt=\"\" src=\"https:\/\/admin.aa.com.tr\/uploads\/userFiles\/88e4063b-7018-4331-b06e-f0cb513ac64c\/2023%2F08%2Fagri6-3.jpg\"\/><\/p>\n<p>I\u011fd\u0131r&#8217;\u0131n yaban hayat\u0131 a\u00e7\u0131s\u0131ndan \u00f6nemli bir yer oldu\u011funu ifade eden Akman, &#8220;I\u011fd\u0131r&#8217;da 5 amfibi, 2 yayg\u0131n kaplumba\u011fa, 10 s\u00fcr\u00fcngen, 14 y\u0131lan t\u00fcr\u00fcm\u00fcz var. \u00dclkemizde yayg\u0131n olan t\u00fcrler genelde I\u011fd\u0131r\u2019da da mevcut ama bir t\u00fcr\u00fcm\u00fcz kolayl\u0131kla bulunmayan toprak kurba\u011fas\u0131 (Pelobates syriacus) t\u00fcr\u00fc. \u00dclke genelinde s\u0131kl\u0131kla bulunmamas\u0131na kar\u015f\u0131n biz I\u011fd\u0131r\u2019da yapt\u0131\u011f\u0131m\u0131z arazi \u00e7al\u0131\u015fmalar\u0131nda olduk\u00e7a s\u0131k rastlayabiliyoruz. Sulak alanda bulunan bu kurba\u011fa yak\u0131n mesafelerde rahatl\u0131kla bulunabilen bir t\u00fcr.&#8221; dedi.<\/p>\n<p><img decoding=\"async\" alt=\"\" src=\"https:\/\/admin.aa.com.tr\/uploads\/userFiles\/88e4063b-7018-4331-b06e-f0cb513ac64c\/2023%2F08%2Fagri6-4.jpg\"\/><\/p>\n<h3>&#8220;Hazar kaplumba\u011fas\u0131 ve tosba\u011fa b\u00f6lgede ya\u015fam s\u00fcr\u00fcyor&#8221;<\/h3>\n<p>Yurt genelinde yayg\u0131n olanlar\u0131n yan\u0131 s\u0131ra b\u00f6lgeye \u00f6zg\u00fc t\u00fcrlerin de A\u011fr\u0131 Da\u011f\u0131 civar\u0131nda bulundu\u011funu anlatan Akman, \u015f\u00f6yle devam etti:<\/p>\n<p>&#8220;\u0130ki kaplumba\u011fa t\u00fcr\u00fcm\u00fcz var, bunlardan biri Hazar kaplumba\u011fas\u0131, di\u011feri de tosba\u011fa. Bunlar \u00fclkemizde yayg\u0131n, I\u011fd\u0131r&#8217;da da yayg\u0131n. Kertenkeleler a\u00e7\u0131s\u0131ndan bakt\u0131\u011f\u0131m\u0131zda bir t\u00fcr\u00fcm\u00fcz \u00f6n plana \u00e7\u0131k\u0131yor, Kafkas keleri (Paralaudakia caucasia) I\u011fd\u0131r\u2019da bulunan t\u00fcrlerin ba\u015f\u0131nda geliyor. Di\u011fer bir t\u00fcr\u00fcm\u00fcz topba\u015f keleri (Phrynocephalus horvathi) A\u011fr\u0131 Da\u011f\u0131 civar\u0131nda yay\u0131l\u0131\u015f g\u00f6steren bir t\u00fcr\u00fcm\u00fcz. \u00dc\u00e7 t\u00fcr\u00fcm\u00fcz daha var, Aras kertenkelesi (Eremias pleski), Step kertenkelesi (Eremias strauchi) ve S\u00fcphan kertenkelesi (Eremias suphani).\u201d<\/p>\n<p><img decoding=\"async\" alt=\"\" src=\"https:\/\/admin.aa.com.tr\/uploads\/userFiles\/88e4063b-7018-4331-b06e-f0cb513ac64c\/2023%2F08%2Fagri6-5.jpg\"\/><\/p>\n<p>Kertenkelelerin kavurucu s\u0131caklarla \u0131s\u0131nan kayal\u0131klar\u0131n \u00fcst\u00fcnde durdu\u011funu belirten Akman, &#8220;Bu davran\u0131\u015f\u0131 g\u00f6steren Kafkas keleri dedi\u011fimiz t\u00fcrd\u00fcr. Bununla ilgili olarak iki d\u00fc\u015f\u00fcncemiz var; biri alan\u0131n\u0131 korumak amac\u0131yla b\u00f6lgede s\u00fcrekli olarak kayalar\u0131n \u00fcst\u00fcnde bulunmas\u0131, dikkat ederseniz kafa sallama hareketi vard\u0131r, bir di\u011fer d\u00fc\u015f\u00fcncemiz de s\u0131cakta serinlemek maksad\u0131yla o kafa sallama davran\u0131\u015f\u0131n\u0131 g\u00f6stermesidir.&#8221; diye konu\u015ftu.<\/p>\n<p>                            <span class=\"detay-foto-editor\">&#13;<br \/>\n                                <a href=\"https:\/\/www.aa.com.tr\/tr\/p\/abonelik-talep-formu\/1001\" target=\"_blank\" style=\"font-size:12px; color:#444; text-decoration:none;\" rel=\"noopener\">&#13;<br \/>\n                                    Anadolu Ajans\u0131 web sitesinde, AA Haber Ak\u0131\u015f Sistemi (HAS) \u00fczerinden abonelere sunulan haberler, \u00f6zetlenerek yay\u0131mlanmaktad\u0131r. <b style=\"color:#1897F7\">Abonelik i\u00e7in l\u00fctfen ileti\u015fime ge\u00e7iniz.<\/b>&#13;<br \/>\n                                <\/a>&#13;<br \/>\n                            <\/span>\n                        <\/div>\n<p><script>\n\t  window.fbAsyncInit = function() {\n\t\tFB.init({\n\t\t  appId: '1855843514662870',\n\t\t  status : true, \/\/ check login status\n\t\t  cookie : true, \/\/ enable cookies to allow the server to access the session\n\t\t  xfbml  : true  \/\/ parse XFBML\n\t\t});\n\t  };<\/p>\n<p>\t  (function() {\n\t\tvar e = document.createElement('script');\n\t\te.src=\"https:\/\/connect.facebook.net\/tr_TR\/all.js\";\n\t\te.async = true;\n\t\tdocument.getElementById('fb-root').appendChild(e);\n\t  }());\n    <\/script><\/p>\n","protected":false},"excerpt":{"rendered":"<p>Nah\u00e7\u0131van ve Ermenistan s\u0131n\u0131r\u0131nda bulunan, 5 bin 137 metre rak\u0131ml\u0131 A\u011fr\u0131 Da\u011f\u0131 b\u00f6lgesinde 31 s\u00fcr\u00fcngen ve amfibi (iki ya\u015faml\u0131lar) t\u00fcr\u00fc ya\u015f\u0131yor. Farkl\u0131 habitatlar\u0131 bir arada bulunduran da\u011f\u0131n etekleri ve I\u011fd\u0131r Ovas\u0131, y\u0131lan, kurba\u011fa, kaplumba\u011fa ve kertenkele t\u00fcrlerine beslenme ve \u00fcreme imkan\u0131 sunuyor. B\u00f6lgede ya\u015fayan 31 s\u00fcr\u00fcngen ve amfibi t\u00fcr\u00fc aras\u0131nda Kafkas keleri, topba\u015f keler, toprak [&hellip;]<\/p>\n","protected":false},"author":1,"featured_media":11291,"comment_status":"","ping_status":"","sticky":false,"template":"","format":"standard","meta":[],"categories":[50],"tags":[],"_links":{"self":[{"href":"https:\/\/kraios.app\/news\/wp-json\/wp\/v2\/posts\/11290"}],"collection":[{"href":"https:\/\/kraios.app\/news\/wp-json\/wp\/v2\/posts"}],"about":[{"href":"https:\/\/kraios.app\/news\/wp-json\/wp\/v2\/types\/post"}],"author":[{"embeddable":true,"href":"https:\/\/kraios.app\/news\/wp-json\/wp\/v2\/users\/1"}],"replies":[{"embeddable":true,"href":"https:\/\/kraios.app\/news\/wp-json\/wp\/v2\/comments?post=11290"}],"version-history":[{"count":0,"href":"https:\/\/kraios.app\/news\/wp-json\/wp\/v2\/posts\/11290\/revisions"}],"wp:featuredmedia":[{"embeddable":true,"href":"https:\/\/kraios.app\/news\/wp-json\/wp\/v2\/media\/11291"}],"wp:attachment":[{"href":"https:\/\/kraios.app\/news\/wp-json\/wp\/v2\/media?parent=11290"}],"wp:term":[{"taxonomy":"category","embeddable":true,"href":"https:\/\/kraios.app\/news\/wp-json\/wp\/v2\/categories?post=11290"},{"taxonomy":"post_tag","embeddable":true,"href":"https:\/\/kraios.app\/news\/wp-json\/wp\/v2\/tags?post=11290"}],"curies":[{"name":"wp","href":"https:\/\/api.w.org\/{rel}","templated":true}]}}