{"id":11280,"date":"2023-08-06T05:40:51","date_gmt":"2023-08-06T05:40:51","guid":{"rendered":"https:\/\/kraios.app\/news\/yasam\/2023\/08\/06\/emine-erdogan-corumda-atik-malzeme-toplanmasina-onculuk-eden-imami-tebrik-etti\/"},"modified":"2023-08-06T05:40:51","modified_gmt":"2023-08-06T05:40:51","slug":"emine-erdogan-corumda-atik-malzeme-toplanmasina-onculuk-eden-imami-tebrik-etti","status":"publish","type":"post","link":"https:\/\/kraios.app\/news\/yasam\/2023\/08\/06\/emine-erdogan-corumda-atik-malzeme-toplanmasina-onculuk-eden-imami-tebrik-etti\/","title":{"rendered":"Emine Erdo\u011fan, \u00c7orum&#039;da at\u0131k malzeme toplanmas\u0131na \u00f6nc\u00fcl\u00fck eden imam\u0131 tebrik etti"},"content":{"rendered":"<p>Cumhurba\u015fkan\u0131 Recep Tayyip Erdo\u011fan&#8217;\u0131n e\u015fi Emine Erdo\u011fan, \u00c7orum&#8217;un \u00dcy\u00fck K\u00f6y\u00fc&#8217;nde bir y\u0131lda 3 tona yak\u0131n at\u0131k malzeme toplanmas\u0131na \u00f6nc\u00fcl\u00fck eden k\u00f6y\u00fcn imam\u0131 Mustafa Y\u0131ld\u0131r\u0131m&#8217;\u0131 tebrik etti.<\/p>\n","protected":false},"excerpt":{"rendered":"<p>Cumhurba\u015fkan\u0131 Recep Tayyip Erdo\u011fan&#8217;\u0131n e\u015fi Emine Erdo\u011fan, \u00c7orum&#8217;un \u00dcy\u00fck K\u00f6y\u00fc&#8217;nde bir y\u0131lda 3 tona yak\u0131n at\u0131k malzeme toplanmas\u0131na \u00f6nc\u00fcl\u00fck eden k\u00f6y\u00fcn imam\u0131 Mustafa Y\u0131ld\u0131r\u0131m&#8217;\u0131 tebrik etti.<\/p>\n","protected":false},"author":1,"featured_media":11281,"comment_status":"","ping_status":"","sticky":false,"template":"","format":"standard","meta":[],"categories":[50],"tags":[],"_links":{"self":[{"href":"https:\/\/kraios.app\/news\/wp-json\/wp\/v2\/posts\/11280"}],"collection":[{"href":"https:\/\/kraios.app\/news\/wp-json\/wp\/v2\/posts"}],"about":[{"href":"https:\/\/kraios.app\/news\/wp-json\/wp\/v2\/types\/post"}],"author":[{"embeddable":true,"href":"https:\/\/kraios.app\/news\/wp-json\/wp\/v2\/users\/1"}],"replies":[{"embeddable":true,"href":"https:\/\/kraios.app\/news\/wp-json\/wp\/v2\/comments?post=11280"}],"version-history":[{"count":0,"href":"https:\/\/kraios.app\/news\/wp-json\/wp\/v2\/posts\/11280\/revisions"}],"wp:featuredmedia":[{"embeddable":true,"href":"https:\/\/kraios.app\/news\/wp-json\/wp\/v2\/media\/11281"}],"wp:attachment":[{"href":"https:\/\/kraios.app\/news\/wp-json\/wp\/v2\/media?parent=11280"}],"wp:term":[{"taxonomy":"category","embeddable":true,"href":"https:\/\/kraios.app\/news\/wp-json\/wp\/v2\/categories?post=11280"},{"taxonomy":"post_tag","embeddable":true,"href":"https:\/\/kraios.app\/news\/wp-json\/wp\/v2\/tags?post=11280"}],"curies":[{"name":"wp","href":"https:\/\/api.w.org\/{rel}","templated":true}]}}