{"id":11249,"date":"2023-08-05T22:20:04","date_gmt":"2023-08-05T22:20:04","guid":{"rendered":"https:\/\/kraios.app\/news\/yasam\/2023\/08\/05\/ankarada-vatandaslar-lavanta-hasadina-katildi\/"},"modified":"2023-08-05T22:20:04","modified_gmt":"2023-08-05T22:20:04","slug":"ankarada-vatandaslar-lavanta-hasadina-katildi","status":"publish","type":"post","link":"https:\/\/kraios.app\/news\/yasam\/2023\/08\/05\/ankarada-vatandaslar-lavanta-hasadina-katildi\/","title":{"rendered":"Ankara&#8217;da vatanda\u015flar lavanta hasad\u0131na kat\u0131ld\u0131"},"content":{"rendered":"<p><\/p>\n<div>\n<p>Ovac\u0131k Mahallesi&#8217;ndeki Ke\u00e7i\u00f6ren Belediyesine ait lavanta ve g\u00fcl bah\u00e7esine, lavanta hasad\u0131 i\u00e7in \u00e7ok say\u0131da vatanda\u015f geldi.<\/p>\n<p>Burada ellerine makaslar\u0131 alan ziyaret\u00e7iler, toplad\u0131klar\u0131 lavantalar\u0131 sepetlerine koyarak evlerine g\u00f6t\u00fcrd\u00fc.<\/p>\n<p>D\u00fc\u011f\u00fcn ve ni\u015fan \u00e7ekimleri i\u00e7in gelen \u00e7iftler ise bah\u00e7edeki platolarda foto\u011fraf \u00e7ektirdi.<\/p>\n<p><img decoding=\"async\" alt=\"\" src=\"https:\/\/www.aa.com.tr\/uploads\/userFiles\/a54ea27f-6036-4f79-88c6-6bc9ba19a35d\/08_Nisan%2F06%20temmuz%2F12%2FAA-31856366.jpg\"\/><\/p>\n<p>Vatanda\u015flarla birlikte hasat yapan Ke\u00e7i\u00f6ren Belediye Ba\u015fkan\u0131 Turgut Alt\u0131nok, bah\u00e7enin 2 y\u0131l \u00f6nce kuruldu\u011funu ifade etti.<\/p>\n<p>Alt\u0131nok, b\u00fcy\u00fck\u015fehirlerin grili\u011finin k\u0131r\u0131lmas\u0131 gerekti\u011fini, \u015fehirlerin insanlar\u0131 yordu\u011funu ve nefes alacak yerlerin yap\u0131lmas\u0131 gerekti\u011fini s\u00f6yleyerek, &#8220;Lavanta, g\u00fcl ve kekik bah\u00e7emiz var. 50 bin metrekare. Bunu 140 bin metre kareye \u00e7\u0131kartaca\u011f\u0131z. \u015eehrin en de\u011ferli arazisinde bunu yapt\u0131k. Maalesef belediye ba\u015fkanlar\u0131, gelenler gidenler bu arsalar\u0131 nas\u0131l satar\u0131z ona bak\u0131yorlar.&#8221; dedi.<\/p>\n<p>Ankara&#8217;n\u0131n b\u00fct\u00fcn il\u00e7elerinden bah\u00e7eyi g\u00f6rmeye gelenler oldu\u011funu s\u00f6yleyen Alt\u0131nok, 9 \u00e7ekim alan\u0131 bulundu\u011funu, vatanda\u015flar\u0131n bu alan\u0131 d\u00fc\u011f\u00fcn ve ni\u015fan \u00e7ekimi i\u00e7in de tercih etti\u011fini anlatt\u0131.<\/p>\n<p><img decoding=\"async\" alt=\"\" src=\"https:\/\/www.aa.com.tr\/uploads\/userFiles\/a54ea27f-6036-4f79-88c6-6bc9ba19a35d\/08_Nisan%2F06%20temmuz%2F12%2FAA-31856370.jpg\"\/><\/p>\n<p>Ziyaret\u00e7ilerin bah\u00e7eye \u00fccretsiz girebildi\u011fini ve bu tarz alanlar\u0131n say\u0131s\u0131n\u0131n \u00e7o\u011falt\u0131lmas\u0131 gerekti\u011fini ifade eden Alt\u0131nok, &#8220;Hasat edilen \u00fcr\u00fcnleri k\u00f6y kahvesine g\u00f6t\u00fcr\u00fcp ikram edece\u011fiz. Vatanda\u015flara do\u011fal ve organik sunumlar yapaca\u011f\u0131z. \u00dcr\u00fcnler sembolik bir fiyatla yani piyasan\u0131n 10&#8217;da biri 20&#8217;de biri fiyat\u0131na olacak.&#8221; \u015feklinde konu\u015ftu.<\/p>\n<p>Hasada kat\u0131lan Dilek I\u015f\u0131ktan, \u015fehrin ortas\u0131nda lavanta bah\u00e7esi olmas\u0131n\u0131n kendisinde \u00e7ok g\u00fczel hisler uyand\u0131rd\u0131\u011f\u0131n\u0131 s\u00f6yleyerek, &#8220;Lavantan\u0131n kendine ait enerjisi vard\u0131r. Onu ger\u00e7ekten kokuyla birlikte hissettik.&#8221; dedi.<\/p>\n<p>Fatma G\u00fcven ise, bah\u00e7eye girdi\u011finde huzur buldu\u011funu ve ortam\u0131n harika oldu\u011funu belirterek, toplad\u0131\u011f\u0131 lavantalardan ya\u011f elde etmeyi d\u00fc\u015f\u00fcnd\u00fc\u011f\u00fcn\u00fc dile getirdi.<\/p>\n<p>                            <span class=\"detay-foto-editor\">&#13;<br \/>\n                                <a href=\"https:\/\/www.aa.com.tr\/tr\/p\/abonelik-talep-formu\/1001\" target=\"_blank\" style=\"font-size:12px; color:#444; text-decoration:none;\" rel=\"noopener\">&#13;<br \/>\n                                    Anadolu Ajans\u0131 web sitesinde, AA Haber Ak\u0131\u015f Sistemi (HAS) \u00fczerinden abonelere sunulan haberler, \u00f6zetlenerek yay\u0131mlanmaktad\u0131r. <b style=\"color:#1897F7\">Abonelik i\u00e7in l\u00fctfen ileti\u015fime ge\u00e7iniz.<\/b>&#13;<br \/>\n                                <\/a>&#13;<br \/>\n                            <\/span>\n                        <\/div>\n<p><script>\n\t  window.fbAsyncInit = function() {\n\t\tFB.init({\n\t\t  appId: '1855843514662870',\n\t\t  status : true, \/\/ check login status\n\t\t  cookie : true, \/\/ enable cookies to allow the server to access the session\n\t\t  xfbml  : true  \/\/ parse XFBML\n\t\t});\n\t  };<\/p>\n<p>\t  (function() {\n\t\tvar e = document.createElement('script');\n\t\te.src=\"https:\/\/connect.facebook.net\/tr_TR\/all.js\";\n\t\te.async = true;\n\t\tdocument.getElementById('fb-root').appendChild(e);\n\t  }());\n    <\/script><\/p>\n","protected":false},"excerpt":{"rendered":"<p>Ovac\u0131k Mahallesi&#8217;ndeki Ke\u00e7i\u00f6ren Belediyesine ait lavanta ve g\u00fcl bah\u00e7esine, lavanta hasad\u0131 i\u00e7in \u00e7ok say\u0131da vatanda\u015f geldi. Burada ellerine makaslar\u0131 alan ziyaret\u00e7iler, toplad\u0131klar\u0131 lavantalar\u0131 sepetlerine koyarak evlerine g\u00f6t\u00fcrd\u00fc. D\u00fc\u011f\u00fcn ve ni\u015fan \u00e7ekimleri i\u00e7in gelen \u00e7iftler ise bah\u00e7edeki platolarda foto\u011fraf \u00e7ektirdi. Vatanda\u015flarla birlikte hasat yapan Ke\u00e7i\u00f6ren Belediye Ba\u015fkan\u0131 Turgut Alt\u0131nok, bah\u00e7enin 2 y\u0131l \u00f6nce kuruldu\u011funu ifade etti. [&hellip;]<\/p>\n","protected":false},"author":1,"featured_media":11250,"comment_status":"","ping_status":"","sticky":false,"template":"","format":"standard","meta":[],"categories":[50],"tags":[],"_links":{"self":[{"href":"https:\/\/kraios.app\/news\/wp-json\/wp\/v2\/posts\/11249"}],"collection":[{"href":"https:\/\/kraios.app\/news\/wp-json\/wp\/v2\/posts"}],"about":[{"href":"https:\/\/kraios.app\/news\/wp-json\/wp\/v2\/types\/post"}],"author":[{"embeddable":true,"href":"https:\/\/kraios.app\/news\/wp-json\/wp\/v2\/users\/1"}],"replies":[{"embeddable":true,"href":"https:\/\/kraios.app\/news\/wp-json\/wp\/v2\/comments?post=11249"}],"version-history":[{"count":0,"href":"https:\/\/kraios.app\/news\/wp-json\/wp\/v2\/posts\/11249\/revisions"}],"wp:featuredmedia":[{"embeddable":true,"href":"https:\/\/kraios.app\/news\/wp-json\/wp\/v2\/media\/11250"}],"wp:attachment":[{"href":"https:\/\/kraios.app\/news\/wp-json\/wp\/v2\/media?parent=11249"}],"wp:term":[{"taxonomy":"category","embeddable":true,"href":"https:\/\/kraios.app\/news\/wp-json\/wp\/v2\/categories?post=11249"},{"taxonomy":"post_tag","embeddable":true,"href":"https:\/\/kraios.app\/news\/wp-json\/wp\/v2\/tags?post=11249"}],"curies":[{"name":"wp","href":"https:\/\/api.w.org\/{rel}","templated":true}]}}