{"id":11243,"date":"2023-08-05T19:20:10","date_gmt":"2023-08-05T19:20:10","guid":{"rendered":"https:\/\/kraios.app\/news\/ekonomi\/2023\/08\/05\/diyarbakirda-bugday-verimi-uzun-yillar-ortalamasina-gore-dekarda-yuzde-23-artti\/"},"modified":"2023-08-05T19:20:10","modified_gmt":"2023-08-05T19:20:10","slug":"diyarbakirda-bugday-verimi-uzun-yillar-ortalamasina-gore-dekarda-yuzde-23-artti","status":"publish","type":"post","link":"https:\/\/kraios.app\/news\/ekonomi\/2023\/08\/05\/diyarbakirda-bugday-verimi-uzun-yillar-ortalamasina-gore-dekarda-yuzde-23-artti\/","title":{"rendered":"Diyarbak\u0131r&#8217;da bu\u011fday verimi uzun y\u0131llar ortalamas\u0131na g\u00f6re dekarda y\u00fczde 23 artt\u0131"},"content":{"rendered":"<p> <br \/>\n<\/p>\n<div>\n<p>T\u00fcrkiye&#8217;nin \u00f6nemli tar\u0131m merkezlerinden Diyarbak\u0131r&#8217;da yakla\u015f\u0131k 4 milyon 300 bin dekarda \u00fcretilen hububat ve bakliyatta hasat tamamland\u0131.<\/p>\n<p>\u0130lkbahar aylar\u0131nda d\u00fczenli ve yeterli ya\u011f\u0131\u015f\u0131n d\u00fc\u015fmesiyle bu\u011fday\u0131n ge\u00e7en y\u0131l 799 bin ton olan rekoltesinin bu y\u0131l 1 milyon 200 bin tona y\u00fckselmesi bekleniyor.<\/p>\n<p>Ya\u011f\u0131\u015f, bu\u011fdayda rekoltenin yan\u0131 s\u0131ra uzun y\u0131llar ortalamas\u0131na g\u00f6re dekara 390 kilogram olan verimi de y\u00fczde 23&#8217;l\u00fck art\u0131\u015fla yakla\u015f\u0131k 480 kilograma y\u00fckseltti.<\/p>\n<p><img decoding=\"async\" alt=\"\" src=\"https:\/\/www.aa.com.tr\/uploads\/userFiles\/54a427bf-71c5-4e63-a83d-6196709e92a3\/009_2023%2F005_2023%2F27_Agustos%2F15%2F20230805_2_59781702_91638275.jpg\"\/><\/p>\n<h3>&#8220;Verim ve rekolte \u00e7ift\u00e7imizin y\u00fcz\u00fcn\u00fc g\u00fcld\u00fcrd\u00fc&#8221;<\/h3>\n<p>Tar\u0131m ve Orman \u0130l M\u00fcd\u00fcr\u00fc Mustafa Ertan Atalar, AA muhabirine, Diyarbak\u0131r&#8217;\u0131n \u00fclkede tar\u0131m potansiyeli y\u00fcksek illerin ba\u015f\u0131nda geldi\u011fini, ilde yakla\u015f\u0131k 7 milyon dekar arazide tar\u0131msal \u00fcretim yap\u0131ld\u0131\u011f\u0131n\u0131 s\u00f6yledi.<\/p>\n<p>Atalar, bunun yakla\u015f\u0131k 4 milyon 300 bin dekar\u0131nda hububat ve bakliyat \u00fcretildi\u011fini ifade ederek, T\u00fcrkiye&#8217;de y\u0131llara g\u00f6re bu\u011fday \u00fcretiminde 2&#8217;nci ve 4&#8217;\u00fcnc\u00fc s\u0131ra aras\u0131nda yer de\u011fi\u015ftirdiklerini belirtti.<\/p>\n<p><img decoding=\"async\" alt=\"\" src=\"https:\/\/www.aa.com.tr\/uploads\/userFiles\/54a427bf-71c5-4e63-a83d-6196709e92a3\/009_2023%2F005_2023%2F27_Agustos%2F15%2F20230805_2_59781702_91638278.jpg\"\/><\/p>\n<p>Bu y\u0131l olduk\u00e7a iyi bir sezon ya\u015fand\u0131\u011f\u0131na i\u015faret eden Atalar, \u00e7ift\u00e7ilerin modern tekniklerle tar\u0131m yapmas\u0131 ve ya\u011f\u0131\u015f\u0131n bu y\u0131l uygun zamanda ve yeterli miktarda d\u00fc\u015fmesinin verimde ciddi art\u0131\u015f sa\u011flad\u0131\u011f\u0131n\u0131 aktard\u0131.<\/p>\n<p>Atalar, \u015f\u00f6yle konu\u015ftu:<\/p>\n<p>&#8220;\u00c7ift\u00e7imizin y\u00fcz\u00fc bu y\u0131l hububatta g\u00fcld\u00fc. Rekolte olduk\u00e7a memnuniyet verici seviyelere ula\u015ft\u0131. \u00d6zellikle arpa \u00e7ok iyi durumda. Bu\u011fday uzun y\u0131llar ortalamas\u0131na g\u00f6re iyi. Bu y\u0131l ilimizde bu\u011fdayda yakla\u015f\u0131k 1 milyon 200 bin ton rekolte ger\u00e7ekle\u015fmesini bekliyoruz. Ge\u00e7en seneki rekoltemiz 799 bin tondu. Bu y\u0131l rekoltede ge\u00e7en y\u0131la g\u00f6re y\u00fczde 48&#8217;lik bir art\u0131\u015f ger\u00e7ekle\u015fti. Diyarbak\u0131r&#8217;da bu\u011fdayda uzun y\u0131llar ortalamas\u0131na g\u00f6re dekara 390 kilogram civar\u0131nda verimimiz vard\u0131. Bu y\u0131l ortalama verim 480 kilogram civar\u0131nda. Dolay\u0131s\u0131yla dekar ba\u015f\u0131na elde etti\u011fimiz verim y\u00fczde 23 artt\u0131. Son iki y\u0131lda (2021-2022) ya\u015fanan kurakl\u0131\u011f\u0131n ard\u0131ndan bu y\u0131l \u00e7ift\u00e7imizin elde etti\u011fi verim ve rekolte \u00e7ift\u00e7imizin y\u00fcz\u00fcn\u00fc g\u00fcld\u00fcrd\u00fc.&#8221; diye konu\u015ftu.<\/p>\n<p><img decoding=\"async\" alt=\"\" src=\"https:\/\/www.aa.com.tr\/uploads\/userFiles\/54a427bf-71c5-4e63-a83d-6196709e92a3\/009_2023%2F005_2023%2F27_Agustos%2F15%2F20230805_2_59781702_91638284.jpg\"\/><\/p>\n<p>Toprak Mahsulleri Ofisinin (TMO) bu\u011fday ve arpada belirledi\u011fi fiyatlar\u0131 \u00e7ift\u00e7ilerin memnuniyetle kar\u015f\u0131lad\u0131\u011f\u0131n\u0131 dile getiren Atalar, TMO&#8217;nun ilde 9 ayr\u0131 noktada \u00e7ift\u00e7iden \u00fcr\u00fcn ald\u0131\u011f\u0131n\u0131 kaydetti.<\/p>\n<p>Hasad\u0131n tamamlanmas\u0131yla ba\u015flayan an\u0131z yang\u0131nlar\u0131na da de\u011finen Atalar, &#8220;\u00c7ift\u00e7ilerimizden istirham\u0131m\u0131z an\u0131z yang\u0131nlar\u0131na kar\u015f\u0131 teyakkuzda olmalar\u0131, yang\u0131na sebebiyet verecek davran\u0131\u015f ve uygulamalardan ka\u00e7\u0131nmalar\u0131. An\u0131z yakanlara y\u00f6nelik cezai m\u00fceyyideler uygulan\u0131yor ama aslolan bu konuda bilin\u00e7 olu\u015fmas\u0131. An\u0131z yang\u0131n\u0131 ayn\u0131 zamanda bir sonraki y\u0131l verim kay\u0131plar\u0131na neden olmakta. Topraktaki canl\u0131 hayat\u0131 bitirdi\u011fi i\u00e7in, toprak yap\u0131s\u0131 bozulmakta. Sonu\u00e7ta bu bir \u00e7evre felaketi. Bunlardan uzakla\u015f\u0131lmas\u0131 gerekir.&#8221; dedi.<\/p>\n<p><img decoding=\"async\" alt=\"\" src=\"https:\/\/www.aa.com.tr\/uploads\/userFiles\/54a427bf-71c5-4e63-a83d-6196709e92a3\/009_2023%2F005_2023%2F27_Agustos%2F15%2F20230805_2_59781702_91638291.jpg\"\/><\/p>\n<h3>&#8220;\u0130ki y\u0131lda kurakl\u0131ktan dolay\u0131 olu\u015fan zarar kar\u015f\u0131land\u0131&#8221;<\/h3>\n<p>Merkez Sur il\u00e7esine ba\u011fl\u0131 k\u0131rsal Ba\u011fp\u0131nar Mahallesi&#8217;nde \u00e7ift\u00e7ilik yapan Sur Ziraat Odas\u0131 Y\u00f6netim Kurulu \u00fcyesi Mehmet G\u00fczelsoy, \u00fcretti\u011fi bu\u011fday, arpa ve mercimekte hasad\u0131 tamamlad\u0131\u011f\u0131n\u0131 s\u00f6yledi.<\/p>\n<p>Son iki y\u0131l ya\u015fanan kurakl\u0131k nedeniyle d\u00fc\u015f\u00fck verim elde ettiklerini fakat bu y\u0131l verimin de rekoltenin de iyi oldu\u011funu belirten G\u00fczelsoy, &#8220;Say\u0131n Cumhurba\u015fkan\u0131&#8217;m\u0131z\u0131n dedi\u011fi gibi, da\u011fa, ta\u015fa ektik, bu\u011fday, arpa, mercimek \u00fcrettik. Bu sene d\u00fc\u015fen ya\u011fmurla verim \u00e7ok g\u00fczel. Ge\u00e7en y\u0131l kurakl\u0131ktan dolay\u0131 dekara 250 kilogram verim ald\u0131m. Bu y\u0131l ise dekara 500 kilogram ve \u00fczerinde verim ald\u0131k. \u0130ki y\u0131ll\u0131k ya\u015fanan kurakl\u0131ktan sonra bu \u00fcr\u00fcn\u00fc almak bizi fazlas\u0131yla memnun etti.&#8221; ifadelerini kulland\u0131.<\/p>\n<p><img decoding=\"async\" alt=\"\" src=\"https:\/\/www.aa.com.tr\/uploads\/userFiles\/54a427bf-71c5-4e63-a83d-6196709e92a3\/009_2023%2F005_2023%2F27_Agustos%2F15%2F20230805_2_59781702_91638294.jpg\"\/><\/p>\n<p>\u00c7ift\u00e7i Rauf G\u00fcler de 200 dekar tarlas\u0131nda bu y\u0131l bu\u011fday, mercimek ve arpa \u00fcretti\u011fini belirtti.<\/p>\n<p>K\u0131\u015f mevsiminde ya\u011f\u0131\u015f\u0131n az oldu\u011funu, \u015fubat ay\u0131nda kurakl\u0131k korkusu ya\u015famaya ba\u015flad\u0131klar\u0131n\u0131 anlatan G\u00fcler, daha sonra gelen ya\u011fmurlar\u0131n umutlar\u0131n\u0131 art\u0131rd\u0131\u011f\u0131n\u0131 aktard\u0131.<\/p>\n<p>G\u00fcler, &#8220;Verim bu y\u0131l \u00e7ok iyi. Dekara bu\u011fdayda 500, arpada 600, mercimekte de 250 kilogram verim ald\u0131k. Son iki y\u0131lda kurakl\u0131ktan dolay\u0131 olu\u015fan zarar neredeyse kar\u015f\u0131land\u0131. 20 y\u0131ld\u0131r \u00e7ift\u00e7iyim ilk defa b\u00f6yle verim g\u00f6rd\u00fcm.&#8221; \u015feklinde konu\u015ftu.<\/p>\n<p>                            <span class=\"detay-foto-editor\">&#13;<br \/>\n                                <a href=\"https:\/\/www.aa.com.tr\/tr\/p\/abonelik-talep-formu\/1001\" target=\"_blank\" style=\"font-size:12px; color:#444; text-decoration:none;\" rel=\"noopener\">&#13;<br \/>\n                                    Anadolu Ajans\u0131 web sitesinde, AA Haber Ak\u0131\u015f Sistemi (HAS) \u00fczerinden abonelere sunulan haberler, \u00f6zetlenerek yay\u0131mlanmaktad\u0131r. <b style=\"color:#1897F7\">Abonelik i\u00e7in l\u00fctfen ileti\u015fime ge\u00e7iniz.<\/b>&#13;<br \/>\n                                <\/a>&#13;<br \/>\n                            <\/span>\n                        <\/div>\n<p><script>\n\t  window.fbAsyncInit = function() {\n\t\tFB.init({\n\t\t  appId: '1855843514662870',\n\t\t  status : true, \/\/ check login status\n\t\t  cookie : true, \/\/ enable cookies to allow the server to access the session\n\t\t  xfbml  : true  \/\/ parse XFBML\n\t\t});\n\t  };<\/p>\n<p>\t  (function() {\n\t\tvar e = document.createElement('script');\n\t\te.src=\"https:\/\/connect.facebook.net\/tr_TR\/all.js\";\n\t\te.async = true;\n\t\tdocument.getElementById('fb-root').appendChild(e);\n\t  }());\n    <\/script><br \/>\n<br \/><br \/>\n<br \/><a href=\"https:\/\/www.aa.com.tr\/tr\/ekonomi\/diyarbakirda-bugday-verimi-uzun-yillar-ortalamasina-gore-dekarda-yuzde-23-artti\/2961754\">Source link <\/a><\/p>\n","protected":false},"excerpt":{"rendered":"<p>T\u00fcrkiye&#8217;nin \u00f6nemli tar\u0131m merkezlerinden Diyarbak\u0131r&#8217;da yakla\u015f\u0131k 4 milyon 300 bin dekarda \u00fcretilen hububat ve bakliyatta hasat tamamland\u0131. \u0130lkbahar aylar\u0131nda d\u00fczenli ve yeterli ya\u011f\u0131\u015f\u0131n d\u00fc\u015fmesiyle bu\u011fday\u0131n ge\u00e7en y\u0131l 799 bin ton olan rekoltesinin bu y\u0131l 1 milyon 200 bin tona y\u00fckselmesi bekleniyor. Ya\u011f\u0131\u015f, bu\u011fdayda rekoltenin yan\u0131 s\u0131ra uzun y\u0131llar ortalamas\u0131na g\u00f6re dekara 390 kilogram olan verimi [&hellip;]<\/p>\n","protected":false},"author":1,"featured_media":11244,"comment_status":"","ping_status":"","sticky":false,"template":"","format":"standard","meta":[],"categories":[44],"tags":[],"_links":{"self":[{"href":"https:\/\/kraios.app\/news\/wp-json\/wp\/v2\/posts\/11243"}],"collection":[{"href":"https:\/\/kraios.app\/news\/wp-json\/wp\/v2\/posts"}],"about":[{"href":"https:\/\/kraios.app\/news\/wp-json\/wp\/v2\/types\/post"}],"author":[{"embeddable":true,"href":"https:\/\/kraios.app\/news\/wp-json\/wp\/v2\/users\/1"}],"replies":[{"embeddable":true,"href":"https:\/\/kraios.app\/news\/wp-json\/wp\/v2\/comments?post=11243"}],"version-history":[{"count":0,"href":"https:\/\/kraios.app\/news\/wp-json\/wp\/v2\/posts\/11243\/revisions"}],"wp:featuredmedia":[{"embeddable":true,"href":"https:\/\/kraios.app\/news\/wp-json\/wp\/v2\/media\/11244"}],"wp:attachment":[{"href":"https:\/\/kraios.app\/news\/wp-json\/wp\/v2\/media?parent=11243"}],"wp:term":[{"taxonomy":"category","embeddable":true,"href":"https:\/\/kraios.app\/news\/wp-json\/wp\/v2\/categories?post=11243"},{"taxonomy":"post_tag","embeddable":true,"href":"https:\/\/kraios.app\/news\/wp-json\/wp\/v2\/tags?post=11243"}],"curies":[{"name":"wp","href":"https:\/\/api.w.org\/{rel}","templated":true}]}}