{"id":11224,"date":"2023-08-05T16:33:06","date_gmt":"2023-08-05T16:33:06","guid":{"rendered":"https:\/\/kraios.app\/news\/ekonomi\/2023\/08\/05\/hatayda-4-sanayi-sitemizi-de-en-kisa-surede-tamamlayarak-379-adet-yeni-is-yerini-sehrimize-kazandiracagiz\/"},"modified":"2023-08-05T16:33:06","modified_gmt":"2023-08-05T16:33:06","slug":"hatayda-4-sanayi-sitemizi-de-en-kisa-surede-tamamlayarak-379-adet-yeni-is-yerini-sehrimize-kazandiracagiz","status":"publish","type":"post","link":"https:\/\/kraios.app\/news\/ekonomi\/2023\/08\/05\/hatayda-4-sanayi-sitemizi-de-en-kisa-surede-tamamlayarak-379-adet-yeni-is-yerini-sehrimize-kazandiracagiz\/","title":{"rendered":"Hatay&#8217;da 4 sanayi sitemizi de en k\u0131sa s\u00fcrede tamamlayarak 379 adet yeni i\u015f yerini \u015fehrimize kazand\u0131raca\u011f\u0131z"},"content":{"rendered":"<p> <br \/>\n<\/p>\n<div>\n<p>Bakan Kac\u0131r, kentteki program\u0131 kapsam\u0131nda Hatay Valili\u011fi&#8217;ni ziyaret etti.<\/p>\n<p>Sonras\u0131nda Afet Koordinasyon Merkezi&#8217;nde Vali Mustafa Masatl\u0131 ve di\u011fer yetkililerle g\u00f6r\u00fc\u015fen Kac\u0131r, kentteki \u00e7al\u0131\u015fmalar hakk\u0131nda bilgi ald\u0131.<\/p>\n<p>Kac\u0131r, buradaki a\u00e7\u0131klamas\u0131nda, Kahramanmara\u015f merkezli 6 \u015eubat&#8217;taki depremler nedeniyle Hatay&#8217;\u0131n b\u00fcy\u00fck y\u0131k\u0131m ya\u015fad\u0131\u011f\u0131n\u0131, devletin ilk andan itibaren seferberlik i\u00e7erisinde oldu\u011funu s\u00f6yledi.<\/p>\n<p>Afetten etkilenen kentleri aya\u011fa kald\u0131rmay\u0131 hedeflediklerini dile getiren Kac\u0131r, \u015f\u00f6yle devam etti: <\/p>\n<p>&#8220;\u015eehirlerimizin ekonomisini eski g\u00fcnlerine d\u00f6nd\u00fcrmek, \u00fcretim ve rekabet\u00e7iliklerini yeniden kazand\u0131rmak temel gayemiz. Bu nedenle \u00e7ok boyutlu bir \u00e7al\u0131\u015fma y\u00fcr\u00fct\u00fcyoruz. Yat\u0131r\u0131m te\u015fvikleri, organize sanayi b\u00f6lgeleri, KOB\u0130&#8217;ler ve b\u00f6lgesel katk\u0131 projeleri \u00e7al\u0131\u015fmalar\u0131m\u0131z\u0131n 4 ana unsuru. Yat\u0131r\u0131mlar\u0131n h\u0131z kesmemesi, zarar g\u00f6ren yat\u0131r\u0131mlar\u0131n h\u0131zl\u0131ca yerine konulmas\u0131, \u00f6zel destek programlar\u0131m\u0131zda daha h\u0131zl\u0131 ger\u00e7ekle\u015fecek.&#8221;<\/p>\n<p>Kac\u0131r, depremden en \u00e7ok etkilenen t\u00fcm il ve il\u00e7elerde ger\u00e7ekle\u015ftirilecek yat\u0131r\u0131mlara, ekstra faiz ve kar pay\u0131 deste\u011fi uygulamas\u0131 da i\u00e7eren 6. B\u00f6lge Te\u015fvikleri&#8217;nin sa\u011fland\u0131\u011f\u0131n\u0131 belirterek, \u015f\u00f6yle konu\u015ftu:<\/p>\n<p>&#8220;Yat\u0131r\u0131mc\u0131lar\u0131m\u0131za en kapsaml\u0131 te\u015fvik paketlerini Hatay&#8217;da ve deprem b\u00f6lgemizde sunuyoruz. 3 bin 397 ki\u015fiye istihdam sa\u011flayacak ve sabit yat\u0131r\u0131m tutar\u0131 13 milyar liray\u0131 a\u015fan 91 yat\u0131r\u0131ma Hatay&#8217;da cazibe merkezi programlar\u0131m\u0131zda yat\u0131r\u0131m te\u015fvik belgesi d\u00fczenledik. Deprem nedeniyle yat\u0131r\u0131m s\u00fcreci aksayan yat\u0131r\u0131mc\u0131lar\u0131m\u0131z\u0131 ma\u011fdur etmemek ad\u0131na, Hatay&#8217;da yap\u0131lmas\u0131 planlanan yat\u0131r\u0131mlar i\u00e7in d\u00fczenlenen 335 yat\u0131r\u0131m te\u015fvik belgesinin s\u00fcresini talep almaks\u0131z\u0131n 3 y\u0131l uzatt\u0131k. Son olarak da t\u00fcm sa\u011flad\u0131\u011f\u0131m\u0131z deste\u011fe ra\u011fmen yat\u0131r\u0131m\u0131na devam edemeyecek yat\u0131r\u0131mc\u0131lar i\u00e7in d\u00fczenlenen yat\u0131r\u0131m te\u015fvik belgelerini kapanm\u0131\u015f, yat\u0131r\u0131mlar\u0131 tamamlanm\u0131\u015f sayd\u0131k. Bu \u00e7er\u00e7evede, 76 yat\u0131r\u0131m te\u015fvik belgesini yat\u0131r\u0131mc\u0131lara herhangi bir y\u00fck getirmeden kapanm\u0131\u015f sayd\u0131k.&#8221;<\/p>\n<h3>&#8220;4 sanayi sitemizi tamamlayarak 379 adet yeni i\u015f yerini \u015fehrimize kazand\u0131raca\u011f\u0131z&#8221;<\/h3>\n<p>Bakan Kac\u0131r, deprem b\u00f6lgesinin, son 10 y\u0131lda \u00fcretimde b\u00fcy\u00fck at\u0131l\u0131m ger\u00e7ekle\u015ftiren \u015fehirleri bar\u0131nd\u0131rd\u0131\u011f\u0131n\u0131, b\u00f6lgedeki sanayinin \u00e7arklar\u0131n\u0131n eskisinden de h\u0131zl\u0131 d\u00f6nmesinin en b\u00fcy\u00fck arzular\u0131 oldu\u011funu vurgulad\u0131.<\/p>\n<p>Kentin sanayisine y\u00f6nelik \u00e7al\u0131\u015fmalara de\u011finen Kac\u0131r, &#8220;\u015eehrimizin \u00fcretim potansiyelini \u00f6n\u00fcm\u00fczdeki d\u00f6nemde daha da g\u00fc\u00e7l\u00fc hale getirmek i\u00e7in toplamda 192 hektarl\u0131k alana sahip 3 b\u00f6lge Say\u0131n Cumhurba\u015fkan\u0131m\u0131z taraf\u0131ndan sanayi alan\u0131 ilan edildi. Belen Sanayi Alan\u0131, \u0130skenderun Sanayi Alan\u0131 ve K\u0131r\u0131khan Roketsan Sanayi Alan\u0131 \u00f6n\u00fcm\u00fczdeki y\u0131llarda sanayicilerimize ev sahipli\u011fi yaparak \u00fcretimimize g\u00fc\u00e7 katacak. T\u00fcrkiye&#8217;nin Milli Teknoloji Hamlesi&#8217;nin itici g\u00fcc\u00fc olan savunma sanayinin \u00f6nde gelen \u015firketleri aras\u0131nda yer alan Roketsan, burada kuraca\u011f\u0131 \u00fcretim tesisleri ile \u015fehrimizde \u00f6nemli bir istihdam potansiyeli olu\u015fturacak.&#8221; de\u011ferlendirmesinde bulundu.<\/p>\n<p>Kac\u0131r, bir yandan yeni sanayi alanlar\u0131 in\u015fa ederken di\u011fer yandan da y\u0131k\u0131lan alanlar\u0131n yerinde d\u00f6n\u00fc\u015f\u00fcm\u00fcn\u00fc h\u0131zland\u0131racaklar\u0131n\u0131 ifade ederek, \u015funlar\u0131 anlatt\u0131:<\/p>\n<p>&#8220;Y\u0131k\u0131lan veya a\u011f\u0131r hasarl\u0131 i\u015fletmelerimizin yerinde d\u00f6n\u00fc\u015f\u00fcm\u00fc amac\u0131yla Antakya Merkez K\u00fc\u00e7\u00fck Sanayi Sitesi&#8217;nde ilk etapta yakla\u015f\u0131k 400 milyon lira tutar\u0131nda 95 i\u015f yerinin yap\u0131m ihalesini ger\u00e7ekle\u015ftirece\u011fiz. Yat\u0131r\u0131m program\u0131nda yer alan ve \u00e7al\u0131\u015fmalar\u0131 devam eden 4 sanayi sitemizi de en k\u0131sa s\u00fcrede tamamlayarak 379 adet yeni i\u015f yerini \u015fehrimize kazand\u0131raca\u011f\u0131z. Yaln\u0131zca bu 4 sanayi sitesinin toplam proje tutar\u0131 4 milyar 300 milyon lira olacak.&#8221; a\u00e7\u0131klamas\u0131nda bulundu.<\/p>\n<h3>&#8220;Hatay&#8217;da 14 projeye yakla\u015f\u0131k 242 milyon lira destek sa\u011flad\u0131k&#8221;<\/h3>\n<p>Bakan Kac\u0131r, deprem b\u00f6lgesindeki t\u00fcm i\u015fletmeler ve hayat\u0131n\u0131 kaybeden i\u015fletmecilerin, KOSGEB&#8217;e olan 2023 bor\u00e7lar\u0131n\u0131n silindi\u011fini an\u0131msatt\u0131.<\/p>\n<p>Afette zarar g\u00f6ren i\u015f yerleri i\u00e7in ilk 12 ay\u0131 geri \u00f6demesiz 36 ay vadeli Acil Destek Program\u0131&#8217;n\u0131 uygulamaya koyduklar\u0131n\u0131 belirten Kac\u0131r, \u015fu bilgileri verdi:<\/p>\n<p>&#8220;Hatay&#8217;da 781 i\u015fletmemiz bu programdan yararland\u0131. 291 milyon liral\u0131k kredi hacmi olu\u015fturduk ve i\u015fletmelerimize yakla\u015f\u0131k 70 milyon liral\u0131k KOSGEB deste\u011fi sa\u011flad\u0131k. KOB\u0130GEL-KOB\u0130 Geli\u015fim Destek Program\u0131 kapsam\u0131nda ise Hatay&#8217;da 24 i\u015fletmemize yakla\u015f\u0131k 32 milyon liral\u0131k proje deste\u011fi sunduk. Sosyal ve ekonomik uyumu te\u015fvik etmek i\u00e7in \u00d6zel Sekt\u00f6r\u00fcn G\u00fc\u00e7lendirilmesi Projesi \u00e7er\u00e7evesinde Hatay&#8217;dan 129 i\u015fletmeye toplam 129 milyon lira destek sa\u011flayaca\u011f\u0131z. Yak\u0131n d\u00f6nemde imzas\u0131n\u0131 att\u0131\u011f\u0131m\u0131z T\u00fcrkiye Deprem Sonras\u0131 Ekonomik Canlanma Projesi ile KOB\u0130&#8217;lerimizin g\u00fc\u00e7lenmesi i\u00e7in 450 milyon dolar tutar\u0131nda bir D\u00fcnya Bankas\u0131 kayna\u011f\u0131n\u0131 \u00fclkemize kazand\u0131rd\u0131k. Bu finansmanla hasar derecesine ve firma \u00f6l\u00e7e\u011fine ba\u011fl\u0131 olarak 120 binden 500 bin liraya kadar uzanan bir aral\u0131kta KOB\u0130&#8217;lerimize finansman deste\u011fi sa\u011flayaca\u011f\u0131z.&#8221;<\/p>\n<p>Kac\u0131r, destek s\u00fcresi 36 ay olacak programda KOB\u0130&#8217;lerin ilk 2 y\u0131l herhangi bir geri \u00f6deme yapmayaca\u011f\u0131n\u0131, 3 y\u0131l i\u00e7erisindeki \u00f6demelerin faizsiz tahsis edilece\u011fini belirterek, en k\u0131sa s\u00fcrede bu destek paketini kullan\u0131ma a\u00e7may\u0131 arzulad\u0131klar\u0131n\u0131 s\u00f6yledi.<\/p>\n<p>Deprem sonras\u0131nda 1 milyar liral\u0131k ilave kayna\u011f\u0131 afet b\u00f6lgesindeki b\u00f6lgesel kalk\u0131nma projelerine y\u00f6nlendirdiklerini dile getiren Kac\u0131r, &#8220;Hatay&#8217;da 14 projeye yakla\u015f\u0131k 242 milyon lira destek sa\u011flad\u0131k. Gastronomi k\u00fclt\u00fcr\u00fcn\u00fc koruma ve devam ettirme \u00fczere in\u015fa etti\u011fimiz Gastronomi \u00c7ar\u015f\u0131s\u0131, afetten telef olmu\u015f hayvan varl\u0131\u011f\u0131 fazla olan 4 mahallemizde kurdu\u011fumuz s\u00fct so\u011fuk zincir altyap\u0131s\u0131, ayakkab\u0131 sekt\u00f6r\u00fc i\u00e7in kurdu\u011fumuz ortak kullan\u0131m at\u00f6lye yaln\u0131zca bunlardan baz\u0131lar\u0131. Bu desteklerle afetten zarar g\u00f6ren 230 \u00e7ift\u00e7imizin ve 252 sanayici ve esnaf\u0131m\u0131z\u0131n do\u011frudan yararlanaca\u011f\u0131 projeler y\u00fcr\u00fct\u00fcyoruz. Hatay&#8217;\u0131m\u0131za 1000&#8217;in \u00fczerinde istihdam\u0131 bu projelerle yeniden kazand\u0131r\u0131yoruz.&#8221; ifadelerini kulland\u0131.<\/p>\n<p>Sanayi ve Teknoloji Bakan\u0131 Kac\u0131r, hayata ge\u00e7irecekleri yeni projelerle kad\u0131n ve gen\u00e7lerin istihdam\u0131n\u0131 desteklemeyi s\u00fcrd\u00fcreceklerini, T\u00fcrkiye&#8217;de faaliyet g\u00f6steren b\u00fcy\u00fck \u00f6l\u00e7ekli i\u015fletmelerle yak\u0131n i\u015fbirli\u011fi i\u00e7erisinde olacaklar\u0131n\u0131 bildirdi.<\/p>\n<h3>&#8220;Sizi asla yaln\u0131z b\u0131rakmayaca\u011f\u0131m\u0131z\u0131 bilmenizi istiyoruz&#8221;<\/h3>\n<p>Bakan Kac\u0131r, b\u00f6lge insan\u0131n\u0131n ya\u015fad\u0131\u011f\u0131 ac\u0131lar\u0131 ve ihtiya\u00e7lar\u0131n\u0131 bildiklerini aktararak, \u015funlar\u0131 kaydetti:<\/p>\n<p>&#8220;Ba\u015fta Cumhurba\u015fkan\u0131m\u0131z olmak \u00fczere hepimizin akl\u0131nda kalbinde sizler vars\u0131n\u0131z. Ac\u0131lar\u0131n\u0131z\u0131 payla\u015f\u0131yoruz ve yan\u0131n\u0131zda oldu\u011fumuzu, sizi asla yaln\u0131z b\u0131rakmayaca\u011f\u0131m\u0131z\u0131, zorunuzu kolay k\u0131lmak ad\u0131na gerekeni yapaca\u011f\u0131m\u0131z\u0131 bilmenizi istiyoruz. Yaralar\u0131m\u0131z\u0131, devlet ve millet el ele en k\u0131sa s\u00fcrede saraca\u011f\u0131z. Daha \u00f6nce Van&#8217;da, \u0130zmir&#8217;de, Malatya&#8217;da nas\u0131l ba\u015fard\u0131ysak bu b\u00f6lgeyi de h\u0131zl\u0131 bir \u015fekilde aya\u011fa kald\u0131raca\u011f\u0131z. Bundan hi\u00e7 \u015f\u00fcpheniz olmas\u0131n. Rabb&#8217;im \u00fclkemize, milletimize bir daha b\u00f6yle ac\u0131lar ya\u015fatmas\u0131n.&#8221;<\/p>\n<p>                            <span class=\"detay-foto-editor\">&#13;<br \/>\n                                <a href=\"https:\/\/www.aa.com.tr\/tr\/p\/abonelik-talep-formu\/1001\" target=\"_blank\" style=\"font-size:12px; color:#444; text-decoration:none;\" rel=\"noopener\">&#13;<br \/>\n                                    Anadolu Ajans\u0131 web sitesinde, AA Haber Ak\u0131\u015f Sistemi (HAS) \u00fczerinden abonelere sunulan haberler, \u00f6zetlenerek yay\u0131mlanmaktad\u0131r. <b style=\"color:#1897F7\">Abonelik i\u00e7in l\u00fctfen ileti\u015fime ge\u00e7iniz.<\/b>&#13;<br \/>\n                                <\/a>&#13;<br \/>\n                            <\/span>\n                        <\/div>\n<p><script>\n\t  window.fbAsyncInit = function() {\n\t\tFB.init({\n\t\t  appId: '1855843514662870',\n\t\t  status : true, \/\/ check login status\n\t\t  cookie : true, \/\/ enable cookies to allow the server to access the session\n\t\t  xfbml  : true  \/\/ parse XFBML\n\t\t});\n\t  };<\/p>\n<p>\t  (function() {\n\t\tvar e = document.createElement('script');\n\t\te.src=\"https:\/\/connect.facebook.net\/tr_TR\/all.js\";\n\t\te.async = true;\n\t\tdocument.getElementById('fb-root').appendChild(e);\n\t  }());\n    <\/script><br \/>\n<br \/><br \/>\n<br \/><a href=\"https:\/\/www.aa.com.tr\/tr\/ekonomi\/bakan-kacir-hatayda-4-sanayi-sitemizi-de-en-kisa-surede-tamamlayarak-379-adet-yeni-is-yerini-sehrimize-kazandiracagiz\/2961828\">Source link <\/a><\/p>\n","protected":false},"excerpt":{"rendered":"<p>Bakan Kac\u0131r, kentteki program\u0131 kapsam\u0131nda Hatay Valili\u011fi&#8217;ni ziyaret etti. Sonras\u0131nda Afet Koordinasyon Merkezi&#8217;nde Vali Mustafa Masatl\u0131 ve di\u011fer yetkililerle g\u00f6r\u00fc\u015fen Kac\u0131r, kentteki \u00e7al\u0131\u015fmalar hakk\u0131nda bilgi ald\u0131. Kac\u0131r, buradaki a\u00e7\u0131klamas\u0131nda, Kahramanmara\u015f merkezli 6 \u015eubat&#8217;taki depremler nedeniyle Hatay&#8217;\u0131n b\u00fcy\u00fck y\u0131k\u0131m ya\u015fad\u0131\u011f\u0131n\u0131, devletin ilk andan itibaren seferberlik i\u00e7erisinde oldu\u011funu s\u00f6yledi. Afetten etkilenen kentleri aya\u011fa kald\u0131rmay\u0131 hedeflediklerini dile getiren [&hellip;]<\/p>\n","protected":false},"author":1,"featured_media":11225,"comment_status":"","ping_status":"","sticky":false,"template":"","format":"standard","meta":[],"categories":[44],"tags":[],"_links":{"self":[{"href":"https:\/\/kraios.app\/news\/wp-json\/wp\/v2\/posts\/11224"}],"collection":[{"href":"https:\/\/kraios.app\/news\/wp-json\/wp\/v2\/posts"}],"about":[{"href":"https:\/\/kraios.app\/news\/wp-json\/wp\/v2\/types\/post"}],"author":[{"embeddable":true,"href":"https:\/\/kraios.app\/news\/wp-json\/wp\/v2\/users\/1"}],"replies":[{"embeddable":true,"href":"https:\/\/kraios.app\/news\/wp-json\/wp\/v2\/comments?post=11224"}],"version-history":[{"count":0,"href":"https:\/\/kraios.app\/news\/wp-json\/wp\/v2\/posts\/11224\/revisions"}],"wp:featuredmedia":[{"embeddable":true,"href":"https:\/\/kraios.app\/news\/wp-json\/wp\/v2\/media\/11225"}],"wp:attachment":[{"href":"https:\/\/kraios.app\/news\/wp-json\/wp\/v2\/media?parent=11224"}],"wp:term":[{"taxonomy":"category","embeddable":true,"href":"https:\/\/kraios.app\/news\/wp-json\/wp\/v2\/categories?post=11224"},{"taxonomy":"post_tag","embeddable":true,"href":"https:\/\/kraios.app\/news\/wp-json\/wp\/v2\/tags?post=11224"}],"curies":[{"name":"wp","href":"https:\/\/api.w.org\/{rel}","templated":true}]}}