{"id":11219,"date":"2023-08-05T14:47:23","date_gmt":"2023-08-05T14:47:23","guid":{"rendered":"https:\/\/kraios.app\/news\/yasam\/2023\/08\/05\/giresunda-denizde-akintiya-kapilan-kadin-75-saat-suda-sakin-kalip-yuzerek-kurtuldu\/"},"modified":"2023-08-05T14:47:23","modified_gmt":"2023-08-05T14:47:23","slug":"giresunda-denizde-akintiya-kapilan-kadin-75-saat-suda-sakin-kalip-yuzerek-kurtuldu","status":"publish","type":"post","link":"https:\/\/kraios.app\/news\/yasam\/2023\/08\/05\/giresunda-denizde-akintiya-kapilan-kadin-75-saat-suda-sakin-kalip-yuzerek-kurtuldu\/","title":{"rendered":"Giresun&#8217;da denizde ak\u0131nt\u0131ya kap\u0131lan kad\u0131n 7,5 saat suda sakin kal\u0131p y\u00fczerek kurtuldu"},"content":{"rendered":"<p><\/p>\n<div>\n<p>Espiye il\u00e7esinin Sakarya k\u00f6y\u00fcndeki Batak\u00e7ay mevkisine d\u00fcn tek ba\u015f\u0131na gelen 41 ya\u015f\u0131ndaki Feyza Alya Turan, e\u015fyalar\u0131n\u0131 k\u0131y\u0131da b\u0131rakarak \u00f6\u011fle saatlerinde denize girdi. Bir s\u00fcre y\u00fczen Turan, akaryak\u0131t ta\u015f\u0131yan gemilerin demirledi\u011fi b\u00f6lgedeki duban\u0131n oldu\u011fu yerde ak\u0131nt\u0131ya kap\u0131ld\u0131.<\/p>\n<p>Sahildeki bir ki\u015fi, ak\u015fam saatlerinde Turan&#8217;\u0131n s\u00fcrekli \u00e7alan cep telefonunu yan\u0131tlayarak, arayan yak\u0131n\u0131na b\u00f6lgede kimsenin olmad\u0131\u011f\u0131n\u0131 ancak e\u015fyalar bulundu\u011funu s\u00f6yledi.<\/p>\n<p>Turan&#8217;\u0131n denize girdi\u011fi noktaya gelen yak\u0131nlar\u0131, jandarma ve Sahil G\u00fcvenlik ekiplerine ihbarda bulundu. Turan, ekiplerin denizde botla arama yapt\u0131\u011f\u0131 s\u0131rada y\u00fczerek k\u0131y\u0131ya \u00e7\u0131kt\u0131.<\/p>\n<p>Olay yerindeki sa\u011fl\u0131k ekiplerince tedbir amac\u0131yla sevk edildi\u011fi hastanede sa\u011fl\u0131k kontrol\u00fcnden ge\u00e7irilen Turan, daha sonra taburcu edildi.<\/p>\n<p><img decoding=\"async\" alt=\"\" src=\"https:\/\/www.aa.com.tr\/uploads\/userFiles\/96f91bbd-282f-4a24-a12c-1b1092cfeb3b\/009_2023%2F05_2023%2F29_Agustos%2F10%2F20230805_2_59783903_91644799.jpg\"\/><\/p>\n<h3>&#8220;Ak\u015fam \u00fcst\u00fc, &#8216;Herhalde \u00e7\u0131kamayaca\u011f\u0131m&#8217; diye d\u00fc\u015f\u00fcnd\u00fcm&#8221;<\/h3>\n<p>Feyza Alya Turan, gazetecilere, yakla\u015f\u0131k 3 kilometre s\u00fcr\u00fcklendi\u011fini, kurtulmak i\u00e7in hep e\u015fyalar\u0131n\u0131n bulundu\u011fu y\u00f6ne do\u011fru y\u00fczd\u00fc\u011f\u00fcn\u00fc s\u00f6yledi.<\/p>\n<p>Turan, ak\u015fam saatlerinde k\u0131y\u0131da kendisi i\u00e7in bekleyenleri g\u00f6rd\u00fc\u011f\u00fcn\u00fc anlatarak, &#8220;Jandarmay\u0131 g\u00f6r\u00fcyorum, \u0131\u015f\u0131klar\u0131n\u0131 g\u00f6r\u00fcyorum ama ilerleyemiyorum. Ak\u015fam \u00fcst\u00fc, &#8216;Herhalde \u00e7\u0131kamayaca\u011f\u0131m&#8217; diye d\u00fc\u015f\u00fcnd\u00fcm. Sonra yine de m\u00fccadeleme devam ettim. Hep sakin kalarak y\u00fczmeye devam ettim, 7,5 saat bilfiil y\u00fczd\u00fcm. Dinlenme falan yok, baz\u0131 zamanlarda s\u0131rt \u00fcst\u00fc y\u00fczd\u00fcm, pozisyon de\u011fi\u015ftirdim.&#8221; dedi.<\/p>\n<p><img decoding=\"async\" alt=\"\" src=\"https:\/\/www.aa.com.tr\/uploads\/userFiles\/96f91bbd-282f-4a24-a12c-1b1092cfeb3b\/009_2023%2F05_2023%2F29_Agustos%2F10%2F20230805_2_59783903_91644800.jpg\"\/><\/p>\n<p>K\u0131y\u0131ya yakla\u015ft\u0131\u011f\u0131nda bir ki\u015finin kendisini kurtarmak i\u00e7in suya girdi\u011fini anlatan Turan, bu ki\u015fiye iyi oldu\u011funu, y\u00fczebildi\u011fini s\u00f6yleyerek karaya \u00e7\u0131kt\u0131\u011f\u0131n\u0131 ifade etti.<\/p>\n<p>Turan, burada kendisini bekleyen sa\u011fl\u0131k ekipleriyle bir s\u00fcre \u015fakala\u015ft\u0131\u011f\u0131n\u0131 da dile getirerek, 7,5 saatlik y\u00fczme sonras\u0131nda aya\u011fa kalkamad\u0131\u011f\u0131 i\u00e7in hastaneye g\u00f6t\u00fcr\u00fcld\u00fc\u011f\u00fcn\u00fc vurgulad\u0131.<\/p>\n<p>Denizde paniklemedi\u011fini belirten Turan, &#8220;Denizle ilgili bir fobim yok. Bana g\u00f6re deniz karada y\u00fcr\u00fcmek gibi, dalgal\u0131 da olsa, derin de olsa b\u00f6yle korkular\u0131m yok.&#8221; diye konu\u015ftu.<\/p>\n<p><img decoding=\"async\" alt=\"\" src=\"https:\/\/www.aa.com.tr\/uploads\/userFiles\/96f91bbd-282f-4a24-a12c-1b1092cfeb3b\/009_2023%2F05_2023%2F29_Agustos%2F10%2F20230805_2_59783903_91644801.jpg\"\/><\/p>\n<p>Turan, denize gireceklere fazla a\u00e7\u0131lmamalar\u0131n\u0131 tavsiye ederek, &#8220;B\u0131rak\u0131n a\u00e7\u0131lmay\u0131 ak\u0131nt\u0131 oldu\u011fu g\u00fcnlerde bile denize gitmesinler \u00e7\u00fcnk\u00fc ak\u0131nt\u0131 onlar\u0131 hortum gibi \u00e7ekiyor. Alandas\u0131n ama bir metrelik yeri katedemiyorsun, kilometrelerce y\u00fczen bir insan olarak bunu s\u00f6yl\u00fcyorum. Ben \u0130stanbul&#8217;da adalara giderdim, orada \u00e7ok ak\u0131nt\u0131 var, orada bile deniz beni bu \u015fekilde s\u00fcr\u00fcklememi\u015fti.&#8221; ifadelerini kulland\u0131.<\/p>\n<p>Turan, bu t\u00fcr duruma d\u00fc\u015fenlere sakin olmalar\u0131n\u0131 \u00f6nererek, &#8220;Sakin olsunlar, sakin olmayan insan kendisini bo\u011far, korkudan bo\u011fulur, kilitlenir kal\u0131r.&#8221; dedi.<\/p>\n<p>                            <span class=\"detay-foto-editor\">&#13;<br \/>\n                                <a href=\"https:\/\/www.aa.com.tr\/tr\/p\/abonelik-talep-formu\/1001\" target=\"_blank\" style=\"font-size:12px; color:#444; text-decoration:none;\" rel=\"noopener\">&#13;<br \/>\n                                    Anadolu Ajans\u0131 web sitesinde, AA Haber Ak\u0131\u015f Sistemi (HAS) \u00fczerinden abonelere sunulan haberler, \u00f6zetlenerek yay\u0131mlanmaktad\u0131r. <b style=\"color:#1897F7\">Abonelik i\u00e7in l\u00fctfen ileti\u015fime ge\u00e7iniz.<\/b>&#13;<br \/>\n                                <\/a>&#13;<br \/>\n                            <\/span>\n                        <\/div>\n<p><script>\n\t  window.fbAsyncInit = function() {\n\t\tFB.init({\n\t\t  appId: '1855843514662870',\n\t\t  status : true, \/\/ check login status\n\t\t  cookie : true, \/\/ enable cookies to allow the server to access the session\n\t\t  xfbml  : true  \/\/ parse XFBML\n\t\t});\n\t  };<\/p>\n<p>\t  (function() {\n\t\tvar e = document.createElement('script');\n\t\te.src=\"https:\/\/connect.facebook.net\/tr_TR\/all.js\";\n\t\te.async = true;\n\t\tdocument.getElementById('fb-root').appendChild(e);\n\t  }());\n    <\/script><\/p>\n","protected":false},"excerpt":{"rendered":"<p>Espiye il\u00e7esinin Sakarya k\u00f6y\u00fcndeki Batak\u00e7ay mevkisine d\u00fcn tek ba\u015f\u0131na gelen 41 ya\u015f\u0131ndaki Feyza Alya Turan, e\u015fyalar\u0131n\u0131 k\u0131y\u0131da b\u0131rakarak \u00f6\u011fle saatlerinde denize girdi. Bir s\u00fcre y\u00fczen Turan, akaryak\u0131t ta\u015f\u0131yan gemilerin demirledi\u011fi b\u00f6lgedeki duban\u0131n oldu\u011fu yerde ak\u0131nt\u0131ya kap\u0131ld\u0131. Sahildeki bir ki\u015fi, ak\u015fam saatlerinde Turan&#8217;\u0131n s\u00fcrekli \u00e7alan cep telefonunu yan\u0131tlayarak, arayan yak\u0131n\u0131na b\u00f6lgede kimsenin olmad\u0131\u011f\u0131n\u0131 ancak e\u015fyalar bulundu\u011funu [&hellip;]<\/p>\n","protected":false},"author":1,"featured_media":11220,"comment_status":"","ping_status":"","sticky":false,"template":"","format":"standard","meta":[],"categories":[50],"tags":[],"_links":{"self":[{"href":"https:\/\/kraios.app\/news\/wp-json\/wp\/v2\/posts\/11219"}],"collection":[{"href":"https:\/\/kraios.app\/news\/wp-json\/wp\/v2\/posts"}],"about":[{"href":"https:\/\/kraios.app\/news\/wp-json\/wp\/v2\/types\/post"}],"author":[{"embeddable":true,"href":"https:\/\/kraios.app\/news\/wp-json\/wp\/v2\/users\/1"}],"replies":[{"embeddable":true,"href":"https:\/\/kraios.app\/news\/wp-json\/wp\/v2\/comments?post=11219"}],"version-history":[{"count":0,"href":"https:\/\/kraios.app\/news\/wp-json\/wp\/v2\/posts\/11219\/revisions"}],"wp:featuredmedia":[{"embeddable":true,"href":"https:\/\/kraios.app\/news\/wp-json\/wp\/v2\/media\/11220"}],"wp:attachment":[{"href":"https:\/\/kraios.app\/news\/wp-json\/wp\/v2\/media?parent=11219"}],"wp:term":[{"taxonomy":"category","embeddable":true,"href":"https:\/\/kraios.app\/news\/wp-json\/wp\/v2\/categories?post=11219"},{"taxonomy":"post_tag","embeddable":true,"href":"https:\/\/kraios.app\/news\/wp-json\/wp\/v2\/tags?post=11219"}],"curies":[{"name":"wp","href":"https:\/\/api.w.org\/{rel}","templated":true}]}}