{"id":11202,"date":"2023-08-05T14:16:00","date_gmt":"2023-08-05T14:16:00","guid":{"rendered":"https:\/\/kraios.app\/news\/spor\/2023\/08\/05\/amator-ve-sportif-havaciliga-gonul-verenler-eskisehirde-bulustu\/"},"modified":"2023-08-05T14:16:00","modified_gmt":"2023-08-05T14:16:00","slug":"amator-ve-sportif-havaciliga-gonul-verenler-eskisehirde-bulustu","status":"publish","type":"post","link":"https:\/\/kraios.app\/news\/spor\/2023\/08\/05\/amator-ve-sportif-havaciliga-gonul-verenler-eskisehirde-bulustu\/","title":{"rendered":"Amat\u00f6r ve sportif havac\u0131l\u0131\u011fa g\u00f6n\u00fcl verenler Eski\u015fehir&#039;de bulu\u015ftu"},"content":{"rendered":"<p>Eski\u015fehir&#8217;de, Sivrihisar Havac\u0131l\u0131k Kul\u00fcb\u00fc &#8220;Sivrihisar Fly-Inn 2023&#8221; etkinli\u011fi ger\u00e7ekle\u015ftirildi.<\/p>\n","protected":false},"excerpt":{"rendered":"<p>Eski\u015fehir&#8217;de, Sivrihisar Havac\u0131l\u0131k Kul\u00fcb\u00fc &#8220;Sivrihisar Fly-Inn 2023&#8221; etkinli\u011fi ger\u00e7ekle\u015ftirildi.<\/p>\n","protected":false},"author":1,"featured_media":11203,"comment_status":"","ping_status":"","sticky":false,"template":"","format":"standard","meta":[],"categories":[48],"tags":[],"_links":{"self":[{"href":"https:\/\/kraios.app\/news\/wp-json\/wp\/v2\/posts\/11202"}],"collection":[{"href":"https:\/\/kraios.app\/news\/wp-json\/wp\/v2\/posts"}],"about":[{"href":"https:\/\/kraios.app\/news\/wp-json\/wp\/v2\/types\/post"}],"author":[{"embeddable":true,"href":"https:\/\/kraios.app\/news\/wp-json\/wp\/v2\/users\/1"}],"replies":[{"embeddable":true,"href":"https:\/\/kraios.app\/news\/wp-json\/wp\/v2\/comments?post=11202"}],"version-history":[{"count":0,"href":"https:\/\/kraios.app\/news\/wp-json\/wp\/v2\/posts\/11202\/revisions"}],"wp:featuredmedia":[{"embeddable":true,"href":"https:\/\/kraios.app\/news\/wp-json\/wp\/v2\/media\/11203"}],"wp:attachment":[{"href":"https:\/\/kraios.app\/news\/wp-json\/wp\/v2\/media?parent=11202"}],"wp:term":[{"taxonomy":"category","embeddable":true,"href":"https:\/\/kraios.app\/news\/wp-json\/wp\/v2\/categories?post=11202"},{"taxonomy":"post_tag","embeddable":true,"href":"https:\/\/kraios.app\/news\/wp-json\/wp\/v2\/tags?post=11202"}],"curies":[{"name":"wp","href":"https:\/\/api.w.org\/{rel}","templated":true}]}}