{"id":11190,"date":"2023-08-05T11:20:05","date_gmt":"2023-08-05T11:20:05","guid":{"rendered":"https:\/\/kraios.app\/news\/ekonomi\/2023\/08\/05\/ticaret-bakanligindan-piyasa-gozetimi-faaliyetlerine-ve-alinan-tedbirlere-iliskin-aciklama\/"},"modified":"2023-08-05T11:20:05","modified_gmt":"2023-08-05T11:20:05","slug":"ticaret-bakanligindan-piyasa-gozetimi-faaliyetlerine-ve-alinan-tedbirlere-iliskin-aciklama","status":"publish","type":"post","link":"https:\/\/kraios.app\/news\/ekonomi\/2023\/08\/05\/ticaret-bakanligindan-piyasa-gozetimi-faaliyetlerine-ve-alinan-tedbirlere-iliskin-aciklama\/","title":{"rendered":"Ticaret Bakanl\u0131\u011f\u0131ndan piyasa g\u00f6zetimi faaliyetlerine ve al\u0131nan tedbirlere ili\u015fkin a\u00e7\u0131klama"},"content":{"rendered":"<p> <br \/>\n<\/p>\n<div>\n<p>Bakanl\u0131ktan yap\u0131lan a\u00e7\u0131klamada, ihracat\u0131n ge\u00e7en ay temmuz verisi olarak tarihin en y\u00fcksek rakam\u0131 olarak gelmesinin sekt\u00f6rler a\u00e7\u0131s\u0131ndan olumlu oldu\u011funu belirtilerek, baz\u0131 sekt\u00f6r ve \u00fcr\u00fcnlerde ithalat\u0131n art\u0131\u015f\u0131 ve bunun nedenlerinin de g\u00fcndemde yer alarak de\u011ferlendirildi\u011fi vurguland\u0131.<\/p>\n<p>\u0130\u00e7 ticaretteki dengelerin de yak\u0131ndan takip edildi\u011fine i\u015faret edilen a\u00e7\u0131klamada, vatanda\u015flar\u0131n ihtiya\u00e7 duydu\u011fu her \u00fcr\u00fcne rahat\u00e7a ve uygun fiyattan ula\u015fabilmesi i\u00e7in gerekti\u011finde ihracat veya ithalatta \u00fcr\u00fcn bazl\u0131 de\u011fi\u015fikliklere gidebildi\u011fi kaydedildi.<\/p>\n<p>Son zamanlarda k\u00fcresel \u0131s\u0131nma ve bunun neticesinde Akdeniz havzas\u0131ndaki bask\u0131n kurakl\u0131ktan dolay\u0131 \u0130spanya ve \u0130talya ba\u015fta olmak \u00fczere bir\u00e7ok \u00fclkede zeytin ve zeytinya\u011f\u0131 \u00fcretiminin b\u00fcy\u00fck hasar ald\u0131\u011f\u0131 ve k\u00fcresel \u00f6l\u00e7ekte zeytinya\u011f\u0131 fiyatlar\u0131n\u0131n tavan yapt\u0131\u011f\u0131na dikkat \u00e7ekildi.<\/p>\n<p>Bu durumda T\u00fcrkiye&#8217;deki zeytinya\u011f\u0131 ihracat\u00e7\u0131lar\u0131n\u0131n da bu pazardan daha \u00e7ok pay alabilmek i\u00e7in ihracata h\u0131z vermeye ba\u015flad\u0131\u011f\u0131 ifade edilerek, \u015funlar kaydedildi:<\/p>\n<p>&#8220;Ticaret Bakanl\u0131\u011f\u0131 olarak ihracat\u0131m\u0131z\u0131n art\u0131\u015f\u0131 bizi memnun etmi\u015ftir. 2022\/2023 sezonu ilk 9 ay\u0131nda (Kas\u0131m-temmuz d\u00f6nemi) toplam zeytinya\u011f\u0131 ihracat\u0131m\u0131z bir \u00f6nceki sezonun ayn\u0131 d\u00f6nemine g\u00f6re, miktar baz\u0131nda y\u00fczde 240 artarak 136,5 bin ton (632 milyon dolar) olarak ger\u00e7ekle\u015fmi\u015ftir. Kutulu zeytinya\u011f\u0131 ihracat\u0131m\u0131z miktar baz\u0131nda y\u00fczde 3 artarken, d\u00f6kme zeytinya\u011f\u0131 ihracat\u0131m\u0131z yakla\u015f\u0131k 5,5 kat (y\u00fczde 536), varilli ihracat\u0131m\u0131z 4 kat (y\u00fczde 394) artm\u0131\u015ft\u0131r. \u0130spanya&#8217;ya ihracat\u0131m\u0131z 21 kat, \u0130talya&#8217;ya ihracat\u0131m\u0131z ise 44 kat y\u00fckselmi\u015ftir. Ancak son haftalara do\u011fru hem ihracattaki b\u00fcy\u00fck art\u0131\u015f, hem de i\u00e7 t\u00fcketim piyasas\u0131nda stok\u00e7uluk yoluyla ve arz tedariki endi\u015fesi gerek\u00e7esiyle zeytinya\u011f\u0131 fiyatlar\u0131n\u0131n h\u0131zla artmaya ba\u015flad\u0131\u011f\u0131n\u0131 g\u00f6zlemleyen Bakanl\u0131\u011f\u0131m\u0131z, bir Akdeniz \u00fclkesi olan T\u00fcrkiyemizde halk\u0131m\u0131z\u0131n zeytinya\u011f\u0131n\u0131 t\u00fcm d\u00fcnyadaki gibi \u00e7ok y\u00fcksek fiyatlardan t\u00fcketmemesi amac\u0131yla 19 Temmuz 2023 tarihinde litrede 20 cent fon kesintisi uygulamas\u0131 getirmek zorunda kalm\u0131\u015ft\u0131.&#8221;<\/p>\n<p>\u0130hracat\u00e7\u0131, \u00fcretici ve t\u00fcketici kesimlerle yap\u0131lan isti\u015fareler, Tar\u0131m ve Orman Bakanl\u0131\u011f\u0131 ile y\u00fcr\u00fct\u00fclen koordinasyon \u00e7er\u00e7evesinde, 31 Temmuz&#8217;da, yeni hasat d\u00f6nemi ba\u015flay\u0131ncaya kadar, d\u00f6kme ve varilli zeytinya\u011f\u0131 ihracat\u0131na kay\u0131t verme i\u015fleminin durduruldu\u011fu hat\u0131rlat\u0131larak, &#8220;Kutulu ambalajl\u0131 katma de\u011feri y\u00fcksek zeytinya\u011f\u0131 ihracat\u0131m\u0131zda k\u0131s\u0131tlama yoktur. Bolluk d\u00f6neminde zeytinya\u011f\u0131 ihracat\u0131m\u0131z\u0131n katma de\u011ferli ve y\u00fcksek fiyatl\u0131 olmas\u0131ndan memnuniyet duyar\u0131z. Ancak i\u00e7 t\u00fcketimde vatanda\u015f\u0131m\u0131z\u0131n y\u00fcksek fiyatla ma\u011fdur edilmesine de g\u00f6z yummay\u0131z. Nitekim varilli ve d\u00f6kme zeytinya\u011f\u0131n\u0131n ihracat\u0131n\u0131 k\u0131s\u0131tlama karar\u0131m\u0131z, k\u0131sa s\u00fcrede i\u00e7 piyasadaki y\u00fckselmi\u015f fiyatlar\u0131 geriye \u00e7ekecektir.&#8221; ifadeleri kullan\u0131ld\u0131.<\/p>\n<p>Yeni sezonda Akdeniz\u2019deki kurakl\u0131k devam eder ve zeytin \u00fcretimi d\u00fc\u015f\u00fck gelirse, bu durumda zeytinya\u011f\u0131n\u0131n daha da hassas bir \u00fcr\u00fcn olaca\u011f\u0131n\u0131n alt\u0131 \u00e7izilerek, devletin ve ilgili t\u00fcm bakanl\u0131klar\u0131n bu \u00fcr\u00fcn\u00fcn \u00fcretimi ve vatanda\u015fa ula\u015fmas\u0131 i\u00e7in daha farkl\u0131 tedbirler almas\u0131n\u0131n gerekebilece\u011fi belirtildi.<\/p>\n<h3>Karar, i\u00e7 t\u00fcketimde fiyatlar\u0131 d\u00fc\u015f\u00fcrmeyi, ihracatta katma de\u011feri art\u0131rmay\u0131 ama\u00e7l\u0131yor<\/h3>\n<p>Bakanl\u0131\u011f\u0131n, Tar\u0131m ve Orman Bakanl\u0131\u011f\u0131 ile isti\u015fare ve koordinasyon i\u00e7inde, \u00fcretim t\u00fcketim, ihracat ve ithalat rakamlar\u0131 baz\u0131nda, arz talep ve stoktaki rakamlar\u0131 dikkatle takip ederek, i\u00e7 fiyat d\u00fczeyi ve ihracat art\u0131\u015f\u0131 aras\u0131nda dengeli bir politika s\u00fcrd\u00fcrd\u00fc\u011f\u00fc belirtilen a\u00e7\u0131klamada, &#8220;Kararla zeytinya\u011f\u0131nda i\u00e7 t\u00fcketimde fiyat\u0131n d\u00fc\u015f\u00fcr\u00fclerek vatanda\u015f\u0131m\u0131z\u0131 korumay\u0131 ve ihracat\u00e7\u0131m\u0131z\u0131 kutulu ambalajl\u0131 olarak katma de\u011feri y\u00fcksek fiyatl\u0131 zeytinya\u011f\u0131 ihracat\u0131na y\u00f6neltmeyi ama\u00e7l\u0131yoruz. Bu karar, yeni hasat d\u00f6nemine kadar ve sadece d\u00f6kme ve varilli zeytinya\u011f\u0131 ihracat\u0131na kay\u0131t vermeme uygulamas\u0131d\u0131r. Kutulu ambalajl\u0131 ihracatta k\u0131s\u0131tlama yoktur. \u00d6nceli\u011fimiz, halk\u0131m\u0131z\u0131n menfaatleridir ve bu a\u00e7\u0131dan at\u0131lan ad\u0131mlar\u0131n etkileri ve sonu\u00e7lar\u0131 anl\u0131k takip edilerek s\u00fcre\u00e7 y\u00fcr\u00fct\u00fclmektedir.&#8221; de\u011ferlendirmelerine yer verildi.<\/p>\n<h3>&#8220;Tar\u0131mda bir\u00e7ok \u00fcr\u00fcnde istenilen d\u00fczeyde \u00fcretim art\u0131\u015f\u0131 ger\u00e7ekle\u015fti&#8221;<\/h3>\n<p>A\u00e7\u0131klamada, di\u011fer tar\u0131msal \u00fcr\u00fcnlerin \u00fcretim ger\u00e7ekle\u015fmelerine de de\u011finilerek, tar\u0131m sekt\u00f6r\u00fcnde ve g\u0131da \u00fcr\u00fcnlerinde dengenin b\u00fcy\u00fck \u00e7o\u011funlukla iklim ve meteorolojik \u015fartlardan etkilendi\u011fi bildirildi.<\/p>\n<p>K\u0131\u015f\u0131n durgun ve kurak ge\u00e7mesinin ba\u015fta bu\u011fday olmak \u00fczere tah\u0131l \u00fcr\u00fcnlerinde karar al\u0131c\u0131lar\u0131 endi\u015feye sevk etti\u011fi belirtilerek, ilkbahar aylar\u0131ndaki verimli ya\u011f\u0131\u015flar ve h\u00fck\u00fcmetin \u00fcretim ve fiyat destekleri neticesinde tar\u0131mda bir\u00e7ok \u00fcr\u00fcnde istenilen d\u00fczeyde \u00fcretim art\u0131\u015f\u0131 ger\u00e7ekle\u015fti\u011fi vurguland\u0131.<\/p>\n<p>En \u00f6nemli \u00fcr\u00fcnlerden tah\u0131llarda, bu\u011fday ve un fiyatlar\u0131 i\u00e7in bir olumsuzluk olu\u015fmad\u0131\u011f\u0131 bilgisi verildi.<\/p>\n<h3>Ara\u00e7 stok\u00e7ulu\u011funda en \u00fcst limitte cezalar uygulan\u0131yor<\/h3>\n<p>Ankara&#8217;da ve \u0130stanbul&#8217;da ara\u00e7 stok\u00e7ulu\u011fu yap\u0131ld\u0131\u011f\u0131na dair baz\u0131 ihbarlar\u0131n Bakanl\u0131\u011fa geldi\u011fi ve takip edildi\u011fi bildirilerek, bu konuda kanunlar\u0131n Ticaret Bakanl\u0131\u011f\u0131na verdi\u011fi yetki \u00e7er\u00e7evesinde en \u00fcst limitte cezalar uyguland\u0131\u011f\u0131 ifade edildi.<\/p>\n<p>\u00d6te yandan, yaz mevsiminde turizm yo\u011funlu\u011funun art\u0131\u015f\u0131ndan dolay\u0131 turistik b\u00f6lgelerde fahi\u015f fiyat uygulayan baz\u0131 i\u015fletmelerin oldu\u011fu belirtilerek, ayr\u0131ca m\u00fc\u015fteriler aras\u0131nda ayr\u0131mc\u0131l\u0131k yapan i\u015fletmelerle ilgili \u015fikayetler geldi\u011fi bildirildi.<\/p>\n<p>A\u00e7\u0131klamada, \u015f\u00f6yle denildi:<\/p>\n<p>&#8220;\u00d6zellikle \u0130nsanlara k\u0131l\u0131k k\u0131yafet, ya\u015fam bi\u00e7imi, etnik k\u00f6ken ya da inan\u0131\u015flar\u0131 \u00fczerinden &#8216;\u015fu tarz insanlar buraya giremez&#8217; \u015feklinde insanl\u0131k d\u0131\u015f\u0131 uygulama yapanlar hakk\u0131nda en a\u011f\u0131r m\u00fceyyidelerin uygulanmas\u0131 i\u00e7in de gerekli denetim ve \u00e7al\u0131\u015fmalar devam etmektedir. Vatanda\u015flar\u0131m\u0131zdan iste\u011fimiz bu t\u00fcr \u00e7a\u011f d\u0131\u015f\u0131 giri\u015fimler dahil olmak \u00fczere her t\u00fcrl\u00fc \u00f6l\u00e7\u00fc d\u0131\u015f\u0131 uygulamay\u0131 an\u0131nda yerel y\u00f6netimlerimize ve Ticaret Bakanl\u0131\u011f\u0131m\u0131za bildirmeleridir. Gerekenin yap\u0131laca\u011f\u0131ndan kimsenin \u015f\u00fcphesi olmas\u0131n.&#8221;<\/p>\n<p>                            <span class=\"detay-foto-editor\">&#13;<br \/>\n                                <a href=\"https:\/\/www.aa.com.tr\/tr\/p\/abonelik-talep-formu\/1001\" target=\"_blank\" style=\"font-size:12px; color:#444; text-decoration:none;\" rel=\"noopener\">&#13;<br \/>\n                                    Anadolu Ajans\u0131 web sitesinde, AA Haber Ak\u0131\u015f Sistemi (HAS) \u00fczerinden abonelere sunulan haberler, \u00f6zetlenerek yay\u0131mlanmaktad\u0131r. <b style=\"color:#1897F7\">Abonelik i\u00e7in l\u00fctfen ileti\u015fime ge\u00e7iniz.<\/b>&#13;<br \/>\n                                <\/a>&#13;<br \/>\n                            <\/span>\n                        <\/div>\n<p><script>\n\t  window.fbAsyncInit = function() {\n\t\tFB.init({\n\t\t  appId: '1855843514662870',\n\t\t  status : true, \/\/ check login status\n\t\t  cookie : true, \/\/ enable cookies to allow the server to access the session\n\t\t  xfbml  : true  \/\/ parse XFBML\n\t\t});\n\t  };<\/p>\n<p>\t  (function() {\n\t\tvar e = document.createElement('script');\n\t\te.src=\"https:\/\/connect.facebook.net\/tr_TR\/all.js\";\n\t\te.async = true;\n\t\tdocument.getElementById('fb-root').appendChild(e);\n\t  }());\n    <\/script><br \/>\n<br \/><br \/>\n<br \/><a href=\"https:\/\/www.aa.com.tr\/tr\/ekonomi\/ticaret-bakanligindan-piyasa-gozetimi-faaliyetlerine-ve-alinan-tedbirlere-iliskin-aciklama\/2961818\">Source link <\/a><\/p>\n","protected":false},"excerpt":{"rendered":"<p>Bakanl\u0131ktan yap\u0131lan a\u00e7\u0131klamada, ihracat\u0131n ge\u00e7en ay temmuz verisi olarak tarihin en y\u00fcksek rakam\u0131 olarak gelmesinin sekt\u00f6rler a\u00e7\u0131s\u0131ndan olumlu oldu\u011funu belirtilerek, baz\u0131 sekt\u00f6r ve \u00fcr\u00fcnlerde ithalat\u0131n art\u0131\u015f\u0131 ve bunun nedenlerinin de g\u00fcndemde yer alarak de\u011ferlendirildi\u011fi vurguland\u0131. \u0130\u00e7 ticaretteki dengelerin de yak\u0131ndan takip edildi\u011fine i\u015faret edilen a\u00e7\u0131klamada, vatanda\u015flar\u0131n ihtiya\u00e7 duydu\u011fu her \u00fcr\u00fcne rahat\u00e7a ve uygun fiyattan ula\u015fabilmesi [&hellip;]<\/p>\n","protected":false},"author":1,"featured_media":11191,"comment_status":"","ping_status":"","sticky":false,"template":"","format":"standard","meta":[],"categories":[44],"tags":[],"_links":{"self":[{"href":"https:\/\/kraios.app\/news\/wp-json\/wp\/v2\/posts\/11190"}],"collection":[{"href":"https:\/\/kraios.app\/news\/wp-json\/wp\/v2\/posts"}],"about":[{"href":"https:\/\/kraios.app\/news\/wp-json\/wp\/v2\/types\/post"}],"author":[{"embeddable":true,"href":"https:\/\/kraios.app\/news\/wp-json\/wp\/v2\/users\/1"}],"replies":[{"embeddable":true,"href":"https:\/\/kraios.app\/news\/wp-json\/wp\/v2\/comments?post=11190"}],"version-history":[{"count":0,"href":"https:\/\/kraios.app\/news\/wp-json\/wp\/v2\/posts\/11190\/revisions"}],"wp:featuredmedia":[{"embeddable":true,"href":"https:\/\/kraios.app\/news\/wp-json\/wp\/v2\/media\/11191"}],"wp:attachment":[{"href":"https:\/\/kraios.app\/news\/wp-json\/wp\/v2\/media?parent=11190"}],"wp:term":[{"taxonomy":"category","embeddable":true,"href":"https:\/\/kraios.app\/news\/wp-json\/wp\/v2\/categories?post=11190"},{"taxonomy":"post_tag","embeddable":true,"href":"https:\/\/kraios.app\/news\/wp-json\/wp\/v2\/tags?post=11190"}],"curies":[{"name":"wp","href":"https:\/\/api.w.org\/{rel}","templated":true}]}}