{"id":11188,"date":"2023-08-05T10:20:04","date_gmt":"2023-08-05T10:20:04","guid":{"rendered":"https:\/\/kraios.app\/news\/spor\/2023\/08\/05\/manchester-city-josko-gvardiolu-kadrosuna-katti\/"},"modified":"2023-08-05T10:20:04","modified_gmt":"2023-08-05T10:20:04","slug":"manchester-city-josko-gvardiolu-kadrosuna-katti","status":"publish","type":"post","link":"https:\/\/kraios.app\/news\/spor\/2023\/08\/05\/manchester-city-josko-gvardiolu-kadrosuna-katti\/","title":{"rendered":"Manchester City, Josko Gvardiol&#039;u kadrosuna katt\u0131"},"content":{"rendered":"<p>\u0130ngiltere Premier Lig&#8217;de son 3 y\u0131l\u0131n \u015fampiyonu Manchester City, Alman kul\u00fcb\u00fc Leipzig&#8217;in H\u0131rvat stoperi Josko Gvardiol&#8217;u transfer etti.<\/p>\n","protected":false},"excerpt":{"rendered":"<p>\u0130ngiltere Premier Lig&#8217;de son 3 y\u0131l\u0131n \u015fampiyonu Manchester City, Alman kul\u00fcb\u00fc Leipzig&#8217;in H\u0131rvat stoperi Josko Gvardiol&#8217;u transfer etti.<\/p>\n","protected":false},"author":1,"featured_media":11189,"comment_status":"","ping_status":"","sticky":false,"template":"","format":"standard","meta":[],"categories":[48],"tags":[],"_links":{"self":[{"href":"https:\/\/kraios.app\/news\/wp-json\/wp\/v2\/posts\/11188"}],"collection":[{"href":"https:\/\/kraios.app\/news\/wp-json\/wp\/v2\/posts"}],"about":[{"href":"https:\/\/kraios.app\/news\/wp-json\/wp\/v2\/types\/post"}],"author":[{"embeddable":true,"href":"https:\/\/kraios.app\/news\/wp-json\/wp\/v2\/users\/1"}],"replies":[{"embeddable":true,"href":"https:\/\/kraios.app\/news\/wp-json\/wp\/v2\/comments?post=11188"}],"version-history":[{"count":0,"href":"https:\/\/kraios.app\/news\/wp-json\/wp\/v2\/posts\/11188\/revisions"}],"wp:featuredmedia":[{"embeddable":true,"href":"https:\/\/kraios.app\/news\/wp-json\/wp\/v2\/media\/11189"}],"wp:attachment":[{"href":"https:\/\/kraios.app\/news\/wp-json\/wp\/v2\/media?parent=11188"}],"wp:term":[{"taxonomy":"category","embeddable":true,"href":"https:\/\/kraios.app\/news\/wp-json\/wp\/v2\/categories?post=11188"},{"taxonomy":"post_tag","embeddable":true,"href":"https:\/\/kraios.app\/news\/wp-json\/wp\/v2\/tags?post=11188"}],"curies":[{"name":"wp","href":"https:\/\/api.w.org\/{rel}","templated":true}]}}