{"id":11184,"date":"2023-08-05T07:20:05","date_gmt":"2023-08-05T07:20:05","guid":{"rendered":"https:\/\/kraios.app\/news\/gundem\/2023\/08\/05\/100-yil-cumhuriyet-bisiklet-turunun-cankiri-ankara-etabi-basladi\/"},"modified":"2023-08-05T07:20:05","modified_gmt":"2023-08-05T07:20:05","slug":"100-yil-cumhuriyet-bisiklet-turunun-cankiri-ankara-etabi-basladi","status":"publish","type":"post","link":"https:\/\/kraios.app\/news\/gundem\/2023\/08\/05\/100-yil-cumhuriyet-bisiklet-turunun-cankiri-ankara-etabi-basladi\/","title":{"rendered":"100. Y\u0131l Cumhuriyet Bisiklet Turu&#8217;nun \u00c7ank\u0131r\u0131-Ankara etab\u0131 ba\u015flad\u0131"},"content":{"rendered":"<p><\/p>\n<div>\n<p>Belediye Meydan\u0131&#8217;nda etab\u0131n ba\u015flang\u0131c\u0131 \u00f6ncesinde d\u00fczenlenen t\u00f6rende imza seremonisi ger\u00e7ekle\u015ftirildi, Ahi Yaran Meclisi Gen\u00e7lik E\u011fitim K\u00fclt\u00fcr ve Dayan\u0131\u015fma Derne\u011fi taraf\u0131ndan yaran g\u00f6sterisi sunuldu.<\/p>\n<p>Vali Abdullah Ayaz, burada yapt\u0131\u011f\u0131 konu\u015fmada, \u00c7ank\u0131r\u0131&#8217;n\u0131n istiklal yolunun \u00e7ok \u00f6nemli bir par\u00e7as\u0131 oldu\u011funu s\u00f6yledi.<\/p>\n<p>B\u00f6yle bir etkinli\u011fe ev sahipli\u011fi yapmaktan dolay\u0131 mutluluk duyduklar\u0131n\u0131 dile getiren Ayaz, &#8220;Ben hem sizlere hem eme\u011fi ge\u00e7en herkese ve birazdan 175 kilometre pedal \u00e7evirecek olan sporcular\u0131m\u0131za \u00e7ok te\u015fekk\u00fcr ediyorum. \u0130n\u015fallah cumhuriyetimizin y\u00fcz\u00fcnc\u00fc y\u0131l\u0131na yak\u0131\u015f\u0131r etkinlikler hem ilimizde hem \u00fclkemizde en g\u00fczel \u015fekilde devam edecek. Biz bu y\u00fcz\u00fcnc\u00fc y\u0131la yak\u0131\u015f\u0131r bir \u015fekilde bu y\u0131l\u0131 in\u015fallah ihya edece\u011fiz.&#8221; dedi.<\/p>\n<p><img decoding=\"async\" alt=\"\" src=\"https:\/\/www.aa.com.tr\/uploads\/userFiles\/76bad36d-1411-48e8-a1ae-b65e58872c06\/01.05%2F15%2F1%2F20230805_2_59779526_91631715.jpg\"\/><\/p>\n<p>\u00c7ank\u0131r\u0131 Belediye Ba\u015fkan\u0131 \u0130smail Hakk\u0131 Esen de \u00e7ok g\u00fczel bir etkinli\u011fe ev sahipli yapt\u0131klar\u0131n\u0131 dile getirdi.<\/p>\n<p>\u00c7ank\u0131r\u0131&#8217;n\u0131n kurtulu\u015f m\u00fccadelesinde \u0130nebolu&#8217;dan Ankara&#8217;ya giden yolda b\u00fcy\u00fck m\u00fccadeleler verdi\u011fine dikkati \u00e7eken Esen, &#8220;Buradan annelerin s\u0131rt\u0131nda cephaneler ta\u015f\u0131nm\u0131\u015f, ordusuna, milletine, vatan\u0131na, ba\u011f\u0131ms\u0131zl\u0131k m\u00fccadelesi veren askerlerine buradan te\u00e7hizat, giyim ku\u015fam ve g\u0131da yard\u0131m\u0131nda bulunmu\u015f bir \u015fehirdesiniz. \u0130n\u015fallah kazas\u0131z belas\u0131z son etap tamamlanarak bayra\u011f\u0131m\u0131z\u0131 meclise ta\u015f\u0131r\u0131z.&#8221; diye konu\u015ftu.<\/p>\n<p>T\u00fcrkiye Bisiklet Federasyonu As Ba\u015fkan\u0131 Bahattin Aky\u00f6n de turun milli bir heyecanla d\u00fczenlendi\u011fini ifade etti.<\/p>\n<p><img decoding=\"async\" alt=\"\" src=\"https:\/\/www.aa.com.tr\/uploads\/userFiles\/76bad36d-1411-48e8-a1ae-b65e58872c06\/01.05%2F15%2F1%2F20230805_2_59779526_91631719.jpg\"\/><\/p>\n<p>Se\u00e7ilen 7 il ve 5 etab\u0131n bir duygu, bir co\u015fku oldu\u011funu belirten Aky\u00f6n, &#8220;Bu tur bir co\u015fkudur, bir cumhuriyet yoludur, bir gelece\u011fe, gen\u00e7lerimize verilen mesajd\u0131r. T\u00fcrkiye Bisiklet Federasyonu olarak bunu yapt\u0131\u011f\u0131m\u0131zdan dolay\u0131 gururluyuz.&#8221; ifadelerini kulland\u0131.<\/p>\n<p>Konu\u015fmalar\u0131n ard\u0131ndan Vali Ayaz, genel klasman lideri sar\u0131 mayo sahibi Beykoz Belediyesi Spor Kul\u00fcb\u00fc sporcusu Maximilian Stedman&#8217;a T\u00fcrk bayra\u011f\u0131n\u0131 \u00f6perek teslim etti.<\/p>\n<p>Sporcular daha sonra \u00c7ank\u0131r\u0131-Ankara etab\u0131 i\u00e7in kurulan ba\u015flang\u0131\u00e7 \u00e7izgisinden Ankara&#8217;ya ula\u015fmak i\u00e7in hareket etti.<\/p>\n<p>                            <span class=\"detay-foto-editor\">&#13;<br \/>\n                                <a href=\"https:\/\/www.aa.com.tr\/tr\/p\/abonelik-talep-formu\/1001\" target=\"_blank\" style=\"font-size:12px; color:#444; text-decoration:none;\" rel=\"noopener\">&#13;<br \/>\n                                    Anadolu Ajans\u0131 web sitesinde, AA Haber Ak\u0131\u015f Sistemi (HAS) \u00fczerinden abonelere sunulan haberler, \u00f6zetlenerek yay\u0131mlanmaktad\u0131r. <b style=\"color:#1897F7\">Abonelik i\u00e7in l\u00fctfen ileti\u015fime ge\u00e7iniz.<\/b>&#13;<br \/>\n                                <\/a>&#13;<br \/>\n                            <\/span>\n                        <\/div>\n<p><script>\n\t  window.fbAsyncInit = function() {\n\t\tFB.init({\n\t\t  appId: '1855843514662870',\n\t\t  status : true, \/\/ check login status\n\t\t  cookie : true, \/\/ enable cookies to allow the server to access the session\n\t\t  xfbml  : true  \/\/ parse XFBML\n\t\t});\n\t  };<\/p>\n<p>\t  (function() {\n\t\tvar e = document.createElement('script');\n\t\te.src=\"https:\/\/connect.facebook.net\/tr_TR\/all.js\";\n\t\te.async = true;\n\t\tdocument.getElementById('fb-root').appendChild(e);\n\t  }());\n    <\/script><\/p>\n","protected":false},"excerpt":{"rendered":"<p>Belediye Meydan\u0131&#8217;nda etab\u0131n ba\u015flang\u0131c\u0131 \u00f6ncesinde d\u00fczenlenen t\u00f6rende imza seremonisi ger\u00e7ekle\u015ftirildi, Ahi Yaran Meclisi Gen\u00e7lik E\u011fitim K\u00fclt\u00fcr ve Dayan\u0131\u015fma Derne\u011fi taraf\u0131ndan yaran g\u00f6sterisi sunuldu. Vali Abdullah Ayaz, burada yapt\u0131\u011f\u0131 konu\u015fmada, \u00c7ank\u0131r\u0131&#8217;n\u0131n istiklal yolunun \u00e7ok \u00f6nemli bir par\u00e7as\u0131 oldu\u011funu s\u00f6yledi. B\u00f6yle bir etkinli\u011fe ev sahipli\u011fi yapmaktan dolay\u0131 mutluluk duyduklar\u0131n\u0131 dile getiren Ayaz, &#8220;Ben hem sizlere hem eme\u011fi [&hellip;]<\/p>\n","protected":false},"author":1,"featured_media":11185,"comment_status":"","ping_status":"","sticky":false,"template":"","format":"standard","meta":[],"categories":[1],"tags":[],"_links":{"self":[{"href":"https:\/\/kraios.app\/news\/wp-json\/wp\/v2\/posts\/11184"}],"collection":[{"href":"https:\/\/kraios.app\/news\/wp-json\/wp\/v2\/posts"}],"about":[{"href":"https:\/\/kraios.app\/news\/wp-json\/wp\/v2\/types\/post"}],"author":[{"embeddable":true,"href":"https:\/\/kraios.app\/news\/wp-json\/wp\/v2\/users\/1"}],"replies":[{"embeddable":true,"href":"https:\/\/kraios.app\/news\/wp-json\/wp\/v2\/comments?post=11184"}],"version-history":[{"count":0,"href":"https:\/\/kraios.app\/news\/wp-json\/wp\/v2\/posts\/11184\/revisions"}],"wp:featuredmedia":[{"embeddable":true,"href":"https:\/\/kraios.app\/news\/wp-json\/wp\/v2\/media\/11185"}],"wp:attachment":[{"href":"https:\/\/kraios.app\/news\/wp-json\/wp\/v2\/media?parent=11184"}],"wp:term":[{"taxonomy":"category","embeddable":true,"href":"https:\/\/kraios.app\/news\/wp-json\/wp\/v2\/categories?post=11184"},{"taxonomy":"post_tag","embeddable":true,"href":"https:\/\/kraios.app\/news\/wp-json\/wp\/v2\/tags?post=11184"}],"curies":[{"name":"wp","href":"https:\/\/api.w.org\/{rel}","templated":true}]}}