{"id":11182,"date":"2023-08-05T05:20:05","date_gmt":"2023-08-05T05:20:05","guid":{"rendered":"https:\/\/kraios.app\/news\/ekonomi\/2023\/08\/05\/hatayin-eskisinden-daha-guzel-bir-modern-sehir-konumuna-gelmesi-icin-canla-basla-calisiyoruz\/"},"modified":"2023-08-05T05:20:05","modified_gmt":"2023-08-05T05:20:05","slug":"hatayin-eskisinden-daha-guzel-bir-modern-sehir-konumuna-gelmesi-icin-canla-basla-calisiyoruz","status":"publish","type":"post","link":"https:\/\/kraios.app\/news\/ekonomi\/2023\/08\/05\/hatayin-eskisinden-daha-guzel-bir-modern-sehir-konumuna-gelmesi-icin-canla-basla-calisiyoruz\/","title":{"rendered":"Hatay&#8217;\u0131n eskisinden daha g\u00fczel bir modern \u015fehir konumuna gelmesi i\u00e7in canla ba\u015fla \u00e7al\u0131\u015f\u0131yoruz"},"content":{"rendered":"<p> <br \/>\n<\/p>\n<div>\n<p><strong>Ticaret Bakan\u0131 \u00d6mer Bolat,<\/strong> Afet Koordinasyon Merkezi&#8217;nde Vali Mustafa Masatl\u0131 ve di\u011fer yetkililerle g\u00f6r\u00fc\u015ferek, kentteki \u00e7al\u0131\u015fmalar hakk\u0131nda bilgi ald\u0131.<\/p>\n<p>Daha sonra a\u00e7\u0131klamada bulunan Bolat, Kahramanmara\u015f merkezli 11 ilin etkilendi\u011fi depremin \u00fcst\u00fcnden 6 ay ge\u00e7ti\u011fini an\u0131msatt\u0131.<\/p>\n<p>Cumhurba\u015fkan\u0131 Recep Tayyip Erdo\u011fan&#8217;\u0131n koordinasyonunda depremin ilk saatlerinden itibaren 11 \u015fehirde \u00e7al\u0131\u015fmalar y\u00fcr\u00fct\u00fcld\u00fc\u011f\u00fcn\u00fc aktaran Bolat, deprem sonras\u0131 her kesimin g\u00fczel dayan\u0131\u015fma \u00f6rne\u011fi g\u00f6sterdi\u011fini ifade etti.<\/p>\n<p>Bolat, y\u0131k\u0131m\u0131n b\u00fcy\u00fckl\u00fc\u011f\u00fcne dikkati \u00e7ekerek, &#8220;Hazine ve Maliye Bakanl\u0131\u011f\u0131m\u0131z\u0131n ve Strateji ve B\u00fct\u00e7e Ba\u015fkanl\u0131\u011f\u0131n\u0131n mart ay\u0131nda haz\u0131rlad\u0131\u011f\u0131 ayr\u0131 ayr\u0131 raporlar\u0131na g\u00f6re 102 trilyon lira maliyet s\u00f6z konusu. Bu rakam T\u00fcrkiye Cumhuriyeti&#8217;nin 2023 b\u00fct\u00e7esinin y\u00fczde 45&#8217;ini olu\u015fturmaktad\u0131r. Yani T\u00fcrkiye b\u00fct\u00e7esinin yar\u0131ya yak\u0131n\u0131nda bir maliyet, bu devasa felaketin maliyeti konumunda. Bunu da devlet\u00e7e, millet\u00e7e birlikte kar\u015f\u0131lama, bu b\u00f6lgeleri aya\u011fa kald\u0131rmak durumunday\u0131z.&#8221; diye konu\u015ftu.<\/p>\n<p>D\u00fcn Kahramanmara\u015f, bug\u00fcn de Hatay&#8217;daki ziyaretlerinde yetkililerle g\u00f6r\u00fc\u015ft\u00fcklerini anlatan Bolat, tesisleri gezip talepleri toplad\u0131klar\u0131n\u0131 bildirdi.<\/p>\n<p>Cumhurba\u015fkan\u0131 Erdo\u011fan&#8217;\u0131n &#8220;Deprem b\u00f6lgesine \u00f6ncelik verilmesi&#8221; talimat\u0131 ald\u0131klar\u0131n\u0131 an\u0131msatan Bolat, &#8220;Biz de gerek kendi g\u00f6rev ve sorumluluklar\u0131m\u0131z\u0131n gere\u011fi gerekse h\u00fck\u00fcmetimizin bu konudaki \u00f6nceli\u011fi nedeniyle her zaman bu konuda \u00e7al\u0131\u015fmalar yap\u0131yoruz. Depremden sonra ge\u00e7en 6 ayda Allah&#8217;a \u015f\u00fck\u00fcr b\u00f6lgenin yeniden imar\u0131, y\u0131k\u0131m\u0131n kald\u0131r\u0131lmas\u0131 ve vatanda\u015flar\u0131m\u0131za y\u00f6nelik hizmetler noktas\u0131nda olumlu geli\u015fmeleri g\u00f6rmekten b\u00fcy\u00fck bir memnuniyet duyduk. Bu minvalde Hatayl\u0131 milletvekillerimizi de burada birlik i\u00e7inde g\u00f6rmek ayr\u0131 memnuniyet verici bir durum. Hepsine te\u015fekk\u00fcr ediyoruz.&#8221; ifadesini kulland\u0131.<\/p>\n<h3>\u00a0&#8220;Hatay&#8217;a \u00e7ok \u00f6zel bir \u00f6nem veriyoruz&#8221;<\/h3>\n<p>Bolat, Hatay&#8217;\u0131n can kayb\u0131, y\u0131k\u0131lan ya da y\u0131k\u0131lacak binalar noktas\u0131nda neredeyse deprem felaketinin yar\u0131s\u0131n\u0131n ger\u00e7ekle\u015fti\u011fi yer oldu\u011funu vurgulayarak, &#8220;O y\u00fczden Hatay&#8217;a \u00e7ok \u00f6zel bir \u00f6nem veriyoruz. \u00c7al\u0131\u015fmalar ve ayr\u0131lan kaynaklar noktas\u0131nda Hatay&#8217;\u0131n bir an \u00f6nce eski g\u00fczel g\u00fcnlerine, hatta eskisinden daha g\u00fczel bir \u015fehircilik ve modern \u015fehir konumuna gelmesi i\u00e7in canla ba\u015fla bir \u00e7al\u0131\u015fma i\u00e7indeyiz.&#8221; dedi.<\/p>\n<p>Depremin 3. haftas\u0131ndan itibaren kal\u0131c\u0131 konutlarla ilgili rezerv alanlar\u0131n tespiti ve temel atma \u00e7al\u0131\u015fmalar\u0131 yap\u0131ld\u0131\u011f\u0131n\u0131 hat\u0131rlatan Bolat, \u015f\u00f6yle konu\u015ftu:<\/p>\n<p>&#8220;Ba\u015fta hastaneler olmak \u00fczere ge\u00e7ici ve kal\u0131c\u0131 yat\u0131r\u0131mlar yap\u0131ld\u0131, baz\u0131lar\u0131 hizmete girdi. 810 bin ba\u011f\u0131ms\u0131z b\u00f6l\u00fcm yap\u0131lmas\u0131 gerekiyor. Bu y\u0131l i\u00e7inde 319 bin ba\u011f\u0131ms\u0131z b\u00f6l\u00fcm\u00fcn teslim edilmesi \u00e7al\u0131\u015fmalar\u0131 b\u00fct\u00fcn h\u0131z\u0131yla devam ediyor. H\u00fck\u00fcmet iki ay \u00f6nce g\u00f6reve ba\u015flad\u0131ktan sonra yeni bir y\u00f6ntem olarak \u00c7evre, \u015eehircilik ve \u0130klim De\u011fi\u015fikli\u011fi Bakanl\u0131\u011f\u0131m\u0131z\u0131n \u00e7al\u0131\u015fmalar\u0131yla yerinde d\u00f6n\u00fc\u015f\u00fcm projesi de ba\u015flatarak, TOK\u0130&#8217;nin koordinasyonunda vatanda\u015flar\u0131m\u0131z\u0131n kendi yerlerini yapmas\u0131yla alakal\u0131 yeni bir model de geli\u015ftirdi. Bu model \u00e7er\u00e7evesinde b\u00fcy\u00fckl\u00fc\u011f\u00fcne g\u00f6re, konutlar i\u00e7in 500 bin lira hibe ve 500 bin lira ile 800 bin lira aras\u0131nda 2 y\u0131l\u0131 \u00f6demesiz 10 y\u0131l vadeli faizsiz kredi&#8230; \u0130\u015f yerleri i\u00e7inde de 250 bin lira hibe ve 250 bin lira ile 500 bin lira aras\u0131nda yine faizsiz kredi uygulamas\u0131 ba\u015flat\u0131ld\u0131. G\u00f6rd\u00fck ki vatanda\u015flar\u0131m\u0131z bu modeli de benimsemi\u015fler. Yakla\u015f\u0131k 10 g\u00fcn i\u00e7inde 150 bine yakla\u015fan ba\u015fvuru yap\u0131ld\u0131.&#8221;<\/p>\n<p>Bu modelle \u00e7al\u0131\u015fmalar\u0131n h\u0131zland\u0131r\u0131laca\u011f\u0131n\u0131 vurgulayan Bolat, projenin depremin maliyetlerinin biraz daha d\u00fc\u015f\u00fcr\u00fclmesi noktas\u0131nda \u00f6nemli ad\u0131m olaca\u011f\u0131n\u0131 aktard\u0131.<\/p>\n<h3>Depremzede esnafa y\u00f6nelik \u00e7al\u0131\u015fmalar<\/h3>\n<p>Bakan Bolat, Ticaret Bakanl\u0131\u011f\u0131 olarak depremzede esnafa y\u00f6nelik \u00e7al\u0131\u015fmalar\u0131 anlatarak, &#8220;Kredi geri \u00f6demeleri en az 6 ay uzat\u0131lm\u0131\u015ft\u0131. \u015eimdi h\u00fck\u00fcmetimiz yeni olarak bu kredi borcu geri \u00f6demelerini bir 6 ay daha uzatma karar\u0131 ald\u0131.&#8221; ifadesini kulland\u0131.<\/p>\n<p>Hatay&#8217;da 3 bin 836 esnaf ve sanatkara kulland\u0131r\u0131lan deprem destek kredisinin yakla\u015f\u0131k 1 milyar lira oldu\u011funu dile getiren Bolat, &#8220;Bu noktada ayr\u0131ca 5 bin 984 esnaf ve sanatkara y\u00fczde 50 ile y\u00fczde 100 hazine faiz destekli i\u015fletme ve yat\u0131r\u0131m kredilerinin toplam\u0131 da 2 milyar 107 milyon liraya ula\u015fm\u0131\u015ft\u0131r. Bunun yan\u0131nda konteynerlerin yurt d\u0131\u015f\u0131ndan getirilmesinde hem g\u00fcmr\u00fck vergileri kald\u0131r\u0131lm\u0131\u015ft\u0131r hem g\u00fcmr\u00fcklerden ge\u00e7i\u015fi \u00e7ok h\u0131zl\u0131 bir \u015fekilde yap\u0131lm\u0131\u015ft\u0131r.&#8221; diye konu\u015ftu.<\/p>\n<p>Bakan Bolat, \u0130skenderun Liman\u0131&#8217;n\u0131n en k\u0131sa s\u00fcrede tam kapasiteyle hizmete ula\u015ft\u0131r\u0131lmas\u0131 noktas\u0131nda liman yetkililerinden s\u00f6z ald\u0131klar\u0131n\u0131 belirterek, &#8220;\u0130skenderun Liman\u0131 tam kapasite \u00e7al\u0131\u015fmaya ba\u015flad\u0131\u011f\u0131nda Hatay&#8217;\u0131n, \u0130skenderun&#8217;un ekonomisine \u00f6nemli katk\u0131 sa\u011flayacak. Bu anlamda ihracat\u0131m\u0131z a\u00e7\u0131s\u0131ndan da tabii olumsuz etkiler al\u0131yoruz ama limandaki hasar\u0131n da olduk\u00e7a b\u00fcy\u00fck oldu\u011funu da g\u00f6zlemledik.&#8221; diye konu\u015ftu.<\/p>\n<h3>&#8220;\u00c7al\u0131\u015fmalarla \u00f6n\u00fcm\u00fczdeki y\u0131l bu kay\u0131p d\u00f6nemi a\u015faca\u011f\u0131z&#8221;<\/h3>\n<p>Hatay&#8217;\u0131n ana metal sanayi, tekstil ve tar\u0131m sekt\u00f6rlerinde \u00f6ne \u00e7\u0131kt\u0131\u011f\u0131n\u0131 belirten Bakan Bolat, kentin ihracatta da olduk\u00e7a ba\u015far\u0131l\u0131 bir performans g\u00f6sterdi\u011fini kaydetti.<\/p>\n<p>Kentten 2022&#8217;de 4 milyar 100 milyon dolarl\u0131k ihracat yap\u0131ld\u0131\u011f\u0131n\u0131 dile getiren Bolat, &#8220;Hatay&#8217;\u0131n 2023&#8217;\u00fcn ocak-temmuz d\u00f6neminde ihracat\u0131n\u0131n y\u00fczde 41 azald\u0131\u011f\u0131n\u0131 g\u00f6r\u00fcyoruz. 1,5 milyar dolara geriledi. Bu tabii anla\u015f\u0131labilir bir durum. \u00c7al\u0131\u015fmalarla \u00f6n\u00fcm\u00fczdeki y\u0131l bu kay\u0131p d\u00f6nemi a\u015faca\u011f\u0131z. Hatay ve deprem b\u00f6lgesindeki di\u011fer illerimiz eski parlak g\u00fcnlerine kavu\u015facak.&#8221; \u015feklinde konu\u015ftu.<\/p>\n<p>Hatay&#8217;daki kay\u0131tl\u0131 esnaf ve ticari i\u015fletmelerinin say\u0131lar\u0131 hakk\u0131nda bilgi veren Bakan Bolat, \u015fu de\u011ferlendirmede bulundu:<\/p>\n<p>&#8220;Hatay i\u00e7in Ticaret Bakanl\u0131\u011f\u0131n\u0131n yapt\u0131\u011f\u0131 bir \u00e7al\u0131\u015fma sonucunda esnaf, tacir i\u015fletmelerinin mal ve m\u00fclk kayb\u0131 olarak 137 milyarl\u0131k bir kay\u0131p tespiti yapm\u0131\u015ft\u0131k. Bu anlamda bak\u0131ld\u0131\u011f\u0131nda depremden etkilenen 11 il aras\u0131nda toplam mal ve m\u00fclk kayb\u0131n\u0131n y\u00fczde 40&#8217;\u0131n\u0131n Hatay&#8217;da oldu\u011fu tahmin edilmektedir. Esnaf ve Sanatkarlar Kredi Kefalet Kooperatifleri arac\u0131l\u0131\u011f\u0131yla yakla\u015f\u0131k 2 milyar 106 milyon tutar\u0131nda y\u00fczde 50, y\u00fczde 100 faiz indirimli kredi kulland\u0131r\u0131lm\u0131\u015f durumdad\u0131r.&#8221;<\/p>\n<p>Bolat, kent esnaf\u0131 i\u00e7in kredi tahsisiyle ilgili bilgi vererek, &#8220;Bug\u00fcn itibar\u0131yla Bakanl\u0131\u011f\u0131m\u0131z\u0131n giri\u015fimiyle Hatay&#8217;da esnaf\u0131m\u0131z i\u00e7in 60 milyon liral\u0131k kredi tahsisi sa\u011flanm\u0131\u015f durumdad\u0131r.&#8221; dedi.<\/p>\n<p>Toplant\u0131 daha sonra bas\u0131na kapal\u0131 devam etti.<\/p>\n<p>                            <span class=\"detay-foto-editor\">&#13;<br \/>\n                                <a href=\"https:\/\/www.aa.com.tr\/tr\/p\/abonelik-talep-formu\/1001\" target=\"_blank\" style=\"font-size:12px; color:#444; text-decoration:none;\" rel=\"noopener\">&#13;<br \/>\n                                    Anadolu Ajans\u0131 web sitesinde, AA Haber Ak\u0131\u015f Sistemi (HAS) \u00fczerinden abonelere sunulan haberler, \u00f6zetlenerek yay\u0131mlanmaktad\u0131r. <b style=\"color:#1897F7\">Abonelik i\u00e7in l\u00fctfen ileti\u015fime ge\u00e7iniz.<\/b>&#13;<br \/>\n                                <\/a>&#13;<br \/>\n                            <\/span>\n                        <\/div>\n<p><script>\n\t  window.fbAsyncInit = function() {\n\t\tFB.init({\n\t\t  appId: '1855843514662870',\n\t\t  status : true, \/\/ check login status\n\t\t  cookie : true, \/\/ enable cookies to allow the server to access the session\n\t\t  xfbml  : true  \/\/ parse XFBML\n\t\t});\n\t  };<\/p>\n<p>\t  (function() {\n\t\tvar e = document.createElement('script');\n\t\te.src=\"https:\/\/connect.facebook.net\/tr_TR\/all.js\";\n\t\te.async = true;\n\t\tdocument.getElementById('fb-root').appendChild(e);\n\t  }());\n    <\/script><br \/>\n<br \/><br \/>\n<br \/><a href=\"https:\/\/www.aa.com.tr\/tr\/ekonomi\/ticaret-bakani-bolat-hatayin-eskisinden-daha-guzel-bir-modern-sehir-konumuna-gelmesi-icin-canla-basla-calisiyoruz\/2961429\">Source link <\/a><\/p>\n","protected":false},"excerpt":{"rendered":"<p>Ticaret Bakan\u0131 \u00d6mer Bolat, Afet Koordinasyon Merkezi&#8217;nde Vali Mustafa Masatl\u0131 ve di\u011fer yetkililerle g\u00f6r\u00fc\u015ferek, kentteki \u00e7al\u0131\u015fmalar hakk\u0131nda bilgi ald\u0131. Daha sonra a\u00e7\u0131klamada bulunan Bolat, Kahramanmara\u015f merkezli 11 ilin etkilendi\u011fi depremin \u00fcst\u00fcnden 6 ay ge\u00e7ti\u011fini an\u0131msatt\u0131. Cumhurba\u015fkan\u0131 Recep Tayyip Erdo\u011fan&#8217;\u0131n koordinasyonunda depremin ilk saatlerinden itibaren 11 \u015fehirde \u00e7al\u0131\u015fmalar y\u00fcr\u00fct\u00fcld\u00fc\u011f\u00fcn\u00fc aktaran Bolat, deprem sonras\u0131 her kesimin g\u00fczel [&hellip;]<\/p>\n","protected":false},"author":1,"featured_media":11183,"comment_status":"","ping_status":"","sticky":false,"template":"","format":"standard","meta":[],"categories":[44],"tags":[],"_links":{"self":[{"href":"https:\/\/kraios.app\/news\/wp-json\/wp\/v2\/posts\/11182"}],"collection":[{"href":"https:\/\/kraios.app\/news\/wp-json\/wp\/v2\/posts"}],"about":[{"href":"https:\/\/kraios.app\/news\/wp-json\/wp\/v2\/types\/post"}],"author":[{"embeddable":true,"href":"https:\/\/kraios.app\/news\/wp-json\/wp\/v2\/users\/1"}],"replies":[{"embeddable":true,"href":"https:\/\/kraios.app\/news\/wp-json\/wp\/v2\/comments?post=11182"}],"version-history":[{"count":0,"href":"https:\/\/kraios.app\/news\/wp-json\/wp\/v2\/posts\/11182\/revisions"}],"wp:featuredmedia":[{"embeddable":true,"href":"https:\/\/kraios.app\/news\/wp-json\/wp\/v2\/media\/11183"}],"wp:attachment":[{"href":"https:\/\/kraios.app\/news\/wp-json\/wp\/v2\/media?parent=11182"}],"wp:term":[{"taxonomy":"category","embeddable":true,"href":"https:\/\/kraios.app\/news\/wp-json\/wp\/v2\/categories?post=11182"},{"taxonomy":"post_tag","embeddable":true,"href":"https:\/\/kraios.app\/news\/wp-json\/wp\/v2\/tags?post=11182"}],"curies":[{"name":"wp","href":"https:\/\/api.w.org\/{rel}","templated":true}]}}