{"id":11178,"date":"2023-08-05T04:09:44","date_gmt":"2023-08-05T04:09:44","guid":{"rendered":"https:\/\/kraios.app\/news\/yasam\/2023\/08\/05\/turk-kadin-akrobasi-pilotu-ay-yildizli-bayragi-almanyada-dalgalandiracak\/"},"modified":"2023-08-05T04:09:44","modified_gmt":"2023-08-05T04:09:44","slug":"turk-kadin-akrobasi-pilotu-ay-yildizli-bayragi-almanyada-dalgalandiracak","status":"publish","type":"post","link":"https:\/\/kraios.app\/news\/yasam\/2023\/08\/05\/turk-kadin-akrobasi-pilotu-ay-yildizli-bayragi-almanyada-dalgalandiracak\/","title":{"rendered":"T\u00fcrk kad\u0131n akrobasi pilotu ay y\u0131ld\u0131zl\u0131 bayra\u011f\u0131 Almanya&#8217;da dalgaland\u0131racak"},"content":{"rendered":"<p><\/p>\n<div>\n<p>Eski\u015fehir&#8217;in Sivrihisar il\u00e7esindeki Sivrihisar Havac\u0131l\u0131k Merkezi Necati Artan Tesisleri&#8217;nin kurucular\u0131ndan T\u00fcrkiye&#8217;nin ilk profesyonel akrobasi pilotu olan babas\u0131 Ali \u0130smet \u00d6zt\u00fcrk&#8217;\u00fcn izinden giden \u015eener&#8217;in u\u00e7u\u015f ser\u00fcveni, 12 ya\u015f\u0131ndayken onunla yapt\u0131\u011f\u0131 ilk g\u00f6steriyle ba\u015flad\u0131.<\/p>\n<p>\u0130zleyici \u00f6n\u00fcndeki ilk u\u00e7u\u015funu 19 Eyl\u00fcl 2015&#8217;te ger\u00e7ekle\u015ftiren \u015eener, 360 beygir g\u00fcc\u00fcndeki &#8220;Pitts S2-B&#8221; u\u00e7a\u011f\u0131yla yurt i\u00e7inde 30&#8217;u a\u015fk\u0131n g\u00f6steri sundu.<\/p>\n<p>Gen\u00e7 pilot, 2018&#8217;de Romanya&#8217;da d\u00fczenlenen ve bir\u00e7ok \u00fclkeden 35 akrobasi u\u00e7a\u011f\u0131n\u0131n kat\u0131ld\u0131\u011f\u0131 Aeromania Havac\u0131l\u0131k Festivali&#8217;nde de g\u00f6ky\u00fcz\u00fcn\u00fc renklendirdi.<\/p>\n<p>K\u00fc\u00e7\u00fckken kurdu\u011fu &#8220;T\u00fcrkiye&#8217;yi yurt d\u0131\u015f\u0131nda temsil etme&#8221; hayalini ger\u00e7e\u011fe d\u00f6n\u00fc\u015ft\u00fcren Semin \u00d6zt\u00fcrk \u015eener, Almanya&#8217;n\u0131n do\u011fusunda yer alan Saksonya eyaletine ba\u011fl\u0131 Bautzen kentinde 12-13 A\u011fustos&#8217;ta yap\u0131lacak hava g\u00f6sterisinde T\u00fcrkiye&#8217;ye temsil edecek. \u015eener, bu etkinli\u011fe kat\u0131lan ilk T\u00fcrk pilot olacak.<\/p>\n<p><img decoding=\"async\" alt=\"\" src=\"https:\/\/www.aa.com.tr\/uploads\/userFiles\/76bad36d-1411-48e8-a1ae-b65e58872c06\/01.05%2F14%2F10%2F20230804_2_59770078_91610489.jpg\"\/><br \/><em>Foto\u011fraf:\u00a0Mustafa Murat Kaynak\/AA<\/em><\/p>\n<h3>Babas\u0131n\u0131n daha \u00f6nce kulland\u0131\u011f\u0131 u\u00e7akla g\u00f6steri sunacak<\/h3>\n<p>Semin \u00d6zt\u00fcrk \u015eener, AA muhabirine, Cumhuriyetin 100&#8217;\u00fcnc\u00fc y\u0131l\u0131nda ana sponsoru ACT Havayollar\u0131 ile bu sene T\u00fcrk bayra\u011f\u0131n\u0131 Almanya&#8217;da dalgaland\u0131raca\u011f\u0131n\u0131 s\u00f6yledi.<\/p>\n<p>Bautzen&#8217;deki etkinli\u011fin, Saksonya&#8217;n\u0131n en b\u00fcy\u00fck hava g\u00f6sterisi olarak bilindi\u011fini belirten \u015eener, s\u00f6zlerini \u015f\u00f6yle s\u00fcrd\u00fcrd\u00fc:<\/p>\n<p>&#8220;B\u00f6ylesine k\u00f6kl\u00fc ve b\u00fcy\u00fck bir hava g\u00f6sterisinde T\u00fcrk kad\u0131n\u0131 olarak yer almaktan dolay\u0131 \u00e7ok heyecanl\u0131y\u0131m. B\u00fct\u00fcn haz\u0131rl\u0131klar\u0131m\u0131z\u0131 tamamlad\u0131k. Kat\u0131laca\u011f\u0131m\u0131z g\u00fcn\u00fc bekliyoruz. Daha \u00f6nce Romanya&#8217;da bir g\u00f6steri sunmu\u015ftum. Kovid-19 salg\u0131n\u0131 nedeniyle yurt d\u0131\u015f\u0131 g\u00f6sterilerini ara vermi\u015ftim ancak bu y\u0131l yeniden yurt d\u0131\u015f\u0131nda g\u00f6steri yapaca\u011f\u0131m. T\u00fcrk kad\u0131n\u0131n\u0131 yurt d\u0131\u015f\u0131nda temsil etmek bana g\u00fc\u00e7 veriyor. \u00dclkemi Almanya&#8217;da temsil edecek olmak da beni heyecanland\u0131r\u0131yor ve bundan gurur duyuyorum.&#8221;<\/p>\n<p>\u015eener, Bautzen Hava G\u00f6sterisi&#8217;ne eski ad\u0131 &#8220;Mor Menek\u015fe&#8221; olan u\u00e7akla kat\u0131laca\u011f\u0131n\u0131, daha \u00f6nce babas\u0131 Ali \u0130smet \u00d6zt\u00fcrk&#8217;\u00fcn kulland\u0131\u011f\u0131 bu u\u00e7a\u011f\u0131n 22 \u00fclkede 500&#8217;den fazla hava g\u00f6sterisinde yer ald\u0131\u011f\u0131n\u0131 aktard\u0131.<\/p>\n<p><img decoding=\"async\" alt=\"\" src=\"https:\/\/www.aa.com.tr\/uploads\/userFiles\/76bad36d-1411-48e8-a1ae-b65e58872c06\/01.05%2F14%2F10%2F20230804_2_59770078_91610488.jpg\"\/><\/p>\n<p>&#8220;Yeni Menek\u015fe&#8221;nin kendisinden daha tecr\u00fcbeli oldu\u011funu dile getiren \u015eener, &#8220;25 milyondan fazla seyirci bu u\u00e7a\u011f\u0131 izleme f\u0131rsat\u0131 buldu. B\u00f6yle \u00f6zel bir u\u00e7akla yurt d\u0131\u015f\u0131nda ilk kez bir etkinli\u011fe kat\u0131lmaktan ayr\u0131 bir heyecan duyuyorum.&#8221; dedi.<\/p>\n<p>Semin \u00d6zt\u00fcrk \u015eener, 16-17 Eyl\u00fcl&#8217;de Eski\u015fehir&#8217;de ger\u00e7ekle\u015ftirilecek Sivrihisar Hava G\u00f6sterisi&#8217;nde de yer alaca\u011f\u0131n\u0131, haz\u0131rl\u0131klar\u0131n\u0131 tamamlad\u0131klar\u0131 etkinlik i\u00e7in herkesi Sivrihisar&#8217;a beklediklerini s\u00f6zlerine ekledi.<\/p>\n<p>                            <span class=\"detay-foto-editor\">&#13;<br \/>\n                                <a href=\"https:\/\/www.aa.com.tr\/tr\/p\/abonelik-talep-formu\/1001\" target=\"_blank\" style=\"font-size:12px; color:#444; text-decoration:none;\" rel=\"noopener\">&#13;<br \/>\n                                    Anadolu Ajans\u0131 web sitesinde, AA Haber Ak\u0131\u015f Sistemi (HAS) \u00fczerinden abonelere sunulan haberler, \u00f6zetlenerek yay\u0131mlanmaktad\u0131r. <b style=\"color:#1897F7\">Abonelik i\u00e7in l\u00fctfen ileti\u015fime ge\u00e7iniz.<\/b>&#13;<br \/>\n                                <\/a>&#13;<br \/>\n                            <\/span>\n                        <\/div>\n<p><script>\n\t  window.fbAsyncInit = function() {\n\t\tFB.init({\n\t\t  appId: '1855843514662870',\n\t\t  status : true, \/\/ check login status\n\t\t  cookie : true, \/\/ enable cookies to allow the server to access the session\n\t\t  xfbml  : true  \/\/ parse XFBML\n\t\t});\n\t  };<\/p>\n<p>\t  (function() {\n\t\tvar e = document.createElement('script');\n\t\te.src=\"https:\/\/connect.facebook.net\/tr_TR\/all.js\";\n\t\te.async = true;\n\t\tdocument.getElementById('fb-root').appendChild(e);\n\t  }());\n    <\/script><\/p>\n","protected":false},"excerpt":{"rendered":"<p>Eski\u015fehir&#8217;in Sivrihisar il\u00e7esindeki Sivrihisar Havac\u0131l\u0131k Merkezi Necati Artan Tesisleri&#8217;nin kurucular\u0131ndan T\u00fcrkiye&#8217;nin ilk profesyonel akrobasi pilotu olan babas\u0131 Ali \u0130smet \u00d6zt\u00fcrk&#8217;\u00fcn izinden giden \u015eener&#8217;in u\u00e7u\u015f ser\u00fcveni, 12 ya\u015f\u0131ndayken onunla yapt\u0131\u011f\u0131 ilk g\u00f6steriyle ba\u015flad\u0131. \u0130zleyici \u00f6n\u00fcndeki ilk u\u00e7u\u015funu 19 Eyl\u00fcl 2015&#8217;te ger\u00e7ekle\u015ftiren \u015eener, 360 beygir g\u00fcc\u00fcndeki &#8220;Pitts S2-B&#8221; u\u00e7a\u011f\u0131yla yurt i\u00e7inde 30&#8217;u a\u015fk\u0131n g\u00f6steri sundu. Gen\u00e7 pilot, [&hellip;]<\/p>\n","protected":false},"author":1,"featured_media":11179,"comment_status":"","ping_status":"","sticky":false,"template":"","format":"standard","meta":[],"categories":[50],"tags":[],"_links":{"self":[{"href":"https:\/\/kraios.app\/news\/wp-json\/wp\/v2\/posts\/11178"}],"collection":[{"href":"https:\/\/kraios.app\/news\/wp-json\/wp\/v2\/posts"}],"about":[{"href":"https:\/\/kraios.app\/news\/wp-json\/wp\/v2\/types\/post"}],"author":[{"embeddable":true,"href":"https:\/\/kraios.app\/news\/wp-json\/wp\/v2\/users\/1"}],"replies":[{"embeddable":true,"href":"https:\/\/kraios.app\/news\/wp-json\/wp\/v2\/comments?post=11178"}],"version-history":[{"count":0,"href":"https:\/\/kraios.app\/news\/wp-json\/wp\/v2\/posts\/11178\/revisions"}],"wp:featuredmedia":[{"embeddable":true,"href":"https:\/\/kraios.app\/news\/wp-json\/wp\/v2\/media\/11179"}],"wp:attachment":[{"href":"https:\/\/kraios.app\/news\/wp-json\/wp\/v2\/media?parent=11178"}],"wp:term":[{"taxonomy":"category","embeddable":true,"href":"https:\/\/kraios.app\/news\/wp-json\/wp\/v2\/categories?post=11178"},{"taxonomy":"post_tag","embeddable":true,"href":"https:\/\/kraios.app\/news\/wp-json\/wp\/v2\/tags?post=11178"}],"curies":[{"name":"wp","href":"https:\/\/api.w.org\/{rel}","templated":true}]}}