{"id":11170,"date":"2023-08-05T01:20:15","date_gmt":"2023-08-05T01:20:15","guid":{"rendered":"https:\/\/kraios.app\/news\/spor\/2023\/08\/05\/bakan-osman-askin-bak-sohretler-macinda-sahaya-cikti\/"},"modified":"2023-08-05T01:20:15","modified_gmt":"2023-08-05T01:20:15","slug":"bakan-osman-askin-bak-sohretler-macinda-sahaya-cikti","status":"publish","type":"post","link":"https:\/\/kraios.app\/news\/spor\/2023\/08\/05\/bakan-osman-askin-bak-sohretler-macinda-sahaya-cikti\/","title":{"rendered":"Bakan Osman A\u015fk\u0131n Bak, \u015f\u00f6hretler ma\u00e7\u0131nda sahaya \u00e7\u0131kt\u0131"},"content":{"rendered":"<p><\/p>\n<div>\n<p>Mahmutbey Stadyumu&#8217;nda ger\u00e7ekle\u015fen <strong>\u015f\u00f6hretler ma\u00e7\u0131nda<\/strong> sar\u0131 kart yerine ye\u015fil kart kullan\u0131ld\u0131. Ma\u00e7ta ye\u015fil kart g\u00f6renler Ye\u015filay&#8217;a ba\u011f\u0131\u015fta bulunurken, k\u0131rm\u0131z\u0131 kart g\u00f6renler ise K\u0131z\u0131lay&#8217;a kan ba\u011f\u0131\u015f\u0131 yapt\u0131.<\/p>\n<p>Eski hakemlerden Orhan Erdemir&#8217;in y\u00f6netti\u011fi m\u00fccadelede k\u0131rm\u0131z\u0131 tak\u0131mda Ali Tando\u011fan, B\u00fclent Ak\u0131n, Hasan Kabze, Ahmet Dursun, Saffet Aky\u00fcz, \u0130brahima Yattara ve Emrah Eren forma giyerken, ye\u015fil tak\u0131mda ise Gen\u00e7lik ve Spor Bakan\u0131 <strong>Osman A\u015fk\u0131n Bak<\/strong>, Ba\u011fc\u0131lar Belediye Ba\u015fkan\u0131 Abdullah \u00d6zdemir, AK Parti \u0130stanbul \u0130l Ba\u015fkan\u0131 Osman Nuri Kabaktepe, Ba\u011fc\u0131lar Kaymakam\u0131 Abdullah U\u00e7gun, Kaan \u015eahin ve R\u00fcstem T\u00fcys\u00fcz yer ald\u0131.<\/p>\n<h3>Bakan Bak: &#8220;D\u00fcnyan\u0131n en \u00f6nemli tesislerine sahibiz&#8221;<\/h3>\n<p>\u015e\u00f6hretler ma\u00e7\u0131 \u00f6ncesinde bas\u0131n mensuplar\u0131na a\u00e7\u0131klamalarda bulunan Gen\u00e7lik ve Spor Bakan\u0131 Osman A\u015fk\u0131n Bak, Ba\u011fc\u0131lar Belediyesinin b\u00fcnyesinde 6 bin \u00f6\u011frencinin yaz okullar\u0131nda spor yapt\u0131\u011f\u0131n\u0131 vurgulad\u0131.<\/p>\n<p>Bakanl\u0131k olarak T\u00fcrkiye genelindeki yaz okullar\u0131n\u0131n faaliyet g\u00f6sterdi\u011finin alt\u0131n\u0131 \u00e7izen Bakan Bak, \u015f\u00f6yle devam etti:<\/p>\n<p>&#8220;A\u00e7\u0131k y\u00fczme havuzlar\u0131m\u0131zda bu y\u0131l 3 milyona yak\u0131n vatanda\u015f\u0131m\u0131za y\u00fczme \u00f6\u011fretmeyi planl\u0131yoruz. Bu zamana kadar 7,5 milyona yak\u0131n ki\u015fiye \u00f6\u011frettik. Bizim amac\u0131m\u0131z gen\u00e7leri ba\u015fta uyu\u015fturucu olmak \u00fczere k\u00f6t\u00fc al\u0131\u015fkanl\u0131klardan uzak tutmak. Spor ortak bir dil. Say\u0131n Cumhurba\u015fkan\u0131m\u0131z\u0131n \u00f6nderli\u011finde T\u00fcrkiye&#8217;nin d\u00f6rt bir yan\u0131nda tesislerimiz yap\u0131ld\u0131. Bunlar \u00f6nemli yat\u0131r\u0131mlar. Sporun her ya\u015fa yay\u0131lmas\u0131n\u0131 istiyoruz. D\u00fcnyan\u0131n en \u00f6nemli tesislerine sahibiz. B\u00f6ylesine g\u00fc\u00e7l\u00fc spor altyap\u0131m\u0131z var. Her ge\u00e7en g\u00fcn madalya say\u0131m\u0131z art\u0131yor. Bug\u00fcn de g\u00fczel bir ma\u00e7 olacak. Rakibimiz g\u00fc\u00e7l\u00fc. Benim sakatl\u0131\u011f\u0131m var, birka\u00e7 hareket yap\u0131p \u00e7\u0131kaca\u011f\u0131m. Sonraki hareketlerimi takip edersiniz.&#8221;<\/p>\n<p>Yaz okullar\u0131nda 6 bin \u00f6\u011frenciye hizmet verdiklerini a\u00e7\u0131klayan Ba\u011fc\u0131lar Belediye Ba\u015fkan\u0131 Abdullah \u00d6zdemir de Bakanl\u0131\u011f\u0131n her zaman kendilerine destek verdi\u011fini, \u00e7ok daha g\u00fczel i\u015flere birlikte imza atacaklar\u0131n\u0131 belirtti.<\/p>\n<p>AK Parti \u0130stanbul \u0130l Ba\u015fkan\u0131 Osman Nuri Kabaktepe de, S\u00fcper Lig ba\u015flamadan lig tad\u0131nda bir ma\u00e7 izletmek istediklerini s\u00f6yledi.<\/p>\n<p>\u015e\u00f6hretler ma\u00e7\u0131n\u0131 yaz okullar\u0131nda e\u011fitim g\u00f6ren \u00f6\u011frenciler trib\u00fcnden takip etti.<\/p>\n<p>                            <span class=\"detay-foto-editor\">&#13;<br \/>\n                                <a href=\"https:\/\/www.aa.com.tr\/tr\/p\/abonelik-talep-formu\/1001\" target=\"_blank\" style=\"font-size:12px; color:#444; text-decoration:none;\" rel=\"noopener\">&#13;<br \/>\n                                    Anadolu Ajans\u0131 web sitesinde, AA Haber Ak\u0131\u015f Sistemi (HAS) \u00fczerinden abonelere sunulan haberler, \u00f6zetlenerek yay\u0131mlanmaktad\u0131r. <b style=\"color:#1897F7\">Abonelik i\u00e7in l\u00fctfen ileti\u015fime ge\u00e7iniz.<\/b>&#13;<br \/>\n                                <\/a>&#13;<br \/>\n                            <\/span>\n                        <\/div>\n<p><script>\n\t  window.fbAsyncInit = function() {\n\t\tFB.init({\n\t\t  appId: '1855843514662870',\n\t\t  status : true, \/\/ check login status\n\t\t  cookie : true, \/\/ enable cookies to allow the server to access the session\n\t\t  xfbml  : true  \/\/ parse XFBML\n\t\t});\n\t  };<\/p>\n<p>\t  (function() {\n\t\tvar e = document.createElement('script');\n\t\te.src=\"https:\/\/connect.facebook.net\/tr_TR\/all.js\";\n\t\te.async = true;\n\t\tdocument.getElementById('fb-root').appendChild(e);\n\t  }());\n    <\/script><\/p>\n","protected":false},"excerpt":{"rendered":"<p>Mahmutbey Stadyumu&#8217;nda ger\u00e7ekle\u015fen \u015f\u00f6hretler ma\u00e7\u0131nda sar\u0131 kart yerine ye\u015fil kart kullan\u0131ld\u0131. Ma\u00e7ta ye\u015fil kart g\u00f6renler Ye\u015filay&#8217;a ba\u011f\u0131\u015fta bulunurken, k\u0131rm\u0131z\u0131 kart g\u00f6renler ise K\u0131z\u0131lay&#8217;a kan ba\u011f\u0131\u015f\u0131 yapt\u0131. Eski hakemlerden Orhan Erdemir&#8217;in y\u00f6netti\u011fi m\u00fccadelede k\u0131rm\u0131z\u0131 tak\u0131mda Ali Tando\u011fan, B\u00fclent Ak\u0131n, Hasan Kabze, Ahmet Dursun, Saffet Aky\u00fcz, \u0130brahima Yattara ve Emrah Eren forma giyerken, ye\u015fil tak\u0131mda ise Gen\u00e7lik [&hellip;]<\/p>\n","protected":false},"author":1,"featured_media":11171,"comment_status":"","ping_status":"","sticky":false,"template":"","format":"standard","meta":[],"categories":[48],"tags":[],"_links":{"self":[{"href":"https:\/\/kraios.app\/news\/wp-json\/wp\/v2\/posts\/11170"}],"collection":[{"href":"https:\/\/kraios.app\/news\/wp-json\/wp\/v2\/posts"}],"about":[{"href":"https:\/\/kraios.app\/news\/wp-json\/wp\/v2\/types\/post"}],"author":[{"embeddable":true,"href":"https:\/\/kraios.app\/news\/wp-json\/wp\/v2\/users\/1"}],"replies":[{"embeddable":true,"href":"https:\/\/kraios.app\/news\/wp-json\/wp\/v2\/comments?post=11170"}],"version-history":[{"count":0,"href":"https:\/\/kraios.app\/news\/wp-json\/wp\/v2\/posts\/11170\/revisions"}],"wp:featuredmedia":[{"embeddable":true,"href":"https:\/\/kraios.app\/news\/wp-json\/wp\/v2\/media\/11171"}],"wp:attachment":[{"href":"https:\/\/kraios.app\/news\/wp-json\/wp\/v2\/media?parent=11170"}],"wp:term":[{"taxonomy":"category","embeddable":true,"href":"https:\/\/kraios.app\/news\/wp-json\/wp\/v2\/categories?post=11170"},{"taxonomy":"post_tag","embeddable":true,"href":"https:\/\/kraios.app\/news\/wp-json\/wp\/v2\/tags?post=11170"}],"curies":[{"name":"wp","href":"https:\/\/api.w.org\/{rel}","templated":true}]}}