{"id":11154,"date":"2023-08-04T18:20:07","date_gmt":"2023-08-04T18:20:07","guid":{"rendered":"https:\/\/kraios.app\/news\/yasam\/2023\/08\/04\/burdurdan-gonderilen-lavanta-fideleri-turkiyenin-bahcelerini-mora-boyuyor\/"},"modified":"2023-08-04T18:20:07","modified_gmt":"2023-08-04T18:20:07","slug":"burdurdan-gonderilen-lavanta-fideleri-turkiyenin-bahcelerini-mora-boyuyor","status":"publish","type":"post","link":"https:\/\/kraios.app\/news\/yasam\/2023\/08\/04\/burdurdan-gonderilen-lavanta-fideleri-turkiyenin-bahcelerini-mora-boyuyor\/","title":{"rendered":"Burdur&#8217;dan g\u00f6nderilen lavanta fideleri T\u00fcrkiye&#8217;nin bah\u00e7elerini mora boyuyor"},"content":{"rendered":"<p><\/p>\n<div>\n<p>Son y\u0131llarda Marmara, \u0130\u00e7 Anadolu, G\u00fcneydo\u011fu Anadolu, Ege ve Akdeniz b\u00f6lgelerinde olu\u015fturulan lavanta bah\u00e7eleri, g\u00f6rselli\u011fi ve mis kokusuyla ziyaret\u00e7ilerinin ilgisini \u00e7ekiyor.<\/p>\n<p>Ekoturizm a\u00e7\u0131s\u0131ndan da bulundu\u011fu b\u00f6lgede hareketlili\u011fi art\u0131ran lavanta bah\u00e7elerinin b\u00fcy\u00fck b\u00f6l\u00fcm\u00fc, Burdur&#8217;da yakla\u015f\u0131k 3 bin dekarda \u00fcretilip ba\u015fka kentlere g\u00f6nderilen lavanta fidelerinden olu\u015fturuldu.<\/p>\n<p><img decoding=\"async\" alt=\"\" src=\"https:\/\/www.aa.com.tr\/uploads\/userFiles\/54a427bf-71c5-4e63-a83d-6196709e92a3\/009_2023%2F005_2023%2F28_Agustos%2F10%2F20230804_2_59771304_91612956.jpg\"\/><\/p>\n<p>\u0130thal edilen ilk ana\u00e7 lavanta fidelerinden yakla\u015f\u0131k 10 y\u0131ld\u0131r Burdur G\u00f6l\u00fc kenar\u0131ndaki kendi arazilerinde yeti\u015ftiren giri\u015fimci \u00d6zt\u00fcrk Sar\u0131ca, y\u0131ll\u0131k 10 milyonu a\u015fan fide \u00fcretimiyle \u00fclkeden lavanta alan\u0131nda d\u00f6viz \u00e7\u0131k\u0131\u015f\u0131na engel olmaya \u00e7al\u0131\u015f\u0131yor. Sar\u0131ca, 4 y\u0131ld\u0131r yurt d\u0131\u015f\u0131na da lavanta fidesi ihra\u00e7 ediyor.<\/p>\n<p>Sar\u0131ca, AA muhabirine, 2005&#8217;ten beri susuz tar\u0131m uygulamalar\u0131n\u0131 yapt\u0131klar\u0131n\u0131 ve t\u0131bbi aromatik bitkiler \u00fcrettiklerini s\u00f6yledi.<\/p>\n<p>T\u00fcrkiye&#8217;nin bir\u00e7ok kentinde Burdur&#8217;dan g\u00f6nderilen fidelerle lavanta bah\u00e7elerinin kuruldu\u011funu vurgulayan Sar\u0131ca, lavantan\u0131n g\u00f6rseliyle insan\u0131 kendine \u00e7eken bir bitki oldu\u011funu, zamanla lavantaya talebin artmas\u0131yla fide \u00fcretimine yo\u011funla\u015ft\u0131\u011f\u0131n\u0131 kaydetti.<\/p>\n<p><img decoding=\"async\" alt=\"\" src=\"https:\/\/www.aa.com.tr\/uploads\/userFiles\/54a427bf-71c5-4e63-a83d-6196709e92a3\/009_2023%2F005_2023%2F28_Agustos%2F10%2F20230804_2_59771304_91612958.jpg\"\/><\/p>\n<p>Sar\u0131ca, daha \u00f6nceden lavanta fidesi ithal etti\u011fine de\u011finerek, &#8220;\u00d6zellikle lavanta &#8216;angustifolia&#8217; denilen t\u0131bbi lavanta bitkisi tamamen yurt d\u0131\u015f\u0131nda \u00fcretiliyordu. Biz ilk ithalat\u0131 ger\u00e7ekle\u015ftirdikten sonra kendi topraklar\u0131m\u0131zda ana\u00e7 fideleri \u00fcretmek i\u00e7in \u00e7aba g\u00f6sterdik. Y\u0131lda 3 milyon fide \u00fcretimiyle ba\u015flad\u0131\u011f\u0131m\u0131z \u00e7al\u0131\u015fmalar \u015fu anda y\u0131ll\u0131k 10 milyonun \u00fczerine \u00e7\u0131km\u0131\u015f durumda.&#8221; ifadelerini kulland\u0131.<\/p>\n<h3>&#8220;Lavanta fidesi \u00fcreticili\u011fi \u00fclkemizde yayg\u0131nla\u015f\u0131yor&#8221;<\/h3>\n<p>T\u00fcrkiye&#8217;nin son y\u0131llarda bir\u00e7ok kentinden lavanta fidesi talep edildi\u011fini dile getiren Sar\u0131ca, \u015f\u00f6yle konu\u015ftu:<\/p>\n<p>&#8220;Konya, Eski\u015fehir, Ankara, Denizli, Artvin&#8217;e ve Mardin&#8217;e kadar pek \u00e7ok \u015fehrimizde bah\u00e7eler buradan giden lavanta fideleriyle mora boyanm\u0131\u015f durumda. Hatta Marmara b\u00f6lgesindeki illerimize de lavanta fidelerini biz g\u00f6nderiyoruz. Son iki y\u0131ld\u0131r T\u00fcrkiye&#8217;ye yurt d\u0131\u015f\u0131ndan ciddi bir lavanta fidesi giri\u015fi yok. Lavanta bah\u00e7elerinin yan\u0131nda lavanta fidesi \u00fcreticili\u011fi \u00fclkemizde yayg\u0131nla\u015f\u0131yor. Ciddi anlamda \u00fclkenin fide ihtiyac\u0131n\u0131n yakla\u015f\u0131k y\u00fczde 60-70&#8217;ini Burdur kar\u015f\u0131l\u0131yor. \u00d6zellikle t\u0131bbi lavanta t\u00fcrlerini art\u0131k yurt d\u0131\u015f\u0131na da g\u00f6nderiyoruz. Yurt d\u0131\u015f\u0131na bug\u00fcne kadar toplamda 6 milyona yak\u0131n fide g\u00f6nderdik.&#8221;<\/p>\n<p><img decoding=\"async\" alt=\"\" src=\"https:\/\/www.aa.com.tr\/uploads\/userFiles\/54a427bf-71c5-4e63-a83d-6196709e92a3\/009_2023%2F005_2023%2F28_Agustos%2F10%2F20230804_2_59771304_91612961.jpg\"\/><\/p>\n<h3>&#8220;Azerbaycan, \u00d6zbekistan, Kazakistan gibi \u00fclkelerden de talep oluyor&#8221;<\/h3>\n<p>Sar\u0131ca, son d\u00f6nemde T\u00fcrk Cumhuriyetleri&#8217;nden de lavanta fidesine talep oldu\u011funa i\u015faret ederek &#8220;Azerbaycan, \u00d6zbekistan, Kazakistan gibi \u00fclkelerden de talep oluyor. \u00dcretti\u011fimiz fidelerin en az y\u00fczde 30&#8217;unu kendimiz Burdur&#8217;daki bah\u00e7elere dikmeye devam ediyoruz. Burdur&#8217;da t\u0131bbi aromatik bitki alan\u0131m\u0131z 4 bin 200 dekara ula\u015ft\u0131. Lavanta dikim alan\u0131m\u0131z da g\u00f6rsel bah\u00e7elerimizle 2 bin 900 dekar civar\u0131nda.&#8221; diye konu\u015ftu.<\/p>\n<p>Son y\u0131llarda \u00fcretim art\u0131k\u00e7a kuru lavanta, lavanta ya\u011f\u0131 da ihra\u00e7 ettiklerine dikkati \u00e7eken Sar\u0131ca, lavantan\u0131n ilk dikimde su istedi\u011fini daha sonra suya ihtiyac\u0131 olmadan geli\u015fti\u011fini ve verimsiz arazilere dikilmesini tavsiye etti.<\/p>\n<p>                            <span class=\"detay-foto-editor\">&#13;<br \/>\n                                <a href=\"https:\/\/www.aa.com.tr\/tr\/p\/abonelik-talep-formu\/1001\" target=\"_blank\" style=\"font-size:12px; color:#444; text-decoration:none;\" rel=\"noopener\">&#13;<br \/>\n                                    Anadolu Ajans\u0131 web sitesinde, AA Haber Ak\u0131\u015f Sistemi (HAS) \u00fczerinden abonelere sunulan haberler, \u00f6zetlenerek yay\u0131mlanmaktad\u0131r. <b style=\"color:#1897F7\">Abonelik i\u00e7in l\u00fctfen ileti\u015fime ge\u00e7iniz.<\/b>&#13;<br \/>\n                                <\/a>&#13;<br \/>\n                            <\/span>\n                        <\/div>\n<p><script>\n\t  window.fbAsyncInit = function() {\n\t\tFB.init({\n\t\t  appId: '1855843514662870',\n\t\t  status : true, \/\/ check login status\n\t\t  cookie : true, \/\/ enable cookies to allow the server to access the session\n\t\t  xfbml  : true  \/\/ parse XFBML\n\t\t});\n\t  };<\/p>\n<p>\t  (function() {\n\t\tvar e = document.createElement('script');\n\t\te.src=\"https:\/\/connect.facebook.net\/tr_TR\/all.js\";\n\t\te.async = true;\n\t\tdocument.getElementById('fb-root').appendChild(e);\n\t  }());\n    <\/script><\/p>\n","protected":false},"excerpt":{"rendered":"<p>Son y\u0131llarda Marmara, \u0130\u00e7 Anadolu, G\u00fcneydo\u011fu Anadolu, Ege ve Akdeniz b\u00f6lgelerinde olu\u015fturulan lavanta bah\u00e7eleri, g\u00f6rselli\u011fi ve mis kokusuyla ziyaret\u00e7ilerinin ilgisini \u00e7ekiyor. Ekoturizm a\u00e7\u0131s\u0131ndan da bulundu\u011fu b\u00f6lgede hareketlili\u011fi art\u0131ran lavanta bah\u00e7elerinin b\u00fcy\u00fck b\u00f6l\u00fcm\u00fc, Burdur&#8217;da yakla\u015f\u0131k 3 bin dekarda \u00fcretilip ba\u015fka kentlere g\u00f6nderilen lavanta fidelerinden olu\u015fturuldu. \u0130thal edilen ilk ana\u00e7 lavanta fidelerinden yakla\u015f\u0131k 10 y\u0131ld\u0131r Burdur G\u00f6l\u00fc [&hellip;]<\/p>\n","protected":false},"author":1,"featured_media":11155,"comment_status":"","ping_status":"","sticky":false,"template":"","format":"standard","meta":[],"categories":[50],"tags":[],"_links":{"self":[{"href":"https:\/\/kraios.app\/news\/wp-json\/wp\/v2\/posts\/11154"}],"collection":[{"href":"https:\/\/kraios.app\/news\/wp-json\/wp\/v2\/posts"}],"about":[{"href":"https:\/\/kraios.app\/news\/wp-json\/wp\/v2\/types\/post"}],"author":[{"embeddable":true,"href":"https:\/\/kraios.app\/news\/wp-json\/wp\/v2\/users\/1"}],"replies":[{"embeddable":true,"href":"https:\/\/kraios.app\/news\/wp-json\/wp\/v2\/comments?post=11154"}],"version-history":[{"count":0,"href":"https:\/\/kraios.app\/news\/wp-json\/wp\/v2\/posts\/11154\/revisions"}],"wp:featuredmedia":[{"embeddable":true,"href":"https:\/\/kraios.app\/news\/wp-json\/wp\/v2\/media\/11155"}],"wp:attachment":[{"href":"https:\/\/kraios.app\/news\/wp-json\/wp\/v2\/media?parent=11154"}],"wp:term":[{"taxonomy":"category","embeddable":true,"href":"https:\/\/kraios.app\/news\/wp-json\/wp\/v2\/categories?post=11154"},{"taxonomy":"post_tag","embeddable":true,"href":"https:\/\/kraios.app\/news\/wp-json\/wp\/v2\/tags?post=11154"}],"curies":[{"name":"wp","href":"https:\/\/api.w.org\/{rel}","templated":true}]}}